{"id":11191,"date":"2010-06-04T17:21:06","date_gmt":"2010-06-04T15:21:06","guid":{"rendered":"http:\/\/wp.1dfh.de\/wordpress\/?p=11191"},"modified":"2010-08-11T11:18:32","modified_gmt":"2010-08-11T09:18:32","slug":"team-besenyei-presents-new-corvus-racer","status":"publish","type":"post","link":"https:\/\/wp.1dfh.de\/wordpress\/team-besenyei-presents-new-corvus-racer\/","title":{"rendered":"Team Besenyei presents new Corvus Racer"},"content":{"rendered":"<p>[media id=252 width=470 height=320]<\/p>\n<p><strong>WINDSOR, Ontario \u2013 Endlich hat das lange Warten ein Ende:  Nach zwei Jahren Wartezeit und der Freigabe durch die zivile  Luftfahrtbeh\u00f6rde Kanadas in Lachute (Quebec) zu Wochenbeginn, erhielt  Red Bull Air Race-Pilot Peter Besenyei aus Ungarn am Mittwoch die  offizielle Genehmigung des Technischen Direktors Adrian Judd, seinen  neuen Corvus Racer beim Rennen in Windsor am 5.\/6. Juni einzusetzen.<\/strong><\/p>\n<p>\u201eWir haben die Genehmigung f\u00fcr die Rennmaschine erteilt\u201c, erkl\u00e4rte  Judd. \u201eEs hat alle technischen Voraussetzungen der Red Bull Air  Race-Weltmeisterschaft erf\u00fcllt und kann daher beim Rennen in Windsor an  den Start gebracht werden.\u201c Besenyei zeigte sich \u00fcberaus zufrieden \u00fcber  das Handling der neuen Maschine, war jedoch ein klein wenig besorgt \u00fcber  das Gewicht des PS-starken Motors. \u201eDas Flugzeug selbst ist wirklich  klasse und einfach zu man\u00f6vrieren. Der Motor, der auf dem Papier mehr PS  bringt, besitzt allerdings ein gro\u00dfes Gewicht. Unser Hauptproblem ist,  dass wir ganze 34 kg \u00fcber dem Minimalgewicht liegen. Und das ist eine  Menge. Vielleicht w\u00e4re ein leichterer Motor mit weniger PS besser. Na,  wir werden sehen\u2026\u201c<\/p>\n<p>Der erste offizielle Flug vom Lachute Flughafen im Nordwesten  Montreals markierte einen wichtigen Meilenstein in der Geschichte der  Red Bull Air Race-Weltmeisterschaft. Derzeit haben die Piloten die Wahl  zwischen zwei offiziell zugelassenen Flugzeugen, der Edge 540 sowie der  MXS-R. Aber die Weiterentwicklung und das Wachstum auf dem  Luftfahrtsektor beruht gerade auf dem Fortschritt in Sachen Design und  Technologie. Die Einf\u00fchrung des Corvus Racer ist daher auf vielen  verschiedenen Ebenen ein besonderes Ereignis und damit wird auch ein  neues Kapitel in der Geschichte des sich immer weiter entwickelnden Red  Bull Air Race geschrieben.<\/p>\n<p>\u201eDie Freigabe einer neuen Rennmaschine ist schon ganz sch\u00f6n aufregend  und f\u00fcr uns als Renn-Organisation auch eine Herausforderung, da wir uns  mit einem kompletten Entwicklungsprozess auseinandersetzen m\u00fcssen\u201c,  erkl\u00e4rt Ralf Kretzschmar, Entwicklungs- und Forschungsmanager beim Red  Bull Air Race. \u201eUnd jetzt, zwei Jahre nachdem uns diese Idee zum ersten  Mal pr\u00e4sentiert wurde, ist die Maschine bereit, in die Luft zu gehen.  Man hatte darauf gehofft, dass Peter Besenyei den Corvus Racer bereits  beim Auftaktrennen der Saison 2009 h\u00e4tte fliegen k\u00f6nnen. Aber Adrian  Judd und mir war klar, dass es nicht wirklich m\u00f6glich ist, ein  Rennflugzeug der Unlimited Kategorie in nur neun Monaten zu bauen und  die entsprechende Freigabe zu erhalten. Gerade der Genehmigungsprozess  kann lange dauern.\u201c<\/p>\n<p><strong>Genehmigung knapp vor dem Rennen<\/strong><\/p>\n<p>Der Corvus Racer ist die erste Rennmaschine ohne Eintrag beim US  Flugzeugregister, das alle Registrierungscodes mit dem Buchstaben \u201eN\u201c  vergibt. Stattdessen beginnt der Registrierungscode mit dem Buchstaben  \u201eC\u201c, da es in Kanada nur wenige Tage vor dem Rennen in Windsor  eingetragen wurde.<\/p>\n<p>Urspr\u00fcnglich geplant, beim Auftaktrennen 2009 in den Parcours zu  gehen, hat Besenyei zwei Jahre f\u00fcr das Design und den Bau des Corvus  Racer gebraucht. W\u00e4hrend dieser langen Wartezeit auf die Genehmigung  sowie dem Ende der Testreihen, sah er sein Potenzial auf einen WM-Erfolg  schon dahinschwinden. Derzeit belegt er nach drei Rennen im  Gesamtklassement den neunten Platz. Die Genehmigung des Corvus Racer  kommt daher zu einem f\u00fcr ihn sehr wichtigen Zeitpunkt.<\/p>\n<p>Mit Blick auf die neue Rennmaschine ist Besenyei sehr zuversichtlich.  \u201eZuerst haben wir uns Gedanken gemacht, wie wir die Motorleistung  verbessern k\u00f6nnten. Aber da sind uns einfach nat\u00fcrliche Grenzen gesetzt.  Dann haben wir uns gedacht, wenn wir schon den Motor nicht weiter  aufmotzen k\u00f6nnen, dann vielleicht das Flugwerk \u2013 mit sch\u00f6neren Linien  und weniger Luftwiderstand. Und ja, wir hoffen in der Tat, dass diese  Maschine im Parcours schnell sein wird. Wir haben beim Bau der Fl\u00fcgel  auf eine neue Technologie vertraut und dazu ein paar neue Ideen  eingebracht, wie zum Beispiel beim HECKRAD\/TAILWHEEL oder auch bei der  Aufh\u00e4ngung einiger Instrumente. Auch die Form des Rumpfes und das  Kabinendach sind im Vergleich zu anderen Rennmaschinen komplett anders.\u201c<\/p>\n<p>Aufgrund seines riesigen Erfahrungsschatzes in Bezug auf die Edge  540, der karbonfiberverst\u00e4rkten MXS-R und der inzwischen nicht mehr  eingesetzten Extra 300SR, konnte Besenyei den Herstellern unsch\u00e4tzbares  Feedback beim Bau der ultimativen WM-Rennmaschine geben. Mit einem  Design \u2013 so stromlinienf\u00f6rmig wie m\u00f6glich \u2013 um den Luftwiderstand zu  mindern und die aerodynamische Effizienz zu erh\u00f6hen, ist der Corvus  Racer in seiner Bauart der Edge 540 sehr \u00e4hnlich. Er besteht aus einem  karbonfaserverkleideten Stahlrohr-Rumpf. Der f\u00fcr das Rennen in Windsor  eingebaute Motor wird ein Thunderbolt-getunter Lycoming sein.<\/p>\n<p>Seit Beginn dieses Jahres wurden bei unz\u00e4hligen Testfl\u00fcgen  kontinuierlich weitere Anpassungen und Modifikationen am Prototyp  vorgenommen. Besenyei hat w\u00e4hrend der Testphase bereits mehr als 30  Flugstunden mit dem Corvus Racer absolviert und konnte dabei bis ins  letzte Detail alles f\u00fcr seinen historischen Jungfernflug vorbereiten.<\/p>\n<p>\u201eDie Rennmaschine konnte noch weiter verbessert werden\u201c, erkl\u00e4rt  Besenyei. \u201eEigentlich war das Flugzeug schon \u00fcber ein Jahr flugbereit,  aber die Designer sind der Meinung, das es nie fertig werden wird \u2013 sie  wollen es einfach immer weiter verbessern. Das ist f\u00fcr mich und den  Sport zweifellos klasse. Die Rennmaschine ist vielversprechend, aber wir  m\u00fcssen erst einmal abwarten, welche Leistung sie im Parcours bringt.\u201c<\/p>\n<p>Um sicherzustellen, dass jede neue Rennmaschine bei der Red Bull Air  Race-Weltmeisterschaft an den Start gehen kann, muss ein entsprechend  autorisierter Pilot \u2013 in diesem Fall war das der fr\u00fchere Rennpilot Steve  Jones \u2013 das neue Flugzeug nach der offiziellen Genehmigung \u201eauf Herz  und Nieren\u201c pr\u00fcfen. \u201eSteve bewertet dabei haupts\u00e4chlich die  Gesamtleistung, das Handling und er bringt die Maschine bis an ihr von  den Herstellern angegebenes Limit mit Blick auf ihre maximale  Schnelligkeit und die G-Kr\u00e4fte\u201c, erkl\u00e4rt Kretzschmar. \u201eUnd dann m\u00fcssen  Adrian und ich einfach nur noch sicherstellen, dass alles f\u00fcr ein Red  Bull Air Race-Rennen Wichtige richtig eingebaut ist, bevor das  offizielle Renntraining beginnen kann. Peter hat bereits in Ungarn eine  Menge Flugerfahrung mit dem Corvus Racer sammeln k\u00f6nnen, fast schon 40  Flugstunden insgesamt. In \u00dcbereinstimmung mit den Bestimmungen der FAA  (Federal Aviation Administration, der US-Luftfahrtbeh\u00f6rde) werden f\u00fcr  die Phase zwei eines Prototyps 40 Flugstunden verlangt. Und in Sachen  Funktionssicherheit macht es Sinn, dass die neue Rennmaschine so viel  wie m\u00f6glich geflogen worden ist.\u201c<\/p>\n<p><strong>Glanz fr\u00fcherer Zeiten<\/strong><\/p>\n<p>In dieser WM-Saison ist Besenyei bisher mit seiner MXS-R an den Start  gegangen. Aber auch mit einem in Perth eingebauten, aufger\u00fcsteten Motor  war er nicht in der Lage, seine Position im oberen Teil des  Gesamtklassements zu halten. Auf einen vielversprechenden Start in Abu  Dhabi, als er mit einem dritten Rang auf dem Siegespodest landete,  folgten dann entt\u00e4uschende zehnte und elfte Pl\u00e4tze bei den Rennen in  Perth und Rio de Janeiro.<\/p>\n<p>Besenyei legt kurz vor Halbzeit der WM-Saison all seine Hoffnungen  auf seine aufregend neue Rennmaschine. Der Ungar, der in den Jahren 2005  und 2006 jeweils Vize-Weltmeister wurde \u2013 musste der Realit\u00e4t Rechnung  tragen, dass bei diesem \u201eSpiel\u201c nicht allein das Geschick des Piloten  ein Garant f\u00fcr Erfolg ist. Der gradlinige Veteran im Red Bull Air Race  \u201eGesch\u00e4ft\u201c hat daher einen eher radikalen Ansatz gew\u00e4hlt und hofft stark  darauf, dass sich sein Vabanque-Spiel mit dem neuem Corvus Racer auch  in Erfolge umm\u00fcnzen l\u00e4sst.<\/p>\n<p>Man hofft darauf, dass mit der Kombination eines speziell f\u00fcr Rennen  getunten Motors und eines extrem stromlinienf\u00f6rmiges Flugwerks Peter  Besenyei nun die richtige Maschine als Erg\u00e4nzung f\u00fcr sein unbestrittenes  K\u00f6nnen als Pilot gefunden hat. Daher werden sich bei seinem ersten  Rennen im Corvus Racer alle Augen auf den Piloten aus Ungarn richten \u2013  und er wird mit Sicherheit erfahren, ob sich seine zwei Jahre lange  Wartezeit tats\u00e4chlich gelohnt hat.<\/p>\n<div class=\"ngg-related-gallery\">\n\t\t\t<a href=\"https:\/\/wp.1dfh.de\/wordpress\/wp-content\/gallery\/rba-piloten-2010\/si201003030004.jpg?t=1773823639\"\n\t\t\ttitle=\"Peter Besenyei (C) Red Bull\"\n\t\t\t\t\t\t\t\t\t\t\t\t\t\t\t data-image-id=\"4595\" data-src=\"https:\/\/wp.1dfh.de\/wordpress\/wp-content\/gallery\/rba-piloten-2010\/si201003030004.jpg?t=1773823639\" data-thumbnail=\"https:\/\/wp.1dfh.de\/wordpress\/wp-content\/gallery\/rba-piloten-2010\/cache\/si201003030004.jpg-nggid044595-ngg0dyn-100x100x100-00f0w010c011r110f110r010t010.jpg?t=1773823639\" data-title=\"si201003030004\" data-description=\"Peter Besenyei (C) Red Bull\">\n\t\t\t<img title=\"si201003030004\"\n\t\t\t\talt=\"si201003030004\"\n\t\t\t\tdata-image-id=\"4595\"\n\t\t\t\tsrc=\"\"\/>\n\t\t<\/a>\n\t\t\t<a href=\"https:\/\/wp.1dfh.de\/wordpress\/wp-content\/gallery\/rba-abu-dhabi-2010\/si201003270013.jpg?t=1773404469\"\n\t\t\ttitle=\"ABU DHABI, UNITED ARAB EMIRATES - MARCH 27: (L-R) Second placed Nigel Lamb of Great Britain, winner Paul Bonhomme of Great Britain and third placed Peter Besenyei of Hungary with their medals after the Red Bull Air Race day on March 27, 2010 in Abu Dhabi, United Arab Emirates. (Photo by Hamish Blair\/Getty Images for Red Bull Air Race) *** Local Caption *** Nigel Lamb; Paul Bonhomme; Peter Besenyei\"\n\t\t\t\t\t\t\t\t\t\t\t\t\t\t\t data-image-id=\"4693\" data-src=\"https:\/\/wp.1dfh.de\/wordpress\/wp-content\/gallery\/rba-abu-dhabi-2010\/si201003270013.jpg?t=1773404469\" data-thumbnail=\"https:\/\/wp.1dfh.de\/wordpress\/wp-content\/gallery\/rba-abu-dhabi-2010\/cache\/si201003270013.jpg-nggid044693-ngg0dyn-100x100x100-00f0w010c011r110f110r010t010.jpg?t=1773404469\" data-title=\"97755980DM010_Red_Bull_Air_\" data-description=\"ABU DHABI, UNITED ARAB EMIRATES - MARCH 27: (L-R) Second placed Nigel Lamb of Great Britain, winner Paul Bonhomme of Great Britain and third placed Peter Besenyei of Hungary with their medals after the Red Bull Air Race day on March 27, 2010 in Abu Dhabi, United Arab Emirates. (Photo by Hamish Blair\/Getty Images for Red Bull Air Race) *** Local Caption *** Nigel Lamb; Paul Bonhomme; Peter Besenyei\">\n\t\t\t<img title=\"97755980DM010_Red_Bull_Air_\"\n\t\t\t\talt=\"97755980DM010_Red_Bull_Air_\"\n\t\t\t\tdata-image-id=\"4693\"\n\t\t\t\tsrc=\"\"\/>\n\t\t<\/a>\n\t\t\t<a href=\"https:\/\/wp.1dfh.de\/wordpress\/wp-content\/gallery\/rba-abu-dhabi-2010\/si201003270016.jpg?t=1773404478\"\n\t\t\ttitle=\"Nigel Lamb of Great Britain celebrates his 2nd, Paul Bonhomme of Great Britain his 1st and Peter Besenyei of Hungary his 3rd place on the podium after the Red Bull Air Race day on March 27, 2010 in Abu Dhabi, United Arab Emirates.\"\n\t\t\t\t\t\t\t\t\t\t\t\t\t\t\t data-image-id=\"4694\" data-src=\"https:\/\/wp.1dfh.de\/wordpress\/wp-content\/gallery\/rba-abu-dhabi-2010\/si201003270016.jpg?t=1773404478\" data-thumbnail=\"https:\/\/wp.1dfh.de\/wordpress\/wp-content\/gallery\/rba-abu-dhabi-2010\/cache\/si201003270016.jpg-nggid044694-ngg0dyn-100x100x100-00f0w010c011r110f110r010t010.jpg?t=1773404478\" data-title=\"Nigel Lamb; Paul Bonhomme; Peter Besenyei - Race Day, Abu Dhabi\" data-description=\"Nigel Lamb of Great Britain celebrates his 2nd, Paul Bonhomme of Great Britain his 1st and Peter Besenyei of Hungary his 3rd place on the podium after the Red Bull Air Race day on March 27, 2010 in Abu Dhabi, United Arab Emirates.\">\n\t\t\t<img title=\"Nigel Lamb; Paul Bonhomme; Peter Besenyei - Race Day, Abu Dhabi\"\n\t\t\t\talt=\"Nigel Lamb; Paul Bonhomme; Peter Besenyei - Race Day, Abu Dhabi\"\n\t\t\t\tdata-image-id=\"4694\"\n\t\t\t\tsrc=\"\"\/>\n\t\t<\/a>\n\t\t\t<a href=\"https:\/\/wp.1dfh.de\/wordpress\/wp-content\/gallery\/rbar-interlaken-2007\/1dfh-rba-il07-014.jpg?t=1501671736\"\n\t\t\ttitle=\"Red Bull Air Race Interlaken 2007\"\n\t\t\t\t\t\t\t\t\t\t\t\t\t\t\t data-image-id=\"5315\" data-src=\"https:\/\/wp.1dfh.de\/wordpress\/wp-content\/gallery\/rbar-interlaken-2007\/1dfh-rba-il07-014.jpg?t=1501671736\" data-thumbnail=\"https:\/\/wp.1dfh.de\/wordpress\/nextgen-image\/5315\/100x100x100\/crop\/ef8767ee65b15ed5e7c2fd99ee79839b?t=1501671736\" data-title=\"Red Bull Air Race Interlaken 2007\" data-description=\"Red Bull Air Race Interlaken 2007\">\n\t\t\t<img title=\"Red Bull Air Race Interlaken 2007\"\n\t\t\t\talt=\"Red Bull Air Race Interlaken 2007\"\n\t\t\t\tdata-image-id=\"5315\"\n\t\t\t\tsrc=\"\"\/>\n\t\t<\/a>\n\t\t\t<a href=\"https:\/\/wp.1dfh.de\/wordpress\/wp-content\/gallery\/rbar-interlaken-2007\/1dfh-rba-il07-015.jpg?t=1501671736\"\n\t\t\ttitle=\"Red Bull Air Race Interlaken 2007\"\n\t\t\t\t\t\t\t\t\t\t\t\t\t\t\t data-image-id=\"5316\" data-src=\"https:\/\/wp.1dfh.de\/wordpress\/wp-content\/gallery\/rbar-interlaken-2007\/1dfh-rba-il07-015.jpg?t=1501671736\" data-thumbnail=\"https:\/\/wp.1dfh.de\/wordpress\/nextgen-image\/5316\/100x100x100\/crop\/795df610666e3ba265e45ad2f9620cec?t=1501671736\" data-title=\"Red Bull Air Race Interlaken 2007\" data-description=\"Red Bull Air Race Interlaken 2007\">\n\t\t\t<img title=\"Red Bull Air Race Interlaken 2007\"\n\t\t\t\talt=\"Red Bull Air Race Interlaken 2007\"\n\t\t\t\tdata-image-id=\"5316\"\n\t\t\t\tsrc=\"\"\/>\n\t\t<\/a>\n\t\t\t<a href=\"https:\/\/wp.1dfh.de\/wordpress\/wp-content\/gallery\/rbar-interlaken-2007\/1dfh-rba-il07-016.jpg?t=1501671738\"\n\t\t\ttitle=\"Red Bull Air Race Interlaken 2007\"\n\t\t\t\t\t\t\t\t\t\t\t\t\t\t\t data-image-id=\"5317\" data-src=\"https:\/\/wp.1dfh.de\/wordpress\/wp-content\/gallery\/rbar-interlaken-2007\/1dfh-rba-il07-016.jpg?t=1501671738\" data-thumbnail=\"https:\/\/wp.1dfh.de\/wordpress\/nextgen-image\/5317\/100x100x100\/crop\/d8e9aaf24ee2b8d27843ea50307d5d0e?t=1501671738\" data-title=\"Red Bull Air Race Interlaken 2007\" data-description=\"Red Bull Air Race Interlaken 2007\">\n\t\t\t<img title=\"Red Bull Air Race Interlaken 2007\"\n\t\t\t\talt=\"Red Bull Air Race Interlaken 2007\"\n\t\t\t\tdata-image-id=\"5317\"\n\t\t\t\tsrc=\"\"\/>\n\t\t<\/a>\n\t\t\t<a href=\"https:\/\/wp.1dfh.de\/wordpress\/wp-content\/gallery\/rbar-interlaken-2007\/1dfh-rba-il07-084.jpg?t=1501911068\"\n\t\t\ttitle=\"Red Bull Air Race Interlaken 2007\"\n\t\t\t\t\t\t\t\t\t\t\t\t\t\t\t data-image-id=\"5385\" data-src=\"https:\/\/wp.1dfh.de\/wordpress\/wp-content\/gallery\/rbar-interlaken-2007\/1dfh-rba-il07-084.jpg?t=1501911068\" data-thumbnail=\"https:\/\/wp.1dfh.de\/wordpress\/nextgen-image\/5385\/100x100x100\/crop\/ec39ea4802ba33bc207ee7344438e1f7?t=1501911068\" data-title=\"Red Bull Air Race Interlaken 2007\" data-description=\"Red Bull Air Race Interlaken 2007\">\n\t\t\t<img title=\"Red Bull Air Race Interlaken 2007\"\n\t\t\t\talt=\"Red Bull Air Race Interlaken 2007\"\n\t\t\t\tdata-image-id=\"5385\"\n\t\t\t\tsrc=\"\"\/>\n\t\t<\/a>\n\t<\/div>\n","protected":false},"excerpt":{"rendered":"<p>[media id=252 width=470 height=320] WINDSOR, Ontario \u2013 Endlich hat das lange Warten ein Ende: Nach zwei Jahren Wartezeit und der Freigabe durch die zivile Luftfahrtbeh\u00f6rde Kanadas in Lachute (Quebec) zu Wochenbeginn, erhielt Red Bull Air Race-Pilot Peter Besenyei aus Ungarn am Mittwoch die offizielle Genehmigung des Technischen Direktors Adrian Judd, seinen neuen Corvus Racer beim &hellip; <a href=\"https:\/\/wp.1dfh.de\/wordpress\/team-besenyei-presents-new-corvus-racer\/\" class=\"more-link\"><span class=\"screen-reader-text\">Team Besenyei presents new Corvus Racer<\/span> weiterlesen <span class=\"meta-nav\">&rarr;<\/span><\/a><\/p>\n","protected":false},"author":2,"featured_media":0,"comment_status":"open","ping_status":"open","sticky":false,"template":"","format":"standard","meta":{"ngg_post_thumbnail":0,"footnotes":""},"categories":[18,2030,11],"tags":[3935,12049,11891,11636,3588],"class_list":["post-11191","post","type-post","status-publish","format-standard","hentry","category-flugveranstaltungen","category-teilnehmer","category-videos","tag-adrian-judd","tag-corvus-racer","tag-corvus-racer-540","tag-peter-besenyei","tag-team-besenyei"],"_links":{"self":[{"href":"https:\/\/wp.1dfh.de\/wordpress\/wp-json\/wp\/v2\/posts\/11191","targetHints":{"allow":["GET"]}}],"collection":[{"href":"https:\/\/wp.1dfh.de\/wordpress\/wp-json\/wp\/v2\/posts"}],"about":[{"href":"https:\/\/wp.1dfh.de\/wordpress\/wp-json\/wp\/v2\/types\/post"}],"author":[{"embeddable":true,"href":"https:\/\/wp.1dfh.de\/wordpress\/wp-json\/wp\/v2\/users\/2"}],"replies":[{"embeddable":true,"href":"https:\/\/wp.1dfh.de\/wordpress\/wp-json\/wp\/v2\/comments?post=11191"}],"version-history":[{"count":0,"href":"https:\/\/wp.1dfh.de\/wordpress\/wp-json\/wp\/v2\/posts\/11191\/revisions"}],"wp:attachment":[{"href":"https:\/\/wp.1dfh.de\/wordpress\/wp-json\/wp\/v2\/media?parent=11191"}],"wp:term":[{"taxonomy":"category","embeddable":true,"href":"https:\/\/wp.1dfh.de\/wordpress\/wp-json\/wp\/v2\/categories?post=11191"},{"taxonomy":"post_tag","embeddable":true,"href":"https:\/\/wp.1dfh.de\/wordpress\/wp-json\/wp\/v2\/tags?post=11191"}],"curies":[{"name":"wp","href":"https:\/\/api.w.org\/{rel}","templated":true}]}}