{"id":11214,"date":"2010-06-07T10:02:19","date_gmt":"2010-06-07T08:02:19","guid":{"rendered":"http:\/\/wp.1dfh.de\/wordpress\/?p=11214"},"modified":"2010-06-07T10:47:39","modified_gmt":"2010-06-07T08:47:39","slug":"dolderer-setzt-ausrufezeichen-%e2%80%93-platz-funf-in-windsor","status":"publish","type":"post","link":"https:\/\/wp.1dfh.de\/wordpress\/dolderer-setzt-ausrufezeichen-%e2%80%93-platz-funf-in-windsor\/","title":{"rendered":"DOLDERER SETZT AUSRUFEZEICHEN \u2013 PLATZ F\u00dcNF IN WINDSOR"},"content":{"rendered":"<p><em><strong>Mit einer eindrucksvollen Vorstellung hat sich Matthias Dolderer am Sonntag in der Red Bull Air Race Weltmeisterschaft 2010 zur\u00fcckgemeldet. Beim vierten Rennen der Saison in Windsor (CAN) flog der 39-j\u00e4hrige Allg\u00e4uer auf den f\u00fcnften Rang. <\/strong><\/em><\/p>\n<p>ngg_shortcode_0_placeholderLediglich 29 Hundertstel trennten Dolderer vom Einzug in die Runde der besten Vier. Sieger vor 110.000 Zuschauern an den Ufern des Detroit River wurde der \u00d6sterreicher Hannes Arch. In der WM Gesamtwertung verbessert sich Matthias Dolderer mit 19 Punkten auf Platz neun. Das n\u00e4chste Rennen findet am 19.\/20. Juni in New York City statt. \u201eIch habe ja bereits geahnt, dass der f\u00fcnfte mein Platz hier in Windsor ist. Ein bisschen schmerzt es schon, dass ich das Finale so knapp verpasst habe, aber ich bin dennoch sehr zufrieden. Die ganze Woche \u00fcber bin ich konstant unter in den Top 5 gelandet mit guten Zeiten und sauberen Linien. Das gibt viel Selbstvertrauen nach dem entt\u00e4uschenden Ergebnis in Rio de Janeiro. Das Team hat perfekte Arbeit geleistet. Jetzt freue ich mich, in New York mit meiner neuen Edge 540 V3 an den Start zu gehen. Es wird Zeit wieder auf dem Podium zu landen\u201c, so ein kampflustiger Matthias Dolderer.<\/p>\n<ul>\n<li><a href=\"http:\/\/wp.1dfh.de\/wordpress\/?p=8128\">Matthias Dolderer<\/a><\/li>\n<\/ul>\n<div class=\"ngg-related-gallery\">\n\t\t\t<a href=\"https:\/\/wp.1dfh.de\/wordpress\/wp-content\/gallery\/rba-piloten-2010\/SI201003030014.jpg?t=1773390884\"\n\t\t\ttitle=\"Matthias Dolderer (C) Red Bull\"\n\t\t\t\t\t\t\t\t\t\t\t\t\t\t\t data-image-id=\"4582\" data-src=\"https:\/\/wp.1dfh.de\/wordpress\/wp-content\/gallery\/rba-piloten-2010\/SI201003030014.jpg?t=1773390884\" data-thumbnail=\"https:\/\/wp.1dfh.de\/wordpress\/wp-content\/gallery\/rba-piloten-2010\/cache\/SI201003030014.jpg-nggid044582-ngg0dyn-100x100x100-00f0w010c011r110f110r010t010.jpg?t=1773390884\" data-title=\"SI201003030014\" data-description=\"Matthias Dolderer (C) Red Bull\">\n\t\t\t<img title=\"SI201003030014\"\n\t\t\t\talt=\"SI201003030014\"\n\t\t\t\tdata-image-id=\"4582\"\n\t\t\t\tsrc=\"\"\/>\n\t\t<\/a>\n\t\t\t<a href=\"https:\/\/wp.1dfh.de\/wordpress\/wp-content\/gallery\/edge-540-v3\/zivko-540v3_0014.jpg?t=1773390875\"\n\t\t\ttitle=\"Edge 540 V3 Foto (C) Matthias Dolderer Racing\"\n\t\t\t\t\t\t\t\t\t\t\t\t\t\t\t data-image-id=\"5841\" data-src=\"https:\/\/wp.1dfh.de\/wordpress\/wp-content\/gallery\/edge-540-v3\/zivko-540v3_0014.jpg?t=1773390875\" data-thumbnail=\"https:\/\/wp.1dfh.de\/wordpress\/wp-content\/gallery\/edge-540-v3\/cache\/zivko-540v3_0014.jpg-nggid045841-ngg0dyn-100x100x100-00f0w010c011r110f110r010t010.jpg?t=1773390875\" data-title=\"zivko-540v3_0014\" data-description=\"Edge 540 V3 Foto (C) Matthias Dolderer Racing\">\n\t\t\t<img title=\"zivko-540v3_0014\"\n\t\t\t\talt=\"zivko-540v3_0014\"\n\t\t\t\tdata-image-id=\"5841\"\n\t\t\t\tsrc=\"\"\/>\n\t\t<\/a>\n\t\t\t<a href=\"https:\/\/wp.1dfh.de\/wordpress\/wp-content\/gallery\/edge-540-v3\/zivko-540v3_0034.jpg?t=1773390884\"\n\t\t\ttitle=\"Edge 540 V3 Foto (C) Matthias Dolderer Racing\"\n\t\t\t\t\t\t\t\t\t\t\t\t\t\t\t data-image-id=\"5842\" data-src=\"https:\/\/wp.1dfh.de\/wordpress\/wp-content\/gallery\/edge-540-v3\/zivko-540v3_0034.jpg?t=1773390884\" data-thumbnail=\"https:\/\/wp.1dfh.de\/wordpress\/wp-content\/gallery\/edge-540-v3\/cache\/zivko-540v3_0034.jpg-nggid045842-ngg0dyn-100x100x100-00f0w010c011r110f110r010t010.jpg?t=1773390884\" data-title=\"zivko-540v3_0034\" data-description=\"Edge 540 V3 Foto (C) Matthias Dolderer Racing\">\n\t\t\t<img title=\"zivko-540v3_0034\"\n\t\t\t\talt=\"zivko-540v3_0034\"\n\t\t\t\tdata-image-id=\"5842\"\n\t\t\t\tsrc=\"\"\/>\n\t\t<\/a>\n\t\t\t<a href=\"https:\/\/wp.1dfh.de\/wordpress\/wp-content\/gallery\/rbar-wanna-fly\/wannafly-05.jpg?t=1773390874\"\n\t\t\ttitle=\" \"\n\t\t\t\t\t\t\t\t\t\t\t\t\t\t\t data-image-id=\"5862\" data-src=\"https:\/\/wp.1dfh.de\/wordpress\/wp-content\/gallery\/rbar-wanna-fly\/wannafly-05.jpg?t=1773390874\" data-thumbnail=\"https:\/\/wp.1dfh.de\/wordpress\/wp-content\/gallery\/rbar-wanna-fly\/cache\/wannafly-05.jpg-nggid045862-ngg0dyn-100x100x100-00f0w010c011r110f110r010t010.jpg?t=1773390874\" data-title=\"wannafly-05\" data-description=\" \">\n\t\t\t<img title=\"wannafly-05\"\n\t\t\t\talt=\"wannafly-05\"\n\t\t\t\tdata-image-id=\"5862\"\n\t\t\t\tsrc=\"\"\/>\n\t\t<\/a>\n\t\t\t<a href=\"https:\/\/wp.1dfh.de\/wordpress\/wp-content\/gallery\/rbar-lausitz-2010\/si201008040034.jpg?t=1773390874\"\n\t\t\ttitle=\"Matthias Dolderer of Germany poses for photographers ahead of the Red Bull Air Race at EuroSpeedway Lausitz on August 4, 2010 in Dresden, Germany. Foto \u00a9 Red Bull\"\n\t\t\t\t\t\t\t\t\t\t\t\t\t\t\t data-image-id=\"6871\" data-src=\"https:\/\/wp.1dfh.de\/wordpress\/wp-content\/gallery\/rbar-lausitz-2010\/si201008040034.jpg?t=1773390874\" data-thumbnail=\"https:\/\/wp.1dfh.de\/wordpress\/wp-content\/gallery\/rbar-lausitz-2010\/cache\/si201008040034.jpg-nggid046871-ngg0dyn-100x100x100-00f0w010c011r110f110r010t010.jpg?t=1773390874\" data-title=\"102135573HB005_Matthias_Dol\" data-description=\"Matthias Dolderer of Germany poses for photographers ahead of the Red Bull Air Race at EuroSpeedway Lausitz on August 4, 2010 in Dresden, Germany. Foto \u00a9 Red Bull\">\n\t\t\t<img title=\"102135573HB005_Matthias_Dol\"\n\t\t\t\talt=\"102135573HB005_Matthias_Dol\"\n\t\t\t\tdata-image-id=\"6871\"\n\t\t\t\tsrc=\"\"\/>\n\t\t<\/a>\n\t\t\t<a href=\"https:\/\/wp.1dfh.de\/wordpress\/wp-content\/gallery\/rbar-lausitz-2010\/si201008040038.jpg?t=1773390874\"\n\t\t\ttitle=\"(L-R) Kirby Chambliss of USA, Martin Sonka of Czech Republic and Matthias Dolderer of Germany fly in formation over the course ahead of the Red Bull Air Race at EuroSpeedway Lausitz on August 4, 2010 in Dresden, Germany.\"\n\t\t\t\t\t\t\t\t\t\t\t\t\t\t\t data-image-id=\"6872\" data-src=\"https:\/\/wp.1dfh.de\/wordpress\/wp-content\/gallery\/rbar-lausitz-2010\/si201008040038.jpg?t=1773390874\" data-thumbnail=\"https:\/\/wp.1dfh.de\/wordpress\/wp-content\/gallery\/rbar-lausitz-2010\/cache\/si201008040038.jpg-nggid046872-ngg0dyn-100x100x100-00f0w010c011r110f110r010t010.jpg?t=1773390874\" data-title=\"102135573MH025_Kirby_Chambl\" data-description=\"(L-R) Kirby Chambliss of USA, Martin Sonka of Czech Republic and Matthias Dolderer of Germany fly in formation over the course ahead of the Red Bull Air Race at EuroSpeedway Lausitz on August 4, 2010 in Dresden, Germany.\">\n\t\t\t<img title=\"102135573MH025_Kirby_Chambl\"\n\t\t\t\talt=\"102135573MH025_Kirby_Chambl\"\n\t\t\t\tdata-image-id=\"6872\"\n\t\t\t\tsrc=\"\"\/>\n\t\t<\/a>\n\t\t\t<a href=\"https:\/\/wp.1dfh.de\/wordpress\/wp-content\/gallery\/alejandro-maclean\/si201004160018.jpg?t=1773632668\"\n\t\t\ttitle=\"Alejandro Maclean of Spain in action during the Red Bull Air Race Training Day Two on April 16, 2010 in Perth, Australia.\"\n\t\t\t\t\t\t\t\t\t\t\t\t\t\t\t data-image-id=\"7516\" data-src=\"https:\/\/wp.1dfh.de\/wordpress\/wp-content\/gallery\/alejandro-maclean\/si201004160018.jpg?t=1773632668\" data-thumbnail=\"https:\/\/wp.1dfh.de\/wordpress\/wp-content\/gallery\/alejandro-maclean\/cache\/si201004160018.jpg-nggid047516-ngg0dyn-100x100x100-00f0w010c011r110f110r010t010.jpg?t=1773632668\" data-title=\"98146211DM043_Alejandro_Mac\" data-description=\"Alejandro Maclean of Spain in action during the Red Bull Air Race Training Day Two on April 16, 2010 in Perth, Australia.\">\n\t\t\t<img title=\"98146211DM043_Alejandro_Mac\"\n\t\t\t\talt=\"98146211DM043_Alejandro_Mac\"\n\t\t\t\tdata-image-id=\"7516\"\n\t\t\t\tsrc=\"\"\/>\n\t\t<\/a>\n\t<\/div>\n","protected":false},"excerpt":{"rendered":"<p>Mit einer eindrucksvollen Vorstellung hat sich Matthias Dolderer am Sonntag in der Red Bull Air Race Weltmeisterschaft 2010 zur\u00fcckgemeldet. Beim vierten Rennen der Saison in Windsor (CAN) flog der 39-j\u00e4hrige Allg\u00e4uer auf den f\u00fcnften Rang. Lediglich 29 Hundertstel trennten Dolderer vom Einzug in die Runde der besten Vier. Sieger vor 110.000 Zuschauern an den Ufern &hellip; <a href=\"https:\/\/wp.1dfh.de\/wordpress\/dolderer-setzt-ausrufezeichen-%e2%80%93-platz-funf-in-windsor\/\" class=\"more-link\"><span class=\"screen-reader-text\">DOLDERER SETZT AUSRUFEZEICHEN \u2013 PLATZ F\u00dcNF IN WINDSOR<\/span> weiterlesen <span class=\"meta-nav\">&rarr;<\/span><\/a><\/p>\n","protected":false},"author":2,"featured_media":0,"comment_status":"open","ping_status":"open","sticky":false,"template":"","format":"standard","meta":{"ngg_post_thumbnail":0,"footnotes":""},"categories":[18,2030,13],"tags":[11650,3593,11206,2147,11545,11850,3241,3021,443,11986,3243],"class_list":["post-11214","post","type-post","status-publish","format-standard","hentry","category-flugveranstaltungen","category-teilnehmer","category-wettbewerbe","tag-bull-air-race","tag-can","tag-matthias-dolderer","tag-motorsport","tag-red-bull-air-race-2010","tag-red-bull-air-race-weltmeisterschaft-2010","tag-red-bull-air-race-windsor","tag-red-bull-air-race-world-championship-2010","tag-red-bull-airrace","tag-windsor","tag-windsor-2010"],"_links":{"self":[{"href":"https:\/\/wp.1dfh.de\/wordpress\/wp-json\/wp\/v2\/posts\/11214","targetHints":{"allow":["GET"]}}],"collection":[{"href":"https:\/\/wp.1dfh.de\/wordpress\/wp-json\/wp\/v2\/posts"}],"about":[{"href":"https:\/\/wp.1dfh.de\/wordpress\/wp-json\/wp\/v2\/types\/post"}],"author":[{"embeddable":true,"href":"https:\/\/wp.1dfh.de\/wordpress\/wp-json\/wp\/v2\/users\/2"}],"replies":[{"embeddable":true,"href":"https:\/\/wp.1dfh.de\/wordpress\/wp-json\/wp\/v2\/comments?post=11214"}],"version-history":[{"count":0,"href":"https:\/\/wp.1dfh.de\/wordpress\/wp-json\/wp\/v2\/posts\/11214\/revisions"}],"wp:attachment":[{"href":"https:\/\/wp.1dfh.de\/wordpress\/wp-json\/wp\/v2\/media?parent=11214"}],"wp:term":[{"taxonomy":"category","embeddable":true,"href":"https:\/\/wp.1dfh.de\/wordpress\/wp-json\/wp\/v2\/categories?post=11214"},{"taxonomy":"post_tag","embeddable":true,"href":"https:\/\/wp.1dfh.de\/wordpress\/wp-json\/wp\/v2\/tags?post=11214"}],"curies":[{"name":"wp","href":"https:\/\/api.w.org\/{rel}","templated":true}]}}