{"id":11322,"date":"2010-06-09T11:55:32","date_gmt":"2010-06-09T09:55:32","guid":{"rendered":"http:\/\/wp.1dfh.de\/wordpress\/?p=11322"},"modified":"2010-06-09T13:20:46","modified_gmt":"2010-06-09T11:20:46","slug":"sonntags-interview-mit-matt-hall-nach-vorfall-uber-detroit-river","status":"publish","type":"post","link":"https:\/\/wp.1dfh.de\/wordpress\/sonntags-interview-mit-matt-hall-nach-vorfall-uber-detroit-river\/","title":{"rendered":"Sonntags-Interview mit Matt Hall nach Vorfall \u00fcber Detroit River"},"content":{"rendered":"ngg_shortcode_0_placeholder\n<p>[media id=255 width=470 height=320]<\/p>\n<p><strong>Red Bull Air Race Qualifying am Samstag: Es sieht so aus, als  st\u00fcrzt Matt Hall ins Wasser. Wie ein Wunder hebt sich die  Flugzeugspitze und er fliegt weiter. Ein Tag nach dem Ereignis spricht  der australische Pilot \u00fcber seine Gef\u00fchle und die Ursachen, die dadurch  entstanden sind. <\/strong><\/p>\n<p><strong>Wie f\u00fchlen Sie sich am Tag \u201edanach\u201c ? <\/strong><br \/>\nIch f\u00fchle mich eigentlich genauso wie gestern. Entt\u00e4uscht dar\u00fcber, dass  dieser Vorfall passiert ist. Ich bin hier, um Rennen zu fliegen.  Eigentlich hatte ich gestern ein gutes Gef\u00fchl, was meine Leistung  betraf. Dann aber habe ich die Grenze hauchd\u00fcnn \u00fcberschritten \u2013 und  daraus ergeben sich dann die fast katastrophalen Konsequenzen. Ich bin  einfach dar\u00fcber entt\u00e4uscht, diese Grenze \u00fcberschritten zu haben. Positiv  gesehen kann ich sagen, die Maschine ist schon auf dem Weg zur  Reparatur und ich sollte sie rechtzeitig vor dem Rennen in New York  wieder zur\u00fcckhaben.<\/p>\n<p><strong>Sie haben wahre Kunstfertigkeit bewiesen, das wurde auf den  Videos deutlich. Und Sie haben ja auch in ihrem Blog geschrieben, dass  Sie sich f\u00fchlten \u201eals ob Wasserzungen\u201c nach Ihnen griffen. Wie haben Sie  sich aus dieser Situation befreit ?<\/strong><br \/>\nEinige gratulierten mir zu meinem \u201etollen Flugman\u00f6ver\u201c, aber ich sehe  das aus einem ganz anderen Blickwinkel. Dass ich mich \u00fcberhaupt in diese  Situation gebracht habe, war eher ein \u201everungl\u00fccktes Flugman\u00f6ver\u201c. Das  alles ist immer eine Frage der Perspektive. Ich bin sehr kritisch mir  selbst gegen\u00fcber. Ich habe getan was ich tun musste, um mich aus einer  Situation zu befreien, in die ich mich selbst man\u00f6vriert hatte. Damit,  denke ich, gleicht sich das aus. Und ich bin mit einem nur geringen  Schaden davongekommen.<\/p>\n<p><strong>Keine Verletzungen?<\/strong><br \/>\nNein, \u00fcberhaupt keine Verletzungen. Der Aufprall auf das Wasser war im  Cockpit ziemlich hart \u2013 aber nicht h\u00e4rter, als das was wir normalerweise  im Cockpit zu sp\u00fcren bekommen. Ich habe hinterher auf die Anzeige f\u00fcr  die G-Kr\u00e4fte geschaut und die war auch nicht h\u00f6her als im Parcours. Ich  habe also keine zus\u00e4tzlichen G-Kr\u00e4fte aufgebaut. Es war ein wenig eine  Abw\u00e4rtsbewegung. Aber ich war in dem Augenblick so mit mir selbst und  der Situation besch\u00e4ftigt, dass ich von allem nicht wirklich etwas  mitbekommen habe.<\/p>\n<p><strong>Sie haben von fr\u00fcheren, schwierigen und kniffligen  Situationen in Ihrer Milit\u00e4rkarriere erz\u00e4hlt. Haben Sie damals schon  etwas \u00c4hnliches erlebt?<\/strong><br \/>\nIch bin noch nie zuvor unabsichtlich auf die Erdoberfl\u00e4che geknallt.  Aber es stimmt, ich habe schon einige brenzlige Situationen erlebt,  Beinahe-Zusammenst\u00f6\u00dfe und das ein oder andere Mal bin ich dem Erdboden  verdammt nahe gekommen, man hat auf mich geschossen und ich bin fast von  einer Rakete getroffen worden. Kurzum, ich habe Situationen erlebt, bei  denen mein \u00dcberleben auf der Kippe stand. Aber dies hier ist etwas  anderes. Aber so etwas passiert eben, wenn man am Limit der Fliegerei  lebt. Jeder wei\u00df, dass es eine ganze Reihe von Risiken gibt. Aber man  w\u00e4gt diese Risiken und seine Sicherheitsspielr\u00e4ume ab. Und wenn man in  brenzligen Situationen diesen Spielraum nicht mehr hat, alles andere  aber unter Kontrolle bleibt, stehen die Chancen h\u00e4ufig zu Deinen  Gunsten.<\/p>\n<p><strong>Sie sagten gestern, Sie w\u00fcrden vielleicht die Auswirkungen  des Vorfalls etwas sp\u00e4ter zu sp\u00fcren bekommen. War das so oder haben Sie  inzwischen alles verdaut?<\/strong><br \/>\nLetztendlich waren die Auswirkungen am Ende weniger heftig als ich  anfangs dachte. Im Grunde habe ich \u201anur\u2019 einen Fehler gemacht und bin  mit dem Schrecken davon gekommen. Ich bin mir sicher, dass mir die  Erfahrungen von Adilson Kindlemanns Unfall auch ein wenig Sicherheit  gegeben haben. Mir war bewusst, dass ich nicht Millisekunden von meinem  Tod entfernt war, sondern nur Millisekunden davon, mein Flugzeug in  einen Totalschaden zu verwandeln, im Wasser zu landen und gerettet zu  werden. Das gibt unheimlichen Mut \u2013 zu wissen, dass man grunds\u00e4tzlich in  einer Situation ist, aus der man lebend herauskommt. Wie im  Motorrennen. Man f\u00e4hrt gegen die Wand, \u00fcberschl\u00e4gt sich mit dem Auto,  man wird da rausgeholt, verbringt die Nacht im Krankenhaus, das Auto ist  ein Totalschaden \u2013 aber man ist in der darauffolgenden Woche wieder am  Start und f\u00e4hrt sein n\u00e4chstes Rennen.<\/p>\n<p><strong>Was passiert nun mit dem Flugzeug?<\/strong><br \/>\nDie Rennmaschine befindet sich jetzt auf einem LKW auf dem Weg in  Richtung North Carolina zur Reparatur. Ich hatte sowieso vorgehabt, in  der n\u00e4chsten Woche dorthin zu reisen. Es ist damit zu rechnen, dass man  sie in weniger als einer Woche wieder hinbekommt. Wenn sie fertig ist,  werde ich hinfahren, einige Testfl\u00fcge absolvieren, auch um wieder ein  Gef\u00fchl f\u00fcr das Flugzeug und Selbstsicherheit zu bekommen. Und dann geht  es hoffentlich in Richtung New York, rechtzeitig zum n\u00e4chsten Rennen.<\/p>\n<p><strong>Es sollte also kein Problem sein, in New York an den Start zu  gehen?<\/strong><br \/>\nIch will nicht behaupten, es w\u00e4re kein Problem. Aber zu diesem Zeitpunkt  sieht alles so aus, als ob es klappen k\u00f6nnte.<\/p>\n<p><strong>Welche Sch\u00e4den waren das genau an Ihrem Flugzeug?<\/strong><br \/>\nDer Radkasten, das Querruder. Und wir m\u00fcssen die  Fahrwerkgestellaufh\u00e4ngung am Rumpf \u00fcberpr\u00fcfen, weil der Aufprall an  dieser Stelle ziemlich hart war. Und auch der hintere, rechte Fl\u00fcgel hat  etwas abbekommen. Wir wollen sichergehen, dass das alles nur  kosmetische und keine strukturellen Sch\u00e4den sind.<\/p>\n<ul>\n<li><a href=\"http:\/\/wp.1dfh.de\/wordpress\/?p=8130\">Matt Hall<\/a><\/li>\n<li><a title=\"Str\u00f6mungsabriss\" href=\"http:\/\/wp.1dfh.de\/wordpress\/?p=10813\">Str\u00f6mungsabriss<\/a><\/li>\n<\/ul>\n<div class=\"ngg-related-gallery\">\n\t\t\t<a href=\"https:\/\/wp.1dfh.de\/wordpress\/wp-content\/gallery\/rba-piloten-2010\/si201003030060.jpg?t=1773721775\"\n\t\t\ttitle=\"Matt Hall (C) Red Bull\"\n\t\t\t\t\t\t\t\t\t\t\t\t\t\t\t data-image-id=\"4598\" data-src=\"https:\/\/wp.1dfh.de\/wordpress\/wp-content\/gallery\/rba-piloten-2010\/si201003030060.jpg?t=1773721775\" data-thumbnail=\"https:\/\/wp.1dfh.de\/wordpress\/wp-content\/gallery\/rba-piloten-2010\/cache\/si201003030060.jpg-nggid044598-ngg0dyn-100x100x100-00f0w010c011r110f110r010t010.jpg?t=1773721775\" data-title=\"si201003030060\" data-description=\"Matt Hall (C) Red Bull\">\n\t\t\t<img title=\"si201003030060\"\n\t\t\t\talt=\"si201003030060\"\n\t\t\t\tdata-image-id=\"4598\"\n\t\t\t\tsrc=\"\"\/>\n\t\t<\/a>\n\t\t\t<a href=\"https:\/\/wp.1dfh.de\/wordpress\/wp-content\/gallery\/rba-abu-dhabi-2010\/si201003270013.jpg?t=1773404469\"\n\t\t\ttitle=\"ABU DHABI, UNITED ARAB EMIRATES - MARCH 27: (L-R) Second placed Nigel Lamb of Great Britain, winner Paul Bonhomme of Great Britain and third placed Peter Besenyei of Hungary with their medals after the Red Bull Air Race day on March 27, 2010 in Abu Dhabi, United Arab Emirates. (Photo by Hamish Blair\/Getty Images for Red Bull Air Race) *** Local Caption *** Nigel Lamb; Paul Bonhomme; Peter Besenyei\"\n\t\t\t\t\t\t\t\t\t\t\t\t\t\t\t data-image-id=\"4693\" data-src=\"https:\/\/wp.1dfh.de\/wordpress\/wp-content\/gallery\/rba-abu-dhabi-2010\/si201003270013.jpg?t=1773404469\" data-thumbnail=\"https:\/\/wp.1dfh.de\/wordpress\/wp-content\/gallery\/rba-abu-dhabi-2010\/cache\/si201003270013.jpg-nggid044693-ngg0dyn-100x100x100-00f0w010c011r110f110r010t010.jpg?t=1773404469\" data-title=\"97755980DM010_Red_Bull_Air_\" data-description=\"ABU DHABI, UNITED ARAB EMIRATES - MARCH 27: (L-R) Second placed Nigel Lamb of Great Britain, winner Paul Bonhomme of Great Britain and third placed Peter Besenyei of Hungary with their medals after the Red Bull Air Race day on March 27, 2010 in Abu Dhabi, United Arab Emirates. (Photo by Hamish Blair\/Getty Images for Red Bull Air Race) *** Local Caption *** Nigel Lamb; Paul Bonhomme; Peter Besenyei\">\n\t\t\t<img title=\"97755980DM010_Red_Bull_Air_\"\n\t\t\t\talt=\"97755980DM010_Red_Bull_Air_\"\n\t\t\t\tdata-image-id=\"4693\"\n\t\t\t\tsrc=\"\"\/>\n\t\t<\/a>\n\t\t\t<a href=\"https:\/\/wp.1dfh.de\/wordpress\/wp-content\/gallery\/rba-abu-dhabi-2010\/si201003270016.jpg?t=1773404478\"\n\t\t\ttitle=\"Nigel Lamb of Great Britain celebrates his 2nd, Paul Bonhomme of Great Britain his 1st and Peter Besenyei of Hungary his 3rd place on the podium after the Red Bull Air Race day on March 27, 2010 in Abu Dhabi, United Arab Emirates.\"\n\t\t\t\t\t\t\t\t\t\t\t\t\t\t\t data-image-id=\"4694\" data-src=\"https:\/\/wp.1dfh.de\/wordpress\/wp-content\/gallery\/rba-abu-dhabi-2010\/si201003270016.jpg?t=1773404478\" data-thumbnail=\"https:\/\/wp.1dfh.de\/wordpress\/wp-content\/gallery\/rba-abu-dhabi-2010\/cache\/si201003270016.jpg-nggid044694-ngg0dyn-100x100x100-00f0w010c011r110f110r010t010.jpg?t=1773404478\" data-title=\"Nigel Lamb; Paul Bonhomme; Peter Besenyei - Race Day, Abu Dhabi\" data-description=\"Nigel Lamb of Great Britain celebrates his 2nd, Paul Bonhomme of Great Britain his 1st and Peter Besenyei of Hungary his 3rd place on the podium after the Red Bull Air Race day on March 27, 2010 in Abu Dhabi, United Arab Emirates.\">\n\t\t\t<img title=\"Nigel Lamb; Paul Bonhomme; Peter Besenyei - Race Day, Abu Dhabi\"\n\t\t\t\talt=\"Nigel Lamb; Paul Bonhomme; Peter Besenyei - Race Day, Abu Dhabi\"\n\t\t\t\tdata-image-id=\"4694\"\n\t\t\t\tsrc=\"\"\/>\n\t\t<\/a>\n\t\t\t<a href=\"https:\/\/wp.1dfh.de\/wordpress\/wp-content\/gallery\/rbar-interlaken-2007\/1dfh-rba-il07-000.jpg?t=1773407446\"\n\t\t\ttitle=\"Red Bull Air Race Interlaken 2007\"\n\t\t\t\t\t\t\t\t\t\t\t\t\t\t\t data-image-id=\"5301\" data-src=\"https:\/\/wp.1dfh.de\/wordpress\/wp-content\/gallery\/rbar-interlaken-2007\/1dfh-rba-il07-000.jpg?t=1773407446\" data-thumbnail=\"https:\/\/wp.1dfh.de\/wordpress\/wp-content\/gallery\/rbar-interlaken-2007\/cache\/1dfh-rba-il07-000.jpg-nggid045301-ngg0dyn-100x100x100-00f0w010c011r110f110r010t010.jpg?t=1773407446\" data-title=\"Red Bull Air Race Interlaken 2007\" data-description=\"Red Bull Air Race Interlaken 2007\">\n\t\t\t<img title=\"Red Bull Air Race Interlaken 2007\"\n\t\t\t\talt=\"Red Bull Air Race Interlaken 2007\"\n\t\t\t\tdata-image-id=\"5301\"\n\t\t\t\tsrc=\"\"\/>\n\t\t<\/a>\n\t\t\t<a href=\"https:\/\/wp.1dfh.de\/wordpress\/wp-content\/gallery\/rbar-interlaken-2007\/1dfh-rba-il07-001.jpg?t=1773407445\"\n\t\t\ttitle=\"Red Bull Air Race Interlaken 2007\"\n\t\t\t\t\t\t\t\t\t\t\t\t\t\t\t data-image-id=\"5302\" data-src=\"https:\/\/wp.1dfh.de\/wordpress\/wp-content\/gallery\/rbar-interlaken-2007\/1dfh-rba-il07-001.jpg?t=1773407445\" data-thumbnail=\"https:\/\/wp.1dfh.de\/wordpress\/wp-content\/gallery\/rbar-interlaken-2007\/cache\/1dfh-rba-il07-001.jpg-nggid045302-ngg0dyn-100x100x100-00f0w010c011r110f110r010t010.jpg?t=1773407445\" data-title=\"Red Bull Air Race Interlaken 2007\" data-description=\"Red Bull Air Race Interlaken 2007\">\n\t\t\t<img title=\"Red Bull Air Race Interlaken 2007\"\n\t\t\t\talt=\"Red Bull Air Race Interlaken 2007\"\n\t\t\t\tdata-image-id=\"5302\"\n\t\t\t\tsrc=\"\"\/>\n\t\t<\/a>\n\t\t\t<a href=\"https:\/\/wp.1dfh.de\/wordpress\/wp-content\/gallery\/rbar-interlaken-2007\/1dfh-rba-il07-002.jpg?t=1773417120\"\n\t\t\ttitle=\"Red Bull Air Race Interlaken 2007\"\n\t\t\t\t\t\t\t\t\t\t\t\t\t\t\t data-image-id=\"5303\" data-src=\"https:\/\/wp.1dfh.de\/wordpress\/wp-content\/gallery\/rbar-interlaken-2007\/1dfh-rba-il07-002.jpg?t=1773417120\" data-thumbnail=\"https:\/\/wp.1dfh.de\/wordpress\/wp-content\/gallery\/rbar-interlaken-2007\/cache\/1dfh-rba-il07-002.jpg-nggid045303-ngg0dyn-100x100x100-00f0w010c011r110f110r010t010.jpg?t=1773417120\" data-title=\"Red Bull Air Race Interlaken 2007\" data-description=\"Red Bull Air Race Interlaken 2007\">\n\t\t\t<img title=\"Red Bull Air Race Interlaken 2007\"\n\t\t\t\talt=\"Red Bull Air Race Interlaken 2007\"\n\t\t\t\tdata-image-id=\"5303\"\n\t\t\t\tsrc=\"\"\/>\n\t\t<\/a>\n\t\t\t<a href=\"https:\/\/wp.1dfh.de\/wordpress\/wp-content\/gallery\/rbar-interlaken-2007\/1dfh-rba-il07-003.jpg?t=1773417119\"\n\t\t\ttitle=\"Red Bull Air Race Interlaken 2007\"\n\t\t\t\t\t\t\t\t\t\t\t\t\t\t\t data-image-id=\"5304\" data-src=\"https:\/\/wp.1dfh.de\/wordpress\/wp-content\/gallery\/rbar-interlaken-2007\/1dfh-rba-il07-003.jpg?t=1773417119\" data-thumbnail=\"https:\/\/wp.1dfh.de\/wordpress\/wp-content\/gallery\/rbar-interlaken-2007\/cache\/1dfh-rba-il07-003.jpg-nggid045304-ngg0dyn-100x100x100-00f0w010c011r110f110r010t010.jpg?t=1773417119\" data-title=\"Red Bull Air Race Interlaken 2007\" data-description=\"Red Bull Air Race Interlaken 2007\">\n\t\t\t<img title=\"Red Bull Air Race Interlaken 2007\"\n\t\t\t\talt=\"Red Bull Air Race Interlaken 2007\"\n\t\t\t\tdata-image-id=\"5304\"\n\t\t\t\tsrc=\"\"\/>\n\t\t<\/a>\n\t<\/div>\n","protected":false},"excerpt":{"rendered":"<p>[media id=255 width=470 height=320] Red Bull Air Race Qualifying am Samstag: Es sieht so aus, als st\u00fcrzt Matt Hall ins Wasser. Wie ein Wunder hebt sich die Flugzeugspitze und er fliegt weiter. Ein Tag nach dem Ereignis spricht der australische Pilot \u00fcber seine Gef\u00fchle und die Ursachen, die dadurch entstanden sind. Wie f\u00fchlen Sie sich &hellip; <a href=\"https:\/\/wp.1dfh.de\/wordpress\/sonntags-interview-mit-matt-hall-nach-vorfall-uber-detroit-river\/\" class=\"more-link\"><span class=\"screen-reader-text\">Sonntags-Interview mit Matt Hall nach Vorfall \u00fcber Detroit River<\/span> weiterlesen <span class=\"meta-nav\">&rarr;<\/span><\/a><\/p>\n","protected":false},"author":2,"featured_media":0,"comment_status":"open","ping_status":"open","sticky":false,"template":"","format":"standard","meta":{"ngg_post_thumbnail":0,"footnotes":""},"categories":[18,2030,11],"tags":[11641,11252,11545,3241,11986],"class_list":["post-11322","post","type-post","status-publish","format-standard","hentry","category-flugveranstaltungen","category-teilnehmer","category-videos","tag-matt-hall","tag-red-bull-air-race","tag-red-bull-air-race-2010","tag-red-bull-air-race-windsor","tag-windsor"],"_links":{"self":[{"href":"https:\/\/wp.1dfh.de\/wordpress\/wp-json\/wp\/v2\/posts\/11322","targetHints":{"allow":["GET"]}}],"collection":[{"href":"https:\/\/wp.1dfh.de\/wordpress\/wp-json\/wp\/v2\/posts"}],"about":[{"href":"https:\/\/wp.1dfh.de\/wordpress\/wp-json\/wp\/v2\/types\/post"}],"author":[{"embeddable":true,"href":"https:\/\/wp.1dfh.de\/wordpress\/wp-json\/wp\/v2\/users\/2"}],"replies":[{"embeddable":true,"href":"https:\/\/wp.1dfh.de\/wordpress\/wp-json\/wp\/v2\/comments?post=11322"}],"version-history":[{"count":0,"href":"https:\/\/wp.1dfh.de\/wordpress\/wp-json\/wp\/v2\/posts\/11322\/revisions"}],"wp:attachment":[{"href":"https:\/\/wp.1dfh.de\/wordpress\/wp-json\/wp\/v2\/media?parent=11322"}],"wp:term":[{"taxonomy":"category","embeddable":true,"href":"https:\/\/wp.1dfh.de\/wordpress\/wp-json\/wp\/v2\/categories?post=11322"},{"taxonomy":"post_tag","embeddable":true,"href":"https:\/\/wp.1dfh.de\/wordpress\/wp-json\/wp\/v2\/tags?post=11322"}],"curies":[{"name":"wp","href":"https:\/\/api.w.org\/{rel}","templated":true}]}}