{"id":11670,"date":"2010-06-28T11:47:04","date_gmt":"2010-06-28T09:47:04","guid":{"rendered":"http:\/\/wp.1dfh.de\/wordpress\/?p=11670"},"modified":"2010-06-28T16:04:03","modified_gmt":"2010-06-28T14:04:03","slug":"hubschrauberrundfluge","status":"publish","type":"post","link":"https:\/\/wp.1dfh.de\/wordpress\/hubschrauberrundfluge\/","title":{"rendered":"Hubschrauberrundfl\u00fcge"},"content":{"rendered":"<figure id=\"attachment_11671\" aria-describedby=\"caption-attachment-11671\" style=\"width: 240px\" class=\"wp-caption alignright\"><a href=\"http:\/\/www.stuttgart-hubschrauber.de\" target=\"_blank\"><img loading=\"lazy\" decoding=\"async\" class=\"size-full wp-image-11671 \" title=\"HELIEVENT Hubschrauberfl\u00fcge \" src=\"http:\/\/wp.1dfh.de\/wordpress\/wp-content\/uploads\/helievent.png\" alt=\"HELIEVENT Hubschrauberfl\u00fcge \" width=\"240\" height=\"63\" srcset=\"https:\/\/wp.1dfh.de\/wordpress\/wp-content\/uploads\/helievent.png 240w, https:\/\/wp.1dfh.de\/wordpress\/wp-content\/uploads\/helievent-150x39.png 150w\" sizes=\"auto, (max-width: 240px) 100vw, 240px\" \/><\/a><figcaption id=\"caption-attachment-11671\" class=\"wp-caption-text\">HELIEVENT Hubschrauberfl\u00fcge <\/figcaption><\/figure>\n<p><strong>Juli<\/strong><\/p>\n<ul>\n<li>08.07.10 Fotoflug \u00fcber Bl\u00fchendes Barock Ludwigsburg 30 Min. 10 Uhr noch Pl\u00e4tze frei<\/li>\n<\/ul>\n<ul>\n<li>08.07.10 Rundf\u00fcge ab Stuttgart<\/li>\n<\/ul>\n<ul>\n<li>10.07.10 Kurzrundfl\u00fcge ab 45,- Eur Raum Reutlingen &amp; Hechingen Anmeldung erforderlich<\/li>\n<li>10.07.10 Hochzeitsfl\u00fcge Raum Stuttgart<\/li>\n<li>Rundflugveranstaltung in Glems bei Metzingen in Vorbereitung\u00a0 Termin folgt<\/li>\n<\/ul>\n<div class=\"ngg-related-gallery\">\n\t\t\t<a href=\"https:\/\/wp.1dfh.de\/wordpress\/wp-content\/gallery\/hubschraubereinsatz-georgenberg\/1dfh-georgenberg-180809-039.jpg?t=1770670104\"\n\t\t\ttitle=\" \"\n\t\t\t\t\t\t\t\t\t\t\t\t\t\t\t data-image-id=\"2132\" data-src=\"https:\/\/wp.1dfh.de\/wordpress\/wp-content\/gallery\/hubschraubereinsatz-georgenberg\/1dfh-georgenberg-180809-039.jpg?t=1770670104\" data-thumbnail=\"https:\/\/wp.1dfh.de\/wordpress\/wp-content\/gallery\/hubschraubereinsatz-georgenberg\/cache\/1dfh-georgenberg-180809-039.jpg-nggid042132-ngg0dyn-100x100x100-00f0w010c011r110f110r010t010.jpg?t=1770670104\" data-title=\"1dfh-georgenberg-180809-039\" data-description=\" \">\n\t\t\t<img title=\"1dfh-georgenberg-180809-039\"\n\t\t\t\talt=\"1dfh-georgenberg-180809-039\"\n\t\t\t\tdata-image-id=\"2132\"\n\t\t\t\tsrc=\"\"\/>\n\t\t<\/a>\n\t\t\t<a href=\"https:\/\/wp.1dfh.de\/wordpress\/wp-content\/gallery\/garten-23-07-2012\/1dfh-garten-23072012-100.jpg?t=1773283766\"\n\t\t\ttitle=\"Garten\"\n\t\t\t\t\t\t\t\t\t\t\t\t\t\t\t data-image-id=\"19445\" data-src=\"https:\/\/wp.1dfh.de\/wordpress\/wp-content\/gallery\/garten-23-07-2012\/1dfh-garten-23072012-100.jpg?t=1773283766\" data-thumbnail=\"https:\/\/wp.1dfh.de\/wordpress\/wp-content\/gallery\/garten-23-07-2012\/cache\/1dfh-garten-23072012-100.jpg-nggid0519445-ngg0dyn-100x100x100-00f0w010c011r110f110r010t010.jpg?t=1773283766\" data-title=\"Garten\" data-description=\"Garten\">\n\t\t\t<img title=\"Garten\"\n\t\t\t\talt=\"Garten\"\n\t\t\t\tdata-image-id=\"19445\"\n\t\t\t\tsrc=\"\"\/>\n\t\t<\/a>\n\t\t\t<a href=\"https:\/\/wp.1dfh.de\/wordpress\/wp-content\/gallery\/garten-23-07-2012\/1dfh-garten-23072012-101.jpg?t=1773283756\"\n\t\t\ttitle=\"Garten\"\n\t\t\t\t\t\t\t\t\t\t\t\t\t\t\t data-image-id=\"19446\" data-src=\"https:\/\/wp.1dfh.de\/wordpress\/wp-content\/gallery\/garten-23-07-2012\/1dfh-garten-23072012-101.jpg?t=1773283756\" data-thumbnail=\"https:\/\/wp.1dfh.de\/wordpress\/wp-content\/gallery\/garten-23-07-2012\/cache\/1dfh-garten-23072012-101.jpg-nggid0519446-ngg0dyn-100x100x100-00f0w010c011r110f110r010t010.jpg?t=1773283756\" data-title=\"Garten\" data-description=\"Garten\">\n\t\t\t<img title=\"Garten\"\n\t\t\t\talt=\"Garten\"\n\t\t\t\tdata-image-id=\"19446\"\n\t\t\t\tsrc=\"\"\/>\n\t\t<\/a>\n\t\t\t<a href=\"https:\/\/wp.1dfh.de\/wordpress\/wp-content\/gallery\/garten-23-07-2012\/1dfh-garten-23072012-102.jpg?t=1773283756\"\n\t\t\ttitle=\"Garten\"\n\t\t\t\t\t\t\t\t\t\t\t\t\t\t\t data-image-id=\"19447\" data-src=\"https:\/\/wp.1dfh.de\/wordpress\/wp-content\/gallery\/garten-23-07-2012\/1dfh-garten-23072012-102.jpg?t=1773283756\" data-thumbnail=\"https:\/\/wp.1dfh.de\/wordpress\/wp-content\/gallery\/garten-23-07-2012\/cache\/1dfh-garten-23072012-102.jpg-nggid0519447-ngg0dyn-100x100x100-00f0w010c011r110f110r010t010.jpg?t=1773283756\" data-title=\"Garten\" data-description=\"Garten\">\n\t\t\t<img title=\"Garten\"\n\t\t\t\talt=\"Garten\"\n\t\t\t\tdata-image-id=\"19447\"\n\t\t\t\tsrc=\"\"\/>\n\t\t<\/a>\n\t\t\t<a href=\"https:\/\/wp.1dfh.de\/wordpress\/wp-content\/gallery\/garten-23-07-2012\/1dfh-garten-23072012-103.jpg?t=1773283766\"\n\t\t\ttitle=\"Garten\"\n\t\t\t\t\t\t\t\t\t\t\t\t\t\t\t data-image-id=\"19448\" data-src=\"https:\/\/wp.1dfh.de\/wordpress\/wp-content\/gallery\/garten-23-07-2012\/1dfh-garten-23072012-103.jpg?t=1773283766\" data-thumbnail=\"https:\/\/wp.1dfh.de\/wordpress\/wp-content\/gallery\/garten-23-07-2012\/cache\/1dfh-garten-23072012-103.jpg-nggid0519448-ngg0dyn-100x100x100-00f0w010c011r110f110r010t010.jpg?t=1773283766\" data-title=\"Garten\" data-description=\"Garten\">\n\t\t\t<img title=\"Garten\"\n\t\t\t\talt=\"Garten\"\n\t\t\t\tdata-image-id=\"19448\"\n\t\t\t\tsrc=\"\"\/>\n\t\t<\/a>\n\t\t\t<a href=\"https:\/\/wp.1dfh.de\/wordpress\/wp-content\/gallery\/garten-23-07-2012\/1dfh-garten-23072012-104.jpg?t=1773283756\"\n\t\t\ttitle=\"Garten\"\n\t\t\t\t\t\t\t\t\t\t\t\t\t\t\t data-image-id=\"19449\" data-src=\"https:\/\/wp.1dfh.de\/wordpress\/wp-content\/gallery\/garten-23-07-2012\/1dfh-garten-23072012-104.jpg?t=1773283756\" data-thumbnail=\"https:\/\/wp.1dfh.de\/wordpress\/wp-content\/gallery\/garten-23-07-2012\/cache\/1dfh-garten-23072012-104.jpg-nggid0519449-ngg0dyn-100x100x100-00f0w010c011r110f110r010t010.jpg?t=1773283756\" data-title=\"Garten\" data-description=\"Garten\">\n\t\t\t<img title=\"Garten\"\n\t\t\t\talt=\"Garten\"\n\t\t\t\tdata-image-id=\"19449\"\n\t\t\t\tsrc=\"\"\/>\n\t\t<\/a>\n\t\t\t<a href=\"https:\/\/wp.1dfh.de\/wordpress\/wp-content\/gallery\/garten-18-06-2013\/garten-18062013-1dfh00.jpg?t=1773283756\"\n\t\t\ttitle=\"Garten 18.06.2013\"\n\t\t\t\t\t\t\t\t\t\t\t\t\t\t\t data-image-id=\"27439\" data-src=\"https:\/\/wp.1dfh.de\/wordpress\/wp-content\/gallery\/garten-18-06-2013\/garten-18062013-1dfh00.jpg?t=1773283756\" data-thumbnail=\"https:\/\/wp.1dfh.de\/wordpress\/wp-content\/gallery\/garten-18-06-2013\/cache\/garten-18062013-1dfh00.jpg-nggid0527439-ngg0dyn-100x100x100-00f0w010c011r110f110r010t010.jpg?t=1773283756\" data-title=\"Garten 18.06.2013\" data-description=\"Garten 18.06.2013\">\n\t\t\t<img title=\"Garten 18.06.2013\"\n\t\t\t\talt=\"Garten 18.06.2013\"\n\t\t\t\tdata-image-id=\"27439\"\n\t\t\t\tsrc=\"\"\/>\n\t\t<\/a>\n\t<\/div>\n","protected":false},"excerpt":{"rendered":"<p>Juli 08.07.10 Fotoflug \u00fcber Bl\u00fchendes Barock Ludwigsburg 30 Min. 10 Uhr noch Pl\u00e4tze frei 08.07.10 Rundf\u00fcge ab Stuttgart 10.07.10 Kurzrundfl\u00fcge ab 45,- Eur Raum Reutlingen &amp; Hechingen Anmeldung erforderlich 10.07.10 Hochzeitsfl\u00fcge Raum Stuttgart Rundflugveranstaltung in Glems bei Metzingen in Vorbereitung\u00a0 Termin folgt<\/p>\n","protected":false},"author":2,"featured_media":11671,"comment_status":"open","ping_status":"open","sticky":false,"template":"","format":"standard","meta":{"ngg_post_thumbnail":0,"footnotes":""},"categories":[18,9],"tags":[93,3760,119,3759,11177,11181,3775,3758,299,450,510],"class_list":["post-11670","post","type-post","status-publish","format-standard","has-post-thumbnail","hentry","category-flugveranstaltungen","category-termine","tag-bell-206l","tag-bell-206l-long-ranger-iv","tag-d-hhmm","tag-helievent","tag-helikopter","tag-hubschraubermodell","tag-hubschrauberfluge","tag-hubschrauberrundfluge-2","tag-long-ranger","tag-rundflug","tag-turbine"],"_links":{"self":[{"href":"https:\/\/wp.1dfh.de\/wordpress\/wp-json\/wp\/v2\/posts\/11670","targetHints":{"allow":["GET"]}}],"collection":[{"href":"https:\/\/wp.1dfh.de\/wordpress\/wp-json\/wp\/v2\/posts"}],"about":[{"href":"https:\/\/wp.1dfh.de\/wordpress\/wp-json\/wp\/v2\/types\/post"}],"author":[{"embeddable":true,"href":"https:\/\/wp.1dfh.de\/wordpress\/wp-json\/wp\/v2\/users\/2"}],"replies":[{"embeddable":true,"href":"https:\/\/wp.1dfh.de\/wordpress\/wp-json\/wp\/v2\/comments?post=11670"}],"version-history":[{"count":0,"href":"https:\/\/wp.1dfh.de\/wordpress\/wp-json\/wp\/v2\/posts\/11670\/revisions"}],"wp:featuredmedia":[{"embeddable":true,"href":"https:\/\/wp.1dfh.de\/wordpress\/wp-json\/wp\/v2\/media\/11671"}],"wp:attachment":[{"href":"https:\/\/wp.1dfh.de\/wordpress\/wp-json\/wp\/v2\/media?parent=11670"}],"wp:term":[{"taxonomy":"category","embeddable":true,"href":"https:\/\/wp.1dfh.de\/wordpress\/wp-json\/wp\/v2\/categories?post=11670"},{"taxonomy":"post_tag","embeddable":true,"href":"https:\/\/wp.1dfh.de\/wordpress\/wp-json\/wp\/v2\/tags?post=11670"}],"curies":[{"name":"wp","href":"https:\/\/api.w.org\/{rel}","templated":true}]}}