{"id":11703,"date":"2010-06-28T16:38:35","date_gmt":"2010-06-28T14:38:35","guid":{"rendered":"http:\/\/wp.1dfh.de\/wordpress\/?p=11703"},"modified":"2010-06-28T16:56:37","modified_gmt":"2010-06-28T14:56:37","slug":"fliegerfest-segelflugplatz-irsingen-01-08-2010","status":"publish","type":"post","link":"https:\/\/wp.1dfh.de\/wordpress\/fliegerfest-segelflugplatz-irsingen-01-08-2010\/","title":{"rendered":"Fliegerfest Segelflugplatz Irsingen 01.08.2010"},"content":{"rendered":"<p><strong> <\/strong><\/p>\n<figure id=\"attachment_11706\" aria-describedby=\"caption-attachment-11706\" style=\"width: 300px\" class=\"wp-caption alignright\"><strong><strong><a href=\"http:\/\/www.lsv-irsingen-hesselberg.de\/\" target=\"_blank\"><img loading=\"lazy\" decoding=\"async\" class=\"size-medium wp-image-11706  \" title=\"LSV-Irsingen Hesselberg e.V.\" src=\"http:\/\/wp.1dfh.de\/wordpress\/wp-content\/uploads\/banner1-300x46.jpg\" alt=\"LSV-Irsingen Hesselberg e.V.\" width=\"300\" height=\"46\" srcset=\"https:\/\/wp.1dfh.de\/wordpress\/wp-content\/uploads\/banner1-300x46.jpg 300w, https:\/\/wp.1dfh.de\/wordpress\/wp-content\/uploads\/banner1-150x23.jpg 150w, https:\/\/wp.1dfh.de\/wordpress\/wp-content\/uploads\/banner1-400x61.jpg 400w, https:\/\/wp.1dfh.de\/wordpress\/wp-content\/uploads\/banner1.jpg 650w\" sizes=\"auto, (max-width: 300px) 100vw, 300px\" \/><\/a><\/strong><\/strong><figcaption id=\"caption-attachment-11706\" class=\"wp-caption-text\">LSV-Irsingen Hesselberg e.V.<\/figcaption><\/figure>\n<p><strong>60 Jahre LSV Irsingen \/ Hesselberg e.V.<\/strong><\/p>\n<ul>\n<li>09:30 Uhr: Festgottesdienst mit anschlie\u00dfendem Fr\u00fchschoppen mit denVirngrundmusikanten St\u00f6dtlen<\/li>\n<\/ul>\n<ul>\n<li> ab 14:00 Uhr: Flugprogramm<\/li>\n<li>Antonov AN II &#8211; gr\u00f6\u00dfter Doppeldecker der Welt Donau-Air-Service GmbH<\/li>\n<li>Motorkunstflug einer Extra 200<\/li>\n<li>Fallschirmabspr\u00fcnge<\/li>\n<li>Rundfl\u00fcge<\/li>\n<li>f\u00fcr Ihr leibliches Wohl ist bestens gesorgt<\/li>\n<\/ul>\n<p>[gmap]<\/p>\n<div class=\"ngg-related-gallery\">\n\t\t\t<a href=\"https:\/\/wp.1dfh.de\/wordpress\/wp-content\/gallery\/flugplatzfest-ubersberg-16-08-2009\/1dfh-flugplatzfest-uebersberg-010.jpg?t=1773497570\"\n\t\t\ttitle=\" \"\n\t\t\t\t\t\t\t\t\t\t\t\t\t\t\t data-image-id=\"2065\" data-src=\"https:\/\/wp.1dfh.de\/wordpress\/wp-content\/gallery\/flugplatzfest-ubersberg-16-08-2009\/1dfh-flugplatzfest-uebersberg-010.jpg?t=1773497570\" data-thumbnail=\"https:\/\/wp.1dfh.de\/wordpress\/wp-content\/gallery\/flugplatzfest-ubersberg-16-08-2009\/cache\/1dfh-flugplatzfest-uebersberg-010.jpg-nggid042065-ngg0dyn-100x100x100-00f0w010c011r110f110r010t010.jpg?t=1773497570\" data-title=\"1dfh-flugplatzfest-uebersberg-010\" data-description=\" \">\n\t\t\t<img title=\"1dfh-flugplatzfest-uebersberg-010\"\n\t\t\t\talt=\"1dfh-flugplatzfest-uebersberg-010\"\n\t\t\t\tdata-image-id=\"2065\"\n\t\t\t\tsrc=\"\"\/>\n\t\t<\/a>\n\t\t\t<a href=\"https:\/\/wp.1dfh.de\/wordpress\/wp-content\/gallery\/flugplatzfest-ubersberg-16-08-2009\/1dfh-flugplatzfest-uebersberg-011.jpg?t=1773497570\"\n\t\t\ttitle=\" \"\n\t\t\t\t\t\t\t\t\t\t\t\t\t\t\t data-image-id=\"2066\" data-src=\"https:\/\/wp.1dfh.de\/wordpress\/wp-content\/gallery\/flugplatzfest-ubersberg-16-08-2009\/1dfh-flugplatzfest-uebersberg-011.jpg?t=1773497570\" data-thumbnail=\"https:\/\/wp.1dfh.de\/wordpress\/wp-content\/gallery\/flugplatzfest-ubersberg-16-08-2009\/cache\/1dfh-flugplatzfest-uebersberg-011.jpg-nggid042066-ngg0dyn-100x100x100-00f0w010c011r110f110r010t010.jpg?t=1773497570\" data-title=\"1dfh-flugplatzfest-uebersberg-011\" data-description=\" \">\n\t\t\t<img title=\"1dfh-flugplatzfest-uebersberg-011\"\n\t\t\t\talt=\"1dfh-flugplatzfest-uebersberg-011\"\n\t\t\t\tdata-image-id=\"2066\"\n\t\t\t\tsrc=\"\"\/>\n\t\t<\/a>\n\t\t\t<a href=\"https:\/\/wp.1dfh.de\/wordpress\/wp-content\/gallery\/flugplatzfest-ubersberg-16-08-2009\/1dfh-flugplatzfest-uebersberg-012.jpg?t=1773497579\"\n\t\t\ttitle=\" \"\n\t\t\t\t\t\t\t\t\t\t\t\t\t\t\t data-image-id=\"2067\" data-src=\"https:\/\/wp.1dfh.de\/wordpress\/wp-content\/gallery\/flugplatzfest-ubersberg-16-08-2009\/1dfh-flugplatzfest-uebersberg-012.jpg?t=1773497579\" data-thumbnail=\"https:\/\/wp.1dfh.de\/wordpress\/wp-content\/gallery\/flugplatzfest-ubersberg-16-08-2009\/cache\/1dfh-flugplatzfest-uebersberg-012.jpg-nggid042067-ngg0dyn-100x100x100-00f0w010c011r110f110r010t010.jpg?t=1773497579\" data-title=\"1dfh-flugplatzfest-uebersberg-012\" data-description=\" \">\n\t\t\t<img title=\"1dfh-flugplatzfest-uebersberg-012\"\n\t\t\t\talt=\"1dfh-flugplatzfest-uebersberg-012\"\n\t\t\t\tdata-image-id=\"2067\"\n\t\t\t\tsrc=\"\"\/>\n\t\t<\/a>\n\t\t\t<a href=\"https:\/\/wp.1dfh.de\/wordpress\/wp-content\/gallery\/flugplatzfest-ubersberg-16-08-2009\/1dfh-flugplatzfest-uebersberg-014.jpg?t=1773497570\"\n\t\t\ttitle=\" \"\n\t\t\t\t\t\t\t\t\t\t\t\t\t\t\t data-image-id=\"2069\" data-src=\"https:\/\/wp.1dfh.de\/wordpress\/wp-content\/gallery\/flugplatzfest-ubersberg-16-08-2009\/1dfh-flugplatzfest-uebersberg-014.jpg?t=1773497570\" data-thumbnail=\"https:\/\/wp.1dfh.de\/wordpress\/wp-content\/gallery\/flugplatzfest-ubersberg-16-08-2009\/cache\/1dfh-flugplatzfest-uebersberg-014.jpg-nggid042069-ngg0dyn-100x100x100-00f0w010c011r110f110r010t010.jpg?t=1773497570\" data-title=\"1dfh-flugplatzfest-uebersberg-014\" data-description=\" \">\n\t\t\t<img title=\"1dfh-flugplatzfest-uebersberg-014\"\n\t\t\t\talt=\"1dfh-flugplatzfest-uebersberg-014\"\n\t\t\t\tdata-image-id=\"2069\"\n\t\t\t\tsrc=\"\"\/>\n\t\t<\/a>\n\t\t\t<a href=\"https:\/\/wp.1dfh.de\/wordpress\/wp-content\/gallery\/flugplatzfest-ubersberg-16-08-2009\/1dfh-flugplatzfest-uebersberg-016.jpg?t=1773497570\"\n\t\t\ttitle=\" \"\n\t\t\t\t\t\t\t\t\t\t\t\t\t\t\t data-image-id=\"2071\" data-src=\"https:\/\/wp.1dfh.de\/wordpress\/wp-content\/gallery\/flugplatzfest-ubersberg-16-08-2009\/1dfh-flugplatzfest-uebersberg-016.jpg?t=1773497570\" data-thumbnail=\"https:\/\/wp.1dfh.de\/wordpress\/wp-content\/gallery\/flugplatzfest-ubersberg-16-08-2009\/cache\/1dfh-flugplatzfest-uebersberg-016.jpg-nggid042071-ngg0dyn-100x100x100-00f0w010c011r110f110r010t010.jpg?t=1773497570\" data-title=\"1dfh-flugplatzfest-uebersberg-016\" data-description=\" \">\n\t\t\t<img title=\"1dfh-flugplatzfest-uebersberg-016\"\n\t\t\t\talt=\"1dfh-flugplatzfest-uebersberg-016\"\n\t\t\t\tdata-image-id=\"2071\"\n\t\t\t\tsrc=\"\"\/>\n\t\t<\/a>\n\t\t\t<a href=\"https:\/\/wp.1dfh.de\/wordpress\/wp-content\/gallery\/flugplatzfest-ubersberg-16-08-2009\/1dfh-flugplatzfest-uebersberg-025.jpg?t=1773497570\"\n\t\t\ttitle=\" \"\n\t\t\t\t\t\t\t\t\t\t\t\t\t\t\t data-image-id=\"2080\" data-src=\"https:\/\/wp.1dfh.de\/wordpress\/wp-content\/gallery\/flugplatzfest-ubersberg-16-08-2009\/1dfh-flugplatzfest-uebersberg-025.jpg?t=1773497570\" data-thumbnail=\"https:\/\/wp.1dfh.de\/wordpress\/wp-content\/gallery\/flugplatzfest-ubersberg-16-08-2009\/cache\/1dfh-flugplatzfest-uebersberg-025.jpg-nggid042080-ngg0dyn-100x100x100-00f0w010c011r110f110r010t010.jpg?t=1773497570\" data-title=\"1dfh-flugplatzfest-uebersberg-025\" data-description=\" \">\n\t\t\t<img title=\"1dfh-flugplatzfest-uebersberg-025\"\n\t\t\t\talt=\"1dfh-flugplatzfest-uebersberg-025\"\n\t\t\t\tdata-image-id=\"2080\"\n\t\t\t\tsrc=\"\"\/>\n\t\t<\/a>\n\t\t\t<a href=\"https:\/\/wp.1dfh.de\/wordpress\/wp-content\/gallery\/flugplatzfest-ubersberg-16-08-2009\/1dfh-flugplatzfest-uebersberg-026.jpg?t=1773497570\"\n\t\t\ttitle=\"Cockpit AN 2\"\n\t\t\t\t\t\t\t\t\t\t\t\t\t\t\t data-image-id=\"2081\" data-src=\"https:\/\/wp.1dfh.de\/wordpress\/wp-content\/gallery\/flugplatzfest-ubersberg-16-08-2009\/1dfh-flugplatzfest-uebersberg-026.jpg?t=1773497570\" data-thumbnail=\"https:\/\/wp.1dfh.de\/wordpress\/wp-content\/gallery\/flugplatzfest-ubersberg-16-08-2009\/cache\/1dfh-flugplatzfest-uebersberg-026.jpg-nggid042081-ngg0dyn-100x100x100-00f0w010c011r110f110r010t010.jpg?t=1773497570\" data-title=\"1dfh-flugplatzfest-uebersberg-026\" data-description=\"Cockpit AN 2\">\n\t\t\t<img title=\"1dfh-flugplatzfest-uebersberg-026\"\n\t\t\t\talt=\"1dfh-flugplatzfest-uebersberg-026\"\n\t\t\t\tdata-image-id=\"2081\"\n\t\t\t\tsrc=\"\"\/>\n\t\t<\/a>\n\t<\/div>\n","protected":false},"excerpt":{"rendered":"<p>60 Jahre LSV Irsingen \/ Hesselberg e.V. 09:30 Uhr: Festgottesdienst mit anschlie\u00dfendem Fr\u00fchschoppen mit denVirngrundmusikanten St\u00f6dtlen ab 14:00 Uhr: Flugprogramm Antonov AN II &#8211; gr\u00f6\u00dfter Doppeldecker der Welt Donau-Air-Service GmbH Motorkunstflug einer Extra 200 Fallschirmabspr\u00fcnge Rundfl\u00fcge f\u00fcr Ihr leibliches Wohl ist bestens gesorgt [gmap]<\/p>\n","protected":false},"author":2,"featured_media":11706,"comment_status":"open","ping_status":"open","sticky":false,"template":"","format":"standard","meta":{"ngg_post_thumbnail":0,"footnotes":""},"categories":[1,18,2030,9],"tags":[11463,67,11370,11458,1092,3776],"class_list":["post-11703","post","type-post","status-publish","format-standard","has-post-thumbnail","hentry","category-allgemeines","category-flugveranstaltungen","category-teilnehmer","category-termine","tag-angelika-heis","tag-antonov-an-ii","tag-donau-air-service-gmbh","tag-extra-200","tag-fliegerfest","tag-segelflugplatz-irsingen"],"_links":{"self":[{"href":"https:\/\/wp.1dfh.de\/wordpress\/wp-json\/wp\/v2\/posts\/11703","targetHints":{"allow":["GET"]}}],"collection":[{"href":"https:\/\/wp.1dfh.de\/wordpress\/wp-json\/wp\/v2\/posts"}],"about":[{"href":"https:\/\/wp.1dfh.de\/wordpress\/wp-json\/wp\/v2\/types\/post"}],"author":[{"embeddable":true,"href":"https:\/\/wp.1dfh.de\/wordpress\/wp-json\/wp\/v2\/users\/2"}],"replies":[{"embeddable":true,"href":"https:\/\/wp.1dfh.de\/wordpress\/wp-json\/wp\/v2\/comments?post=11703"}],"version-history":[{"count":0,"href":"https:\/\/wp.1dfh.de\/wordpress\/wp-json\/wp\/v2\/posts\/11703\/revisions"}],"wp:featuredmedia":[{"embeddable":true,"href":"https:\/\/wp.1dfh.de\/wordpress\/wp-json\/wp\/v2\/media\/11706"}],"wp:attachment":[{"href":"https:\/\/wp.1dfh.de\/wordpress\/wp-json\/wp\/v2\/media?parent=11703"}],"wp:term":[{"taxonomy":"category","embeddable":true,"href":"https:\/\/wp.1dfh.de\/wordpress\/wp-json\/wp\/v2\/categories?post=11703"},{"taxonomy":"post_tag","embeddable":true,"href":"https:\/\/wp.1dfh.de\/wordpress\/wp-json\/wp\/v2\/tags?post=11703"}],"curies":[{"name":"wp","href":"https:\/\/api.w.org\/{rel}","templated":true}]}}