{"id":11715,"date":"2010-06-29T17:14:20","date_gmt":"2010-06-29T15:14:20","guid":{"rendered":"http:\/\/wp.1dfh.de\/wordpress\/?p=11715"},"modified":"2010-06-29T17:25:33","modified_gmt":"2010-06-29T15:25:33","slug":"bonhomme-mit-sieg-in-die-sommerpause-red-bull-air-race-vor-dem-sprung-auf-den-alten-kontinent","status":"publish","type":"post","link":"https:\/\/wp.1dfh.de\/wordpress\/bonhomme-mit-sieg-in-die-sommerpause-red-bull-air-race-vor-dem-sprung-auf-den-alten-kontinent\/","title":{"rendered":"Bonhomme mit Sieg in die Sommerpause Red Bull Air Race vor dem Sprung auf den alten Kontinent"},"content":{"rendered":"<p><a class=\"shutterset_\" title=\"Paul Bonhomme of Great Britain in action on the Hudson River during the Red Bull Air Race New York Qualifying on June 19, 2010 in New Jersey. Foto \u00a9 Red Bull\" href=\"http:\/\/wp.1dfh.de\/wordpress\/wp-content\/gallery\/rbar-new-york-city-2010\/si201006190116.jpg\"><img loading=\"lazy\" decoding=\"async\" class=\"ngg-singlepic ngg-right alignright\" src=\"http:\/\/wp.1dfh.de\/wordpress\/wp-content\/gallery\/rbar-new-york-city-2010\/thumbs\/thumbs_si201006190116.jpg\" alt=\"101920513DM004_Paul_Bonhomm\" width=\"100\" height=\"100\" \/><\/a>NEW YORK \u2013 Er hat den s\u00fc\u00dfen Geschmack seines Sieges in New York noch auf den Lippen. Und das sch\u00f6ne ist: Paul Bonhomme wird dieses Gef\u00fchl den ganzen Sommer \u00fcber noch auskosten k\u00f6nnen. Nicht nur, weil es das erste Red Bull Air Race im \u201eBig Apple\u201c, der bisher gr\u00f6\u00dften B\u00fchne in der Geschichte des spektakul\u00e4rsten Motorsportrennens der Welt, war. \u201eIn New York an den Start gehen zu d\u00fcrfen, war einfach klasse. Ich habe die ganze Woche versucht, mir die Gedanken an New York, New Jersey und den Liberty Park aus dem Kopf zu schlagen. Aber dann, unmittelbar nach dem Rennen, habe ich nach unten geschaut und gedacht: Das ist total cool\u201c, erkl\u00e4rte Bonhomme in einem Interview mit dem Fernsehsender Fox News.<\/p>\n<p>Der Titelverteidiger aus Gro\u00dfbritannien, dank seines Sieges mit den sich anschlie\u00dfenden TV-Interviews zum neuen Star am Himmel des \u201eBig Apple\u201c avanciert, ging mit einem nur hauchd\u00fcnnen Vorsprung auf den Weltmeister von 2008, Hannes Arch, in das spektakul\u00e4re New York-Rennen. Aber vor einer Kulisse von 120.000 Motorsport-Fans, die das Rennen vom Ufer des Hudson River aus verfolgten, gelang Bonhomme eine bravour\u00f6se Vorstellung. Er hielt den immer auf Angriff programmierten \u00d6sterreicher auf Distanz und setzte dessen Erfolgsserie mit drei Siegen in Folge ein Ende.<\/p>\n<p>Bonhomme ist nun scharf darauf, als erster Pilot zwei WM-Titel in Folge zu gewinnen. Mit seinem Sieg in New York konnte er seine Spitzenposition mit einem f\u00fcnf-Punkte-Vorsprung wieder festigen. Aber ihm ist auch klar, dass es bei den drei europ\u00e4ischen Rennen, die noch folgen, schwierig wird, den angriffslustigen Hannes Arch in Schach zu halten. Den Auftakt in Europa macht der EuroSpeedway in Lausitz\/Deutschland, am 7. und 8. August. Das Rennen auf dem Parcours zwischen Berlin und Dresden wird f\u00fcr den Deutschen Matthias Dolderer zum Heimspiel, bei dem der Allg\u00e4uer seinen entt\u00e4uschenden zehnten Platz von New York am liebsten schnell vergessen machen w\u00fcrde.<\/p>\n<p>Bonhomme, der bereits zwei Siege in f\u00fcnf Saisonrennen in der Tasche hat, wird alle H\u00e4nde voll zu tun haben, den Vorsprung auf Arch zu halten. Immerhin ist dessen neue Edge 540 V3 wohl um einiges schneller als die Rennmaschine des Briten. Der Sieger der letzten drei Rennen (Perth, Rio de Janeiro, Windsor) h\u00e4tte sich in New York wohl auch den Sieg und damit die WM-F\u00fchrung geschnappt \u2013 wenn er im Final 4 nicht eine Sechs-Sekunden-Strafe f\u00fcr einen Pylonen-Hit kassiert h\u00e4tte.<\/p>\n<p>\u201eWir m\u00fcssen die Spannung weiterhin aufrecht halten\u201c, hat Bonhomme klar erkannt. 2008 musste er seine WM-F\u00fchrung abgeben, doch im vergangenen Jahr \u00fcberholte er den bei Halbzeit f\u00fchrenden Arch und schnappte ihm den WM-Titel noch vor der Nase weg. \u201eWir haben die beiden vergangenen Jahre gesehen, was passiert. Eine kleine Pause zu Halbzeit, und schon ist die Versuchung gro\u00df, erst einmal durchzuatmen und sich auszuruhen. Und dann geht man viel zu entspannt in die zweite H\u00e4lfte. Wir haben das jetzt innerhalb des Teams diskutiert.\u201d<\/p>\n<p>Beim ersten Rennen nach der \u201eSommerpause\u201c auf dem Lausitzring w\u00fcrde Bonhomme  seine Erfolgsserie \u2013 zw\u00f6lf Podiumsplatzierungen in Folge, davon sechs auf dem obersten Treppchen \u2013 gerne fortsetzen.<\/p>\n<p>Arch scheint in diesem Jahr eindeutig mehr Spa\u00df daran zu haben, auf der zweiten Position Bonhomme zu jagen, anstatt sich umgekehrt vom Briten jagen zu lassen \u2013 wie in 2009. Dass seine neue Rennmaschine in New York schneller war als die des Briten, hat den \u00d6sterreicher gefreut, aber er ist auch zuversichtlich, den derzeitigen F\u00fcnf-Punkte-Vorsprung von Bonhomme noch aufholen zu k\u00f6nnen. \u201eIch w\u00e4re schnell genug gewesen, ihn zu schlagen\u201c, erkl\u00e4rte Arch, dem immer noch genug Zeit bleibt, das britische Ass bei den Rennen in Europa abzufangen. Was den Pylonen-Hit in New York betrifft, lie\u00df Arch verlauten: \u201eDas waren gerade einmal ein paar Zentimeter. Ich gebe lieber alles auf Teufel komm heraus, und wenn ich schon verliere, dann mit Stil.\u201c<\/p>\n<p>US-Pilot Kirby Chambliss, der mit Rang drei in New York seinen zweiten Podiumsplatz in Folge feiern konnte, ist im Augenblick Vierter der WM-Gesamtwertung. Damit liegt er noch hinter dem Briten Nigel Lamb, derzeit hinter Bonhomme und Arch Dritter. Auch er wird versuchen, beim Rennen in Deutschland den Abstand zur Spitze noch weiter zu verk\u00fcrzen.<\/p>\n<p>Mit dem Rennen am 7.\/8. August des Red Bull Air Race feiert der EuroSpeedway Lausitz nicht nur seinen zehnten Geburtstag, sondern es ist auch das 50. Rennen in der Geschichte der Red Bull Air Race Weltmeisterschaft, die 2003 ins Leben gerufen wurde. Der EuroSpeedway Lausitz, eine der modernsten Test- und Rennstrecken Europas, wurde im August 2000 er\u00f6ffnet.<\/p>\n<div class=\"ngg-related-gallery\">\n\t\t\t<a href=\"https:\/\/wp.1dfh.de\/wordpress\/wp-content\/gallery\/rba-piloten-2010\/si201003030063.jpg?t=1773456550\"\n\t\t\ttitle=\"Paul Bonhomme (C) Red Bull\"\n\t\t\t\t\t\t\t\t\t\t\t\t\t\t\t data-image-id=\"4591\" data-src=\"https:\/\/wp.1dfh.de\/wordpress\/wp-content\/gallery\/rba-piloten-2010\/si201003030063.jpg?t=1773456550\" data-thumbnail=\"https:\/\/wp.1dfh.de\/wordpress\/wp-content\/gallery\/rba-piloten-2010\/cache\/si201003030063.jpg-nggid044591-ngg0dyn-100x100x100-00f0w010c011r110f110r010t010.jpg?t=1773456550\" data-title=\"si201003030063\" data-description=\"Paul Bonhomme (C) Red Bull\">\n\t\t\t<img title=\"si201003030063\"\n\t\t\t\talt=\"si201003030063\"\n\t\t\t\tdata-image-id=\"4591\"\n\t\t\t\tsrc=\"\"\/>\n\t\t<\/a>\n\t\t\t<a href=\"https:\/\/wp.1dfh.de\/wordpress\/wp-content\/gallery\/rba-abu-dhabi-2010\/si201003270013.jpg?t=1773404469\"\n\t\t\ttitle=\"ABU DHABI, UNITED ARAB EMIRATES - MARCH 27: (L-R) Second placed Nigel Lamb of Great Britain, winner Paul Bonhomme of Great Britain and third placed Peter Besenyei of Hungary with their medals after the Red Bull Air Race day on March 27, 2010 in Abu Dhabi, United Arab Emirates. (Photo by Hamish Blair\/Getty Images for Red Bull Air Race) *** Local Caption *** Nigel Lamb; Paul Bonhomme; Peter Besenyei\"\n\t\t\t\t\t\t\t\t\t\t\t\t\t\t\t data-image-id=\"4693\" data-src=\"https:\/\/wp.1dfh.de\/wordpress\/wp-content\/gallery\/rba-abu-dhabi-2010\/si201003270013.jpg?t=1773404469\" data-thumbnail=\"https:\/\/wp.1dfh.de\/wordpress\/wp-content\/gallery\/rba-abu-dhabi-2010\/cache\/si201003270013.jpg-nggid044693-ngg0dyn-100x100x100-00f0w010c011r110f110r010t010.jpg?t=1773404469\" data-title=\"97755980DM010_Red_Bull_Air_\" data-description=\"ABU DHABI, UNITED ARAB EMIRATES - MARCH 27: (L-R) Second placed Nigel Lamb of Great Britain, winner Paul Bonhomme of Great Britain and third placed Peter Besenyei of Hungary with their medals after the Red Bull Air Race day on March 27, 2010 in Abu Dhabi, United Arab Emirates. (Photo by Hamish Blair\/Getty Images for Red Bull Air Race) *** Local Caption *** Nigel Lamb; Paul Bonhomme; Peter Besenyei\">\n\t\t\t<img title=\"97755980DM010_Red_Bull_Air_\"\n\t\t\t\talt=\"97755980DM010_Red_Bull_Air_\"\n\t\t\t\tdata-image-id=\"4693\"\n\t\t\t\tsrc=\"\"\/>\n\t\t<\/a>\n\t\t\t<a href=\"https:\/\/wp.1dfh.de\/wordpress\/wp-content\/gallery\/rba-abu-dhabi-2010\/si201003270016.jpg?t=1773404478\"\n\t\t\ttitle=\"Nigel Lamb of Great Britain celebrates his 2nd, Paul Bonhomme of Great Britain his 1st and Peter Besenyei of Hungary his 3rd place on the podium after the Red Bull Air Race day on March 27, 2010 in Abu Dhabi, United Arab Emirates.\"\n\t\t\t\t\t\t\t\t\t\t\t\t\t\t\t data-image-id=\"4694\" data-src=\"https:\/\/wp.1dfh.de\/wordpress\/wp-content\/gallery\/rba-abu-dhabi-2010\/si201003270016.jpg?t=1773404478\" data-thumbnail=\"https:\/\/wp.1dfh.de\/wordpress\/wp-content\/gallery\/rba-abu-dhabi-2010\/cache\/si201003270016.jpg-nggid044694-ngg0dyn-100x100x100-00f0w010c011r110f110r010t010.jpg?t=1773404478\" data-title=\"Nigel Lamb; Paul Bonhomme; Peter Besenyei - Race Day, Abu Dhabi\" data-description=\"Nigel Lamb of Great Britain celebrates his 2nd, Paul Bonhomme of Great Britain his 1st and Peter Besenyei of Hungary his 3rd place on the podium after the Red Bull Air Race day on March 27, 2010 in Abu Dhabi, United Arab Emirates.\">\n\t\t\t<img title=\"Nigel Lamb; Paul Bonhomme; Peter Besenyei - Race Day, Abu Dhabi\"\n\t\t\t\talt=\"Nigel Lamb; Paul Bonhomme; Peter Besenyei - Race Day, Abu Dhabi\"\n\t\t\t\tdata-image-id=\"4694\"\n\t\t\t\tsrc=\"\"\/>\n\t\t<\/a>\n\t\t\t<a href=\"https:\/\/wp.1dfh.de\/wordpress\/wp-content\/gallery\/rbar-rio-de-janeiro-2010\/si201005090122.jpg?t=1770668309\"\n\t\t\ttitle=\"Hannes Arch of Austria celebrates his victory in the Red Bull Air Race Day on May 9, 2010 in Rio de Janeiro, Brazil. Nigel Lamb of Great Britain came 2nd and Paul Bonhomme of Great Britain his 3rd podium. Foto \u00a9 Red Bull\"\n\t\t\t\t\t\t\t\t\t\t\t\t\t\t\t data-image-id=\"5299\" data-src=\"https:\/\/wp.1dfh.de\/wordpress\/wp-content\/gallery\/rbar-rio-de-janeiro-2010\/si201005090122.jpg?t=1770668309\" data-thumbnail=\"https:\/\/wp.1dfh.de\/wordpress\/wp-content\/gallery\/rbar-rio-de-janeiro-2010\/cache\/si201005090122.jpg-nggid045299-ngg0dyn-100x100x100-00f0w010c011r110f110r010t010.jpg?t=1770668309\" data-title=\"si201005090122\" data-description=\"Hannes Arch of Austria celebrates his victory in the Red Bull Air Race Day on May 9, 2010 in Rio de Janeiro, Brazil. Nigel Lamb of Great Britain came 2nd and Paul Bonhomme of Great Britain his 3rd podium. Foto \u00a9 Red Bull\">\n\t\t\t<img title=\"si201005090122\"\n\t\t\t\talt=\"si201005090122\"\n\t\t\t\tdata-image-id=\"5299\"\n\t\t\t\tsrc=\"\"\/>\n\t\t<\/a>\n\t\t\t<a href=\"https:\/\/wp.1dfh.de\/wordpress\/wp-content\/gallery\/rbar-interlaken-2007\/1dfh-rba-il07-087.jpg?t=1773492704\"\n\t\t\ttitle=\"Red Bull Air Race Interlaken 2007\"\n\t\t\t\t\t\t\t\t\t\t\t\t\t\t\t data-image-id=\"5388\" data-src=\"https:\/\/wp.1dfh.de\/wordpress\/wp-content\/gallery\/rbar-interlaken-2007\/1dfh-rba-il07-087.jpg?t=1773492704\" data-thumbnail=\"https:\/\/wp.1dfh.de\/wordpress\/wp-content\/gallery\/rbar-interlaken-2007\/cache\/1dfh-rba-il07-087.jpg-nggid045388-ngg0dyn-100x100x100-00f0w010c011r110f110r010t010.jpg?t=1773492704\" data-title=\"Red Bull Air Race Interlaken 2007\" data-description=\"Red Bull Air Race Interlaken 2007\">\n\t\t\t<img title=\"Red Bull Air Race Interlaken 2007\"\n\t\t\t\talt=\"Red Bull Air Race Interlaken 2007\"\n\t\t\t\tdata-image-id=\"5388\"\n\t\t\t\tsrc=\"\"\/>\n\t\t<\/a>\n\t\t\t<a href=\"https:\/\/wp.1dfh.de\/wordpress\/wp-content\/gallery\/rbar-interlaken-2007\/1dfh-rba-il07-088.jpg?t=1501749488\"\n\t\t\ttitle=\"Red Bull Air Race Interlaken 2007\"\n\t\t\t\t\t\t\t\t\t\t\t\t\t\t\t data-image-id=\"5389\" data-src=\"https:\/\/wp.1dfh.de\/wordpress\/wp-content\/gallery\/rbar-interlaken-2007\/1dfh-rba-il07-088.jpg?t=1501749488\" data-thumbnail=\"https:\/\/wp.1dfh.de\/wordpress\/nextgen-image\/5389\/100x100x100\/crop\/c765b106849d004279afd622c4594eb0?t=1501749488\" data-title=\"Red Bull Air Race Interlaken 2007\" data-description=\"Red Bull Air Race Interlaken 2007\">\n\t\t\t<img title=\"Red Bull Air Race Interlaken 2007\"\n\t\t\t\talt=\"Red Bull Air Race Interlaken 2007\"\n\t\t\t\tdata-image-id=\"5389\"\n\t\t\t\tsrc=\"\"\/>\n\t\t<\/a>\n\t\t\t<a href=\"https:\/\/wp.1dfh.de\/wordpress\/wp-content\/gallery\/rbar-interlaken-2007\/1dfh-rba-il07-089.jpg?t=1501749488\"\n\t\t\ttitle=\"Red Bull Air Race Interlaken 2007\"\n\t\t\t\t\t\t\t\t\t\t\t\t\t\t\t data-image-id=\"5390\" data-src=\"https:\/\/wp.1dfh.de\/wordpress\/wp-content\/gallery\/rbar-interlaken-2007\/1dfh-rba-il07-089.jpg?t=1501749488\" data-thumbnail=\"https:\/\/wp.1dfh.de\/wordpress\/nextgen-image\/5390\/100x100x100\/crop\/cd60af7da7fb4279cb0a57dbc998f937?t=1501749488\" data-title=\"Red Bull Air Race Interlaken 2007\" data-description=\"Red Bull Air Race Interlaken 2007\">\n\t\t\t<img title=\"Red Bull Air Race Interlaken 2007\"\n\t\t\t\talt=\"Red Bull Air Race Interlaken 2007\"\n\t\t\t\tdata-image-id=\"5390\"\n\t\t\t\tsrc=\"\"\/>\n\t\t<\/a>\n\t<\/div>\n","protected":false},"excerpt":{"rendered":"<p>NEW YORK \u2013 Er hat den s\u00fc\u00dfen Geschmack seines Sieges in New York noch auf den Lippen. Und das sch\u00f6ne ist: Paul Bonhomme wird dieses Gef\u00fchl den ganzen Sommer \u00fcber noch auskosten k\u00f6nnen. Nicht nur, weil es das erste Red Bull Air Race im \u201eBig Apple\u201c, der bisher gr\u00f6\u00dften B\u00fchne in der Geschichte des spektakul\u00e4rsten &hellip; <a href=\"https:\/\/wp.1dfh.de\/wordpress\/bonhomme-mit-sieg-in-die-sommerpause-red-bull-air-race-vor-dem-sprung-auf-den-alten-kontinent\/\" class=\"more-link\"><span class=\"screen-reader-text\">Bonhomme mit Sieg in die Sommerpause Red Bull Air Race vor dem Sprung auf den alten Kontinent<\/span> weiterlesen <span class=\"meta-nav\">&rarr;<\/span><\/a><\/p>\n","protected":false},"author":2,"featured_media":0,"comment_status":"open","ping_status":"open","sticky":false,"template":"","format":"standard","meta":{"ngg_post_thumbnail":0,"footnotes":""},"categories":[2030],"tags":[1704,11241],"class_list":["post-11715","post","type-post","status-publish","format-standard","hentry","category-teilnehmer","tag-eurospeedway-lausitz","tag-paul-bonhomme"],"_links":{"self":[{"href":"https:\/\/wp.1dfh.de\/wordpress\/wp-json\/wp\/v2\/posts\/11715","targetHints":{"allow":["GET"]}}],"collection":[{"href":"https:\/\/wp.1dfh.de\/wordpress\/wp-json\/wp\/v2\/posts"}],"about":[{"href":"https:\/\/wp.1dfh.de\/wordpress\/wp-json\/wp\/v2\/types\/post"}],"author":[{"embeddable":true,"href":"https:\/\/wp.1dfh.de\/wordpress\/wp-json\/wp\/v2\/users\/2"}],"replies":[{"embeddable":true,"href":"https:\/\/wp.1dfh.de\/wordpress\/wp-json\/wp\/v2\/comments?post=11715"}],"version-history":[{"count":0,"href":"https:\/\/wp.1dfh.de\/wordpress\/wp-json\/wp\/v2\/posts\/11715\/revisions"}],"wp:attachment":[{"href":"https:\/\/wp.1dfh.de\/wordpress\/wp-json\/wp\/v2\/media?parent=11715"}],"wp:term":[{"taxonomy":"category","embeddable":true,"href":"https:\/\/wp.1dfh.de\/wordpress\/wp-json\/wp\/v2\/categories?post=11715"},{"taxonomy":"post_tag","embeddable":true,"href":"https:\/\/wp.1dfh.de\/wordpress\/wp-json\/wp\/v2\/tags?post=11715"}],"curies":[{"name":"wp","href":"https:\/\/api.w.org\/{rel}","templated":true}]}}