{"id":11793,"date":"2010-07-07T19:27:25","date_gmt":"2010-07-07T17:27:25","guid":{"rendered":"http:\/\/wp.1dfh.de\/wordpress\/?p=11793"},"modified":"2010-07-07T19:48:29","modified_gmt":"2010-07-07T17:48:29","slug":"9-dreilandereck-helitreffen-modellbauclub-brigantium-mcb-07-08-2010","status":"publish","type":"post","link":"https:\/\/wp.1dfh.de\/wordpress\/9-dreilandereck-helitreffen-modellbauclub-brigantium-mcb-07-08-2010\/","title":{"rendered":"9. Dreil\u00e4ndereck Helitreffen Modellbauclub Brigantium MCB 07.08.2010"},"content":{"rendered":"<figure id=\"attachment_11794\" aria-describedby=\"caption-attachment-11794\" style=\"width: 800px\" class=\"wp-caption alignnone\"><a href=\"http:\/\/www.mcb-bregenz.at\" target=\"_blank\"><img loading=\"lazy\" decoding=\"async\" class=\"size-full wp-image-11794 \" title=\"9.  Dreil\u00e4ndereck Helitreffen Modellbauclub Brigantium MCB\" src=\"http:\/\/wp.1dfh.de\/wordpress\/wp-content\/uploads\/plakat-helitreffen2010-800pix1.jpg\" alt=\"9.  Dreil\u00e4ndereck Helitreffen Modellbauclub Brigantium MCB\" width=\"800\" height=\"550\" srcset=\"https:\/\/wp.1dfh.de\/wordpress\/wp-content\/uploads\/plakat-helitreffen2010-800pix1.jpg 800w, https:\/\/wp.1dfh.de\/wordpress\/wp-content\/uploads\/plakat-helitreffen2010-800pix1-300x206.jpg 300w, https:\/\/wp.1dfh.de\/wordpress\/wp-content\/uploads\/plakat-helitreffen2010-800pix1-150x103.jpg 150w, https:\/\/wp.1dfh.de\/wordpress\/wp-content\/uploads\/plakat-helitreffen2010-800pix1-400x275.jpg 400w\" sizes=\"auto, (max-width: 800px) 100vw, 800px\" \/><\/a><figcaption id=\"caption-attachment-11794\" class=\"wp-caption-text\">9.  Dreil\u00e4ndereck Helitreffen Modellbauclub Brigantium MCB<\/figcaption><\/figure>\n<p>Das Treffen wird am  <strong>Samstag<\/strong> dem <strong>07. August<\/strong> auf unserem Modellfluggel\u00e4nde abgehalten.  Ob Scale oder 3D, ob Anf\u00e4nger oder Fortgeschrittener freies Fliegen und Spa\u00df ist  wiederum das Motto f\u00fcr alle. Fachsimpeln und Infoaustausch ist nat\u00fcrlich auch  angesagt.<\/p>\n<p><strong>Info:<\/strong><\/p>\n<ul>\n<li>12V  Stromanschl\u00fcsse zum Nachladen der Akkus sind vorhanden. Mit etwas gegenseitigem  Verst\u00e4ndnis sollten die Ladem\u00f6glichkeiten von allen ausreichend genutzt werden  k\u00f6nnen.<\/li>\n<li>Fliegen ab  09.00h bis 20.00h mit Verbrenner, dann Elektro bis alles zu sp\u00e4t  ist<\/li>\n<li>Es gibt  nat\u00fcrlich Verpflegung direkt bei uns am Platz!<\/li>\n<li>Versicherungsnachweis muss erbracht  werden<\/li>\n<li>Flugraum ist  selbstsprechend nat\u00fcrlich einzuhalten &#8211; <a href=\"http:\/\/www.mcb-bregenz.at\/joomla\/index.php?option=com_content&amp;task=view&amp;id=25&amp;Itemid=26\" target=\"_blank\">bitte  hier klicken<\/a> um das Fluggel\u00e4nde zu sehen<\/li>\n<\/ul>\n<p><strong>WICHTIG<\/strong>:  Da es keinen Ausweichtermin gibt, bitte sich immer in diesem Forum auf dem  Laufenden halten!<\/p>\n<ul>\n<li><a href=\"http:\/\/wp.1dfh.de\/wordpress\/?page_id=3724&amp;album=4&amp;gallery=25\">Fotogalerie vom 8. Treffen<\/a><\/li>\n<\/ul>\n<p>\u2026.oder MCB-Forum  <strong>zur unverbindlichen  Anmeldung zum Treffen<\/strong>: <a href=\"http:\/\/www.mcb-bregenz.at\/cgi-bin\/yabb2\/YaBB.pl?num=1275060380\/0#0\" target=\"_blank\">bitte  hier klicken<\/a><\/p>\n<p>[gmap]<\/p>\n<div class=\"ngg-related-gallery\">\n\t\t\t<a href=\"https:\/\/wp.1dfh.de\/wordpress\/wp-content\/gallery\/mcb06\/IMG_0001.jpg?t=1773339152\"\n\t\t\ttitle=\" \"\n\t\t\t\t\t\t\t\t\t\t\t\t\t\t\t data-image-id=\"1674\" data-src=\"https:\/\/wp.1dfh.de\/wordpress\/wp-content\/gallery\/mcb06\/IMG_0001.jpg?t=1773339152\" data-thumbnail=\"https:\/\/wp.1dfh.de\/wordpress\/wp-content\/gallery\/mcb06\/cache\/IMG_0001.jpg-nggid041674-ngg0dyn-100x100x100-00f0w010c011r110f110r010t010.jpg?t=1773339152\" data-title=\"IMG_0001\" data-description=\" \">\n\t\t\t<img title=\"IMG_0001\"\n\t\t\t\talt=\"IMG_0001\"\n\t\t\t\tdata-image-id=\"1674\"\n\t\t\t\tsrc=\"\"\/>\n\t\t<\/a>\n\t\t\t<a href=\"https:\/\/wp.1dfh.de\/wordpress\/wp-content\/gallery\/mcb06\/IMG_0002.jpg?t=1773371941\"\n\t\t\ttitle=\" \"\n\t\t\t\t\t\t\t\t\t\t\t\t\t\t\t data-image-id=\"1675\" data-src=\"https:\/\/wp.1dfh.de\/wordpress\/wp-content\/gallery\/mcb06\/IMG_0002.jpg?t=1773371941\" data-thumbnail=\"https:\/\/wp.1dfh.de\/wordpress\/wp-content\/gallery\/mcb06\/cache\/IMG_0002.jpg-nggid041675-ngg0dyn-100x100x100-00f0w010c011r110f110r010t010.jpg?t=1773371941\" data-title=\"IMG_0002\" data-description=\" \">\n\t\t\t<img title=\"IMG_0002\"\n\t\t\t\talt=\"IMG_0002\"\n\t\t\t\tdata-image-id=\"1675\"\n\t\t\t\tsrc=\"\"\/>\n\t\t<\/a>\n\t\t\t<a href=\"https:\/\/wp.1dfh.de\/wordpress\/wp-content\/gallery\/mcb06\/IMG_0003.jpg?t=1773339152\"\n\t\t\ttitle=\" \"\n\t\t\t\t\t\t\t\t\t\t\t\t\t\t\t data-image-id=\"1676\" data-src=\"https:\/\/wp.1dfh.de\/wordpress\/wp-content\/gallery\/mcb06\/IMG_0003.jpg?t=1773339152\" data-thumbnail=\"https:\/\/wp.1dfh.de\/wordpress\/wp-content\/gallery\/mcb06\/cache\/IMG_0003.jpg-nggid041676-ngg0dyn-100x100x100-00f0w010c011r110f110r010t010.jpg?t=1773339152\" data-title=\"IMG_0003\" data-description=\" \">\n\t\t\t<img title=\"IMG_0003\"\n\t\t\t\talt=\"IMG_0003\"\n\t\t\t\tdata-image-id=\"1676\"\n\t\t\t\tsrc=\"\"\/>\n\t\t<\/a>\n\t\t\t<a href=\"https:\/\/wp.1dfh.de\/wordpress\/wp-content\/gallery\/mcb06\/IMG_0004.jpg?t=1773339152\"\n\t\t\ttitle=\" \"\n\t\t\t\t\t\t\t\t\t\t\t\t\t\t\t data-image-id=\"1677\" data-src=\"https:\/\/wp.1dfh.de\/wordpress\/wp-content\/gallery\/mcb06\/IMG_0004.jpg?t=1773339152\" data-thumbnail=\"https:\/\/wp.1dfh.de\/wordpress\/wp-content\/gallery\/mcb06\/cache\/IMG_0004.jpg-nggid041677-ngg0dyn-100x100x100-00f0w010c011r110f110r010t010.jpg?t=1773339152\" data-title=\"IMG_0004\" data-description=\" \">\n\t\t\t<img title=\"IMG_0004\"\n\t\t\t\talt=\"IMG_0004\"\n\t\t\t\tdata-image-id=\"1677\"\n\t\t\t\tsrc=\"\"\/>\n\t\t<\/a>\n\t\t\t<a href=\"https:\/\/wp.1dfh.de\/wordpress\/wp-content\/gallery\/mcb06\/IMG_0005.jpg?t=1773339152\"\n\t\t\ttitle=\" \"\n\t\t\t\t\t\t\t\t\t\t\t\t\t\t\t data-image-id=\"1678\" data-src=\"https:\/\/wp.1dfh.de\/wordpress\/wp-content\/gallery\/mcb06\/IMG_0005.jpg?t=1773339152\" data-thumbnail=\"https:\/\/wp.1dfh.de\/wordpress\/wp-content\/gallery\/mcb06\/cache\/IMG_0005.jpg-nggid041678-ngg0dyn-100x100x100-00f0w010c011r110f110r010t010.jpg?t=1773339152\" data-title=\"IMG_0005\" data-description=\" \">\n\t\t\t<img title=\"IMG_0005\"\n\t\t\t\talt=\"IMG_0005\"\n\t\t\t\tdata-image-id=\"1678\"\n\t\t\t\tsrc=\"\"\/>\n\t\t<\/a>\n\t\t\t<a href=\"https:\/\/wp.1dfh.de\/wordpress\/wp-content\/gallery\/mcb06\/IMG_0006.jpg?t=1773339152\"\n\t\t\ttitle=\" \"\n\t\t\t\t\t\t\t\t\t\t\t\t\t\t\t data-image-id=\"1679\" data-src=\"https:\/\/wp.1dfh.de\/wordpress\/wp-content\/gallery\/mcb06\/IMG_0006.jpg?t=1773339152\" data-thumbnail=\"https:\/\/wp.1dfh.de\/wordpress\/wp-content\/gallery\/mcb06\/cache\/IMG_0006.jpg-nggid041679-ngg0dyn-100x100x100-00f0w010c011r110f110r010t010.jpg?t=1773339152\" data-title=\"IMG_0006\" data-description=\" \">\n\t\t\t<img title=\"IMG_0006\"\n\t\t\t\talt=\"IMG_0006\"\n\t\t\t\tdata-image-id=\"1679\"\n\t\t\t\tsrc=\"\"\/>\n\t\t<\/a>\n\t\t\t<a href=\"https:\/\/wp.1dfh.de\/wordpress\/wp-content\/gallery\/mcb06\/IMG_0007.jpg?t=1773642147\"\n\t\t\ttitle=\" \"\n\t\t\t\t\t\t\t\t\t\t\t\t\t\t\t data-image-id=\"1680\" data-src=\"https:\/\/wp.1dfh.de\/wordpress\/wp-content\/gallery\/mcb06\/IMG_0007.jpg?t=1773642147\" data-thumbnail=\"https:\/\/wp.1dfh.de\/wordpress\/wp-content\/gallery\/mcb06\/cache\/IMG_0007.jpg-nggid041680-ngg0dyn-100x100x100-00f0w010c011r110f110r010t010.jpg?t=1773642147\" data-title=\"IMG_0007\" data-description=\" \">\n\t\t\t<img title=\"IMG_0007\"\n\t\t\t\talt=\"IMG_0007\"\n\t\t\t\tdata-image-id=\"1680\"\n\t\t\t\tsrc=\"\"\/>\n\t\t<\/a>\n\t<\/div>\n","protected":false},"excerpt":{"rendered":"<p>Das Treffen wird am Samstag dem 07. August auf unserem Modellfluggel\u00e4nde abgehalten. Ob Scale oder 3D, ob Anf\u00e4nger oder Fortgeschrittener freies Fliegen und Spa\u00df ist wiederum das Motto f\u00fcr alle. Fachsimpeln und Infoaustausch ist nat\u00fcrlich auch angesagt. Info: 12V Stromanschl\u00fcsse zum Nachladen der Akkus sind vorhanden. Mit etwas gegenseitigem Verst\u00e4ndnis sollten die Ladem\u00f6glichkeiten von allen &hellip; <a href=\"https:\/\/wp.1dfh.de\/wordpress\/9-dreilandereck-helitreffen-modellbauclub-brigantium-mcb-07-08-2010\/\" class=\"more-link\"><span class=\"screen-reader-text\">9. Dreil\u00e4ndereck Helitreffen Modellbauclub Brigantium MCB 07.08.2010<\/span> weiterlesen <span class=\"meta-nav\">&rarr;<\/span><\/a><\/p>\n","protected":false},"author":2,"featured_media":11794,"comment_status":"open","ping_status":"open","sticky":false,"template":"","format":"standard","meta":{"ngg_post_thumbnail":0,"footnotes":""},"categories":[18,9],"tags":[3483,3796,11474,12106,3623,3798,11576],"class_list":["post-11793","post","type-post","status-publish","format-standard","has-post-thumbnail","hentry","category-flugveranstaltungen","category-termine","tag-3-d","tag-9-dreilandereck","tag-helitreffen","tag-helitreffen-modellbauclub-brigantium","tag-hubschraubermodelle","tag-mcb","tag-scale-hubschraubermodell"],"_links":{"self":[{"href":"https:\/\/wp.1dfh.de\/wordpress\/wp-json\/wp\/v2\/posts\/11793","targetHints":{"allow":["GET"]}}],"collection":[{"href":"https:\/\/wp.1dfh.de\/wordpress\/wp-json\/wp\/v2\/posts"}],"about":[{"href":"https:\/\/wp.1dfh.de\/wordpress\/wp-json\/wp\/v2\/types\/post"}],"author":[{"embeddable":true,"href":"https:\/\/wp.1dfh.de\/wordpress\/wp-json\/wp\/v2\/users\/2"}],"replies":[{"embeddable":true,"href":"https:\/\/wp.1dfh.de\/wordpress\/wp-json\/wp\/v2\/comments?post=11793"}],"version-history":[{"count":0,"href":"https:\/\/wp.1dfh.de\/wordpress\/wp-json\/wp\/v2\/posts\/11793\/revisions"}],"wp:featuredmedia":[{"embeddable":true,"href":"https:\/\/wp.1dfh.de\/wordpress\/wp-json\/wp\/v2\/media\/11794"}],"wp:attachment":[{"href":"https:\/\/wp.1dfh.de\/wordpress\/wp-json\/wp\/v2\/media?parent=11793"}],"wp:term":[{"taxonomy":"category","embeddable":true,"href":"https:\/\/wp.1dfh.de\/wordpress\/wp-json\/wp\/v2\/categories?post=11793"},{"taxonomy":"post_tag","embeddable":true,"href":"https:\/\/wp.1dfh.de\/wordpress\/wp-json\/wp\/v2\/tags?post=11793"}],"curies":[{"name":"wp","href":"https:\/\/api.w.org\/{rel}","templated":true}]}}