{"id":11853,"date":"2010-07-13T14:19:51","date_gmt":"2010-07-13T12:19:51","guid":{"rendered":"http:\/\/wp.1dfh.de\/wordpress\/?p=11853"},"modified":"2010-08-11T18:43:39","modified_gmt":"2010-08-11T16:43:39","slug":"red-bull-air-race-in-budapest-abgesagt-%e2%80%93-weltmeister-wird-nach-dem-rennen-am-lausitzring-gekurt","status":"publish","type":"post","link":"https:\/\/wp.1dfh.de\/wordpress\/red-bull-air-race-in-budapest-abgesagt-%e2%80%93-weltmeister-wird-nach-dem-rennen-am-lausitzring-gekurt\/","title":{"rendered":"Red Bull Air Race in Budapest abgesagt \u2013 Weltmeister wird nach dem Rennen am Lausitzring gek\u00fcrt"},"content":{"rendered":"<p><em><strong>Wie die Organisatoren des Red Bull Air Race am Dienstag, 12. Juli mit  gro\u00dfem Bedauern erkl\u00e4rten, muss das f\u00fcr Budapest geplante Rennen  aufgrund von Verz\u00f6gerungen bei der Erteilung von Genehmigungen abgesagt  werden. Damit endet (erst einmal) die bereits sechsj\u00e4hrige Tradition des  Red Bull Air Race in der ungarischen Hauptstadt. Der diesj\u00e4hrige  Weltmeister der internationalen Rennserie wird demnach nach dem nunmehr  letzten Rennen der Saison 2010 auf dem EuroSpeedway Lausitz am 7.\/8.  August gek\u00fcrt.<\/strong><\/em><\/p>\n<p>Budapest war seit 2004 fester Bestandteil des Rennkalenders der Red  Bull Air Race Weltmeisterschaft und uneingeschr\u00e4nkter Zuschauermagnet  mit mehr als 600.000 Motorsportfans, die vom Ufer der Donau die  spektakul\u00e4ren Rennen verfolgten. Das diesj\u00e4hrige siebte Rennen war  urspr\u00fcnglich f\u00fcr den 19. und 20. August geplant.<\/p>\n<p>Der CEO des Red Bull Air Race, Bernd Loidl, brachte seine  Entt\u00e4uschung \u00fcber die Absage zum Ausdruck, zumal erst vor einer Woche  das Rennen in Portugal abgesagt wurde. In Lissabon war es zu nicht  vorhersehbaren Verz\u00f6gerungen in Bezug auf das \u00fcberarbeitete  St\u00e4dte-Abkommen gekommen. Loidl hofft aber fest, dass Budapest im  kommenden Jahr wieder seinen Platz im Rennkalender einnehmen wird.<\/p>\n<p>Der Kalender f\u00fcr 2011 wird nach dem Rennen auf dem EuroSpeedway in  Lausitz bekannt gegeben.<\/p>\n<p>Bereits jetzt steht fest, dass nach dem historischen ersten Rennen im  \u201eBig Apple\u201c das Red Bull Air Race nach New York zur\u00fcckkehren wird.<\/p>\n<p>\u201cWir waren mit der Red Bull Air Race Weltmeisterschaft bereits sechs  Mal zu Gast in Budapest und daher war dieser Schritt und diese  Entscheidung verdammt hart\u201c, erkl\u00e4rte Loidl. \u201eUnd so kurz nach der  Absage des Rennens in Portugal in der vergangenen Woche sind wir alle  nat\u00fcrlich sehr entt\u00e4uscht. Wir werden jedoch jeden Versuch unternehmen,  damit Budapest im kommenden Jahr wieder auf dem Rennkalender steht. Die  Zukunft des Red Bull Air Race zu sichern, steht f\u00fcr uns an oberster  Stelle, und dazu geh\u00f6rt es auch manchmal, harte Entscheidungen zu  treffen. Wir freuen uns aber jetzt darauf, den Rennkalender f\u00fcr 2011  nach dem Saison-Abschlussrennen in Deutschland anzuk\u00fcndigen. Und New  York ist dann auf jeden Fall wieder mit von der Partie.\u201c<\/p>\n<p>Die Krone des Red Bull Air Race Weltmeisters 2010 bleibt auch am  Lausitzring in Deutschland hart umk\u00e4mpft. Titelverteidiger Paul Bonhomme  hat einen Vorsprung von gerade einmal f\u00fcnf Punkten vor dem Weltmeister  von 2008, Hannes Arch aus \u00d6sterreich. Arch hatte drei der letzten f\u00fcnf  Rennen gewonnen und ist \u00fcberzeugt davon, Bonhomme auf der Zielgeraden  der Saison 2010 noch abfangen zu k\u00f6nnen und seinen zweiten WM-Titel  feiern zu k\u00f6nnen. Das Red Bull Air Race wird unter der Aufsicht der FAI  (F\u00e9d\u00e9ration A\u00e9ronautique International), dem internationalen  Luftsportverband, durchgef\u00fchrt. Die internationale Motorsportserie gibt  es bereits seit 2005.<\/p>\n<p><strong>Erstattung von Tickets:<\/strong><\/p>\n<p>Bei Tickets, die \u00fcber <a href=\"http:\/\/www.redbullairrace.com\/\" target=\"_blank\">www.redbullairrace.com<\/a> erworben wurden, wird der  Kaufpreis automatisch der entsprechenden Kreditkarte wieder  gutgeschrieben.<\/p>\n<p>Bei Tickets, die \u00fcber Vorverkaufsstellen, Reise- oder VIP-Agenturen  erworben wurden, sind Erstattungen nur direkt \u00fcber diese Verkaufsstellen  m\u00f6glich.<\/p>\n","protected":false},"excerpt":{"rendered":"<p>Wie die Organisatoren des Red Bull Air Race am Dienstag, 12. Juli mit gro\u00dfem Bedauern erkl\u00e4rten, muss das f\u00fcr Budapest geplante Rennen aufgrund von Verz\u00f6gerungen bei der Erteilung von Genehmigungen abgesagt werden. Damit endet (erst einmal) die bereits sechsj\u00e4hrige Tradition des Red Bull Air Race in der ungarischen Hauptstadt. Der diesj\u00e4hrige Weltmeister der internationalen Rennserie &hellip; <a href=\"https:\/\/wp.1dfh.de\/wordpress\/red-bull-air-race-in-budapest-abgesagt-%e2%80%93-weltmeister-wird-nach-dem-rennen-am-lausitzring-gekurt\/\" class=\"more-link\"><span class=\"screen-reader-text\">Red Bull Air Race in Budapest abgesagt \u2013 Weltmeister wird nach dem Rennen am Lausitzring gek\u00fcrt<\/span> weiterlesen <span class=\"meta-nav\">&rarr;<\/span><\/a><\/p>\n","protected":false},"author":2,"featured_media":0,"comment_status":"open","ping_status":"open","sticky":false,"template":"","format":"standard","meta":{"ngg_post_thumbnail":0,"footnotes":""},"categories":[3,18],"tags":[1286,3814,1704,3813],"class_list":["post-11853","post","type-post","status-publish","format-standard","hentry","category-aktuelles","category-flugveranstaltungen","tag-abgesagt","tag-abschlussrennen-eurospeedway-lausitz","tag-eurospeedway-lausitz","tag-red-bull-air-race-in-budapest"],"_links":{"self":[{"href":"https:\/\/wp.1dfh.de\/wordpress\/wp-json\/wp\/v2\/posts\/11853","targetHints":{"allow":["GET"]}}],"collection":[{"href":"https:\/\/wp.1dfh.de\/wordpress\/wp-json\/wp\/v2\/posts"}],"about":[{"href":"https:\/\/wp.1dfh.de\/wordpress\/wp-json\/wp\/v2\/types\/post"}],"author":[{"embeddable":true,"href":"https:\/\/wp.1dfh.de\/wordpress\/wp-json\/wp\/v2\/users\/2"}],"replies":[{"embeddable":true,"href":"https:\/\/wp.1dfh.de\/wordpress\/wp-json\/wp\/v2\/comments?post=11853"}],"version-history":[{"count":0,"href":"https:\/\/wp.1dfh.de\/wordpress\/wp-json\/wp\/v2\/posts\/11853\/revisions"}],"wp:attachment":[{"href":"https:\/\/wp.1dfh.de\/wordpress\/wp-json\/wp\/v2\/media?parent=11853"}],"wp:term":[{"taxonomy":"category","embeddable":true,"href":"https:\/\/wp.1dfh.de\/wordpress\/wp-json\/wp\/v2\/categories?post=11853"},{"taxonomy":"post_tag","embeddable":true,"href":"https:\/\/wp.1dfh.de\/wordpress\/wp-json\/wp\/v2\/tags?post=11853"}],"curies":[{"name":"wp","href":"https:\/\/api.w.org\/{rel}","templated":true}]}}