{"id":13015,"date":"2010-10-16T12:08:16","date_gmt":"2010-10-16T10:08:16","guid":{"rendered":"http:\/\/wp.1dfh.de\/wordpress\/?p=13015"},"modified":"2010-10-17T19:03:29","modified_gmt":"2010-10-17T17:03:29","slug":"scalaria-air-challange-n-tv-16-10-2010","status":"publish","type":"post","link":"https:\/\/wp.1dfh.de\/wordpress\/scalaria-air-challange-n-tv-16-10-2010\/","title":{"rendered":"Scalaria Air Challenge n-tv 16.10.2010"},"content":{"rendered":"<p><em><strong>Flugzeugmotoren und Musik &#8211; das  sind Zutaten des wohl ungew\u00f6hnlichsten Luftfahrt-Events des Jahres: Ein Musical  in 3 Akten, und in den Hauptrollen Hubschrauber, Klippenspringer und ein  Ensemble der Wiener Symphoniker.<\/strong><\/em><br \/>\nBereits seit einigen Jahren \u00fcberrascht  die &#8222;Scalaria Air Challenge&#8220; mit ungew\u00f6hnlichen Ideen, doch in diesem Jahr  schafften es die Veranstalter, noch einen draufzusetzen. \u00dcber dem Wolfgangsee  inszenierten sie eine beeindruckende Kombination aus Luftfahrt-Perfomance und  Musik. Was urspr\u00fcnglich als Wasserflugzeugtreffen begann, ist zu einer  avantgardistischen Veranstaltung geworden.<\/p>\n<p>Wasserflugzeuge waren auch da.  Eines der Highlights war in diesem Jahr die Catalina &#8211; ein grosses Flugboot,  Baujahr 1936, das aus dem englischen Duxford anreiste.<\/p>\n<p>Geplante  Sendetermine auf dem Nachrichtensender n-tv:<\/p>\n<address><span style=\"font-size: x-small;\">Samstag, 16.  Oktober 18.30 Uhr<\/span><\/address>\n<address><span style=\"font-size: x-small;\"> Sonntag, 17. Oktober 7.30 Uhr<\/span><\/address>\n<address><span style=\"font-size: x-small;\"> Montag, 18. Oktober 4.10  Uhr, 2.35 Uhr<\/span><\/address>\n<address><span style=\"font-size: x-small;\"> Dienstag, 19. Oktober 16.30 Uhr<\/span><\/address>\n<address><span style=\"font-size: x-small;\"> Donnerstag, 21. Oktober 1.00  Uhr<\/span><\/address>\n<address><span style=\"font-size: x-small;\"> \u00c4nderungen vorbehalten. Die tagesaktuellen Sendetermine finden Sie  unter<\/span><\/address>\n<address><span style=\"font-size: x-small;\"> <a href=\"http:\/\/www.n-tv.de\/mediathek\/tvprogramm\" target=\"_blank\">www.n-tv.de\/mediathek\/tvprogramm<\/a>.<\/span><\/address>\n<p>Ab  Freitag, 22. Oktober, ist die Folge bei <a href=\"http:\/\/www.takeoff-tv.net\" target=\"_blank\">www.takeoff-tv.net<\/a> abrufbar.<\/p>\n<div class=\"ngg-related-gallery\">\n\t\t\t<a href=\"https:\/\/wp.1dfh.de\/wordpress\/wp-content\/gallery\/hubschraubereinsatz-georgenberg\/1dfh-georgenberg-180809-039.jpg?t=1770670104\"\n\t\t\ttitle=\" \"\n\t\t\t\t\t\t\t\t\t\t\t\t\t\t\t data-image-id=\"2132\" data-src=\"https:\/\/wp.1dfh.de\/wordpress\/wp-content\/gallery\/hubschraubereinsatz-georgenberg\/1dfh-georgenberg-180809-039.jpg?t=1770670104\" data-thumbnail=\"https:\/\/wp.1dfh.de\/wordpress\/wp-content\/gallery\/hubschraubereinsatz-georgenberg\/cache\/1dfh-georgenberg-180809-039.jpg-nggid042132-ngg0dyn-100x100x100-00f0w010c011r110f110r010t010.jpg?t=1770670104\" data-title=\"1dfh-georgenberg-180809-039\" data-description=\" \">\n\t\t\t<img title=\"1dfh-georgenberg-180809-039\"\n\t\t\t\talt=\"1dfh-georgenberg-180809-039\"\n\t\t\t\tdata-image-id=\"2132\"\n\t\t\t\tsrc=\"\"\/>\n\t\t<\/a>\n\t\t\t<a href=\"https:\/\/wp.1dfh.de\/wordpress\/wp-content\/gallery\/garten-23-07-2012\/1dfh-garten-23072012-100.jpg?t=1773283766\"\n\t\t\ttitle=\"Garten\"\n\t\t\t\t\t\t\t\t\t\t\t\t\t\t\t data-image-id=\"19445\" data-src=\"https:\/\/wp.1dfh.de\/wordpress\/wp-content\/gallery\/garten-23-07-2012\/1dfh-garten-23072012-100.jpg?t=1773283766\" data-thumbnail=\"https:\/\/wp.1dfh.de\/wordpress\/wp-content\/gallery\/garten-23-07-2012\/cache\/1dfh-garten-23072012-100.jpg-nggid0519445-ngg0dyn-100x100x100-00f0w010c011r110f110r010t010.jpg?t=1773283766\" data-title=\"Garten\" data-description=\"Garten\">\n\t\t\t<img title=\"Garten\"\n\t\t\t\talt=\"Garten\"\n\t\t\t\tdata-image-id=\"19445\"\n\t\t\t\tsrc=\"\"\/>\n\t\t<\/a>\n\t\t\t<a href=\"https:\/\/wp.1dfh.de\/wordpress\/wp-content\/gallery\/garten-23-07-2012\/1dfh-garten-23072012-101.jpg?t=1773283756\"\n\t\t\ttitle=\"Garten\"\n\t\t\t\t\t\t\t\t\t\t\t\t\t\t\t data-image-id=\"19446\" data-src=\"https:\/\/wp.1dfh.de\/wordpress\/wp-content\/gallery\/garten-23-07-2012\/1dfh-garten-23072012-101.jpg?t=1773283756\" data-thumbnail=\"https:\/\/wp.1dfh.de\/wordpress\/wp-content\/gallery\/garten-23-07-2012\/cache\/1dfh-garten-23072012-101.jpg-nggid0519446-ngg0dyn-100x100x100-00f0w010c011r110f110r010t010.jpg?t=1773283756\" data-title=\"Garten\" data-description=\"Garten\">\n\t\t\t<img title=\"Garten\"\n\t\t\t\talt=\"Garten\"\n\t\t\t\tdata-image-id=\"19446\"\n\t\t\t\tsrc=\"\"\/>\n\t\t<\/a>\n\t\t\t<a href=\"https:\/\/wp.1dfh.de\/wordpress\/wp-content\/gallery\/garten-23-07-2012\/1dfh-garten-23072012-102.jpg?t=1773283756\"\n\t\t\ttitle=\"Garten\"\n\t\t\t\t\t\t\t\t\t\t\t\t\t\t\t data-image-id=\"19447\" data-src=\"https:\/\/wp.1dfh.de\/wordpress\/wp-content\/gallery\/garten-23-07-2012\/1dfh-garten-23072012-102.jpg?t=1773283756\" data-thumbnail=\"https:\/\/wp.1dfh.de\/wordpress\/wp-content\/gallery\/garten-23-07-2012\/cache\/1dfh-garten-23072012-102.jpg-nggid0519447-ngg0dyn-100x100x100-00f0w010c011r110f110r010t010.jpg?t=1773283756\" data-title=\"Garten\" data-description=\"Garten\">\n\t\t\t<img title=\"Garten\"\n\t\t\t\talt=\"Garten\"\n\t\t\t\tdata-image-id=\"19447\"\n\t\t\t\tsrc=\"\"\/>\n\t\t<\/a>\n\t\t\t<a href=\"https:\/\/wp.1dfh.de\/wordpress\/wp-content\/gallery\/garten-23-07-2012\/1dfh-garten-23072012-103.jpg?t=1773283766\"\n\t\t\ttitle=\"Garten\"\n\t\t\t\t\t\t\t\t\t\t\t\t\t\t\t data-image-id=\"19448\" data-src=\"https:\/\/wp.1dfh.de\/wordpress\/wp-content\/gallery\/garten-23-07-2012\/1dfh-garten-23072012-103.jpg?t=1773283766\" data-thumbnail=\"https:\/\/wp.1dfh.de\/wordpress\/wp-content\/gallery\/garten-23-07-2012\/cache\/1dfh-garten-23072012-103.jpg-nggid0519448-ngg0dyn-100x100x100-00f0w010c011r110f110r010t010.jpg?t=1773283766\" data-title=\"Garten\" data-description=\"Garten\">\n\t\t\t<img title=\"Garten\"\n\t\t\t\talt=\"Garten\"\n\t\t\t\tdata-image-id=\"19448\"\n\t\t\t\tsrc=\"\"\/>\n\t\t<\/a>\n\t\t\t<a href=\"https:\/\/wp.1dfh.de\/wordpress\/wp-content\/gallery\/garten-23-07-2012\/1dfh-garten-23072012-104.jpg?t=1773283756\"\n\t\t\ttitle=\"Garten\"\n\t\t\t\t\t\t\t\t\t\t\t\t\t\t\t data-image-id=\"19449\" data-src=\"https:\/\/wp.1dfh.de\/wordpress\/wp-content\/gallery\/garten-23-07-2012\/1dfh-garten-23072012-104.jpg?t=1773283756\" data-thumbnail=\"https:\/\/wp.1dfh.de\/wordpress\/wp-content\/gallery\/garten-23-07-2012\/cache\/1dfh-garten-23072012-104.jpg-nggid0519449-ngg0dyn-100x100x100-00f0w010c011r110f110r010t010.jpg?t=1773283756\" data-title=\"Garten\" data-description=\"Garten\">\n\t\t\t<img title=\"Garten\"\n\t\t\t\talt=\"Garten\"\n\t\t\t\tdata-image-id=\"19449\"\n\t\t\t\tsrc=\"\"\/>\n\t\t<\/a>\n\t\t\t<a href=\"https:\/\/wp.1dfh.de\/wordpress\/wp-content\/gallery\/garten-18-06-2013\/garten-18062013-1dfh00.jpg?t=1773283756\"\n\t\t\ttitle=\"Garten 18.06.2013\"\n\t\t\t\t\t\t\t\t\t\t\t\t\t\t\t data-image-id=\"27439\" data-src=\"https:\/\/wp.1dfh.de\/wordpress\/wp-content\/gallery\/garten-18-06-2013\/garten-18062013-1dfh00.jpg?t=1773283756\" data-thumbnail=\"https:\/\/wp.1dfh.de\/wordpress\/wp-content\/gallery\/garten-18-06-2013\/cache\/garten-18062013-1dfh00.jpg-nggid0527439-ngg0dyn-100x100x100-00f0w010c011r110f110r010t010.jpg?t=1773283756\" data-title=\"Garten 18.06.2013\" data-description=\"Garten 18.06.2013\">\n\t\t\t<img title=\"Garten 18.06.2013\"\n\t\t\t\talt=\"Garten 18.06.2013\"\n\t\t\t\tdata-image-id=\"27439\"\n\t\t\t\tsrc=\"\"\/>\n\t\t<\/a>\n\t<\/div>\n","protected":false},"excerpt":{"rendered":"<p>Flugzeugmotoren und Musik &#8211; das sind Zutaten des wohl ungew\u00f6hnlichsten Luftfahrt-Events des Jahres: Ein Musical in 3 Akten, und in den Hauptrollen Hubschrauber, Klippenspringer und ein Ensemble der Wiener Symphoniker. Bereits seit einigen Jahren \u00fcberrascht die &#8222;Scalaria Air Challenge&#8220; mit ungew\u00f6hnlichen Ideen, doch in diesem Jahr schafften es die Veranstalter, noch einen draufzusetzen. \u00dcber dem &hellip; <a href=\"https:\/\/wp.1dfh.de\/wordpress\/scalaria-air-challange-n-tv-16-10-2010\/\" class=\"more-link\"><span class=\"screen-reader-text\">Scalaria Air Challenge n-tv 16.10.2010<\/span> weiterlesen <span class=\"meta-nav\">&rarr;<\/span><\/a><\/p>\n","protected":false},"author":2,"featured_media":0,"comment_status":"open","ping_status":"open","sticky":false,"template":"","format":"standard","meta":{"ngg_post_thumbnail":0,"footnotes":""},"categories":[9,10],"tags":[3805,4517,11181,3669,3804,4521,4516],"class_list":["post-13015","post","type-post","status-publish","format-standard","hentry","category-termine","category-tv-sendungen","tag-air-challenge","tag-catalina","tag-hubschraubermodell","tag-n-tv","tag-scalaria","tag-scalaria-air-challenge","tag-takeoff"],"_links":{"self":[{"href":"https:\/\/wp.1dfh.de\/wordpress\/wp-json\/wp\/v2\/posts\/13015","targetHints":{"allow":["GET"]}}],"collection":[{"href":"https:\/\/wp.1dfh.de\/wordpress\/wp-json\/wp\/v2\/posts"}],"about":[{"href":"https:\/\/wp.1dfh.de\/wordpress\/wp-json\/wp\/v2\/types\/post"}],"author":[{"embeddable":true,"href":"https:\/\/wp.1dfh.de\/wordpress\/wp-json\/wp\/v2\/users\/2"}],"replies":[{"embeddable":true,"href":"https:\/\/wp.1dfh.de\/wordpress\/wp-json\/wp\/v2\/comments?post=13015"}],"version-history":[{"count":0,"href":"https:\/\/wp.1dfh.de\/wordpress\/wp-json\/wp\/v2\/posts\/13015\/revisions"}],"wp:attachment":[{"href":"https:\/\/wp.1dfh.de\/wordpress\/wp-json\/wp\/v2\/media?parent=13015"}],"wp:term":[{"taxonomy":"category","embeddable":true,"href":"https:\/\/wp.1dfh.de\/wordpress\/wp-json\/wp\/v2\/categories?post=13015"},{"taxonomy":"post_tag","embeddable":true,"href":"https:\/\/wp.1dfh.de\/wordpress\/wp-json\/wp\/v2\/tags?post=13015"}],"curies":[{"name":"wp","href":"https:\/\/api.w.org\/{rel}","templated":true}]}}