{"id":13622,"date":"2010-12-27T10:11:58","date_gmt":"2010-12-27T09:11:58","guid":{"rendered":"http:\/\/wp.1dfh.de\/wordpress\/?p=13622"},"modified":"2010-12-27T10:12:20","modified_gmt":"2010-12-27T09:12:20","slug":"tragschraubergyrocopter-bericht-n-tv","status":"publish","type":"post","link":"https:\/\/wp.1dfh.de\/wordpress\/tragschraubergyrocopter-bericht-n-tv\/","title":{"rendered":"Tragschrauber\/Gyrocopter Bericht N-TV"},"content":{"rendered":"<p>[media id=399 width=470 height=320]<\/p>\n<div class=\"ngg-related-gallery\">\n\t\t\t<a href=\"https:\/\/wp.1dfh.de\/wordpress\/wp-content\/gallery\/flugplatzhockete-luftsportverein-hayingen-e-v-13-09-2009\/1dfh-hayingen09-009.jpg?t=1773339152\"\n\t\t\ttitle=\"Tragschrauber\"\n\t\t\t\t\t\t\t\t\t\t\t\t\t\t\t data-image-id=\"3064\" data-src=\"https:\/\/wp.1dfh.de\/wordpress\/wp-content\/gallery\/flugplatzhockete-luftsportverein-hayingen-e-v-13-09-2009\/1dfh-hayingen09-009.jpg?t=1773339152\" data-thumbnail=\"https:\/\/wp.1dfh.de\/wordpress\/wp-content\/gallery\/flugplatzhockete-luftsportverein-hayingen-e-v-13-09-2009\/cache\/1dfh-hayingen09-009.jpg-nggid043064-ngg0dyn-100x100x100-00f0w010c011r110f110r010t010.jpg?t=1773339152\" data-title=\"1dfh-hayingen09-009\" data-description=\"Tragschrauber\">\n\t\t\t<img title=\"1dfh-hayingen09-009\"\n\t\t\t\talt=\"1dfh-hayingen09-009\"\n\t\t\t\tdata-image-id=\"3064\"\n\t\t\t\tsrc=\"\"\/>\n\t\t<\/a>\n\t\t\t<a href=\"https:\/\/wp.1dfh.de\/wordpress\/wp-content\/gallery\/flugplatzhockete-luftsportverein-hayingen-e-v-13-09-2009\/1dfh-hayingen09-010.jpg?t=1773339152\"\n\t\t\ttitle=\"Tragschrauber\"\n\t\t\t\t\t\t\t\t\t\t\t\t\t\t\t data-image-id=\"3065\" data-src=\"https:\/\/wp.1dfh.de\/wordpress\/wp-content\/gallery\/flugplatzhockete-luftsportverein-hayingen-e-v-13-09-2009\/1dfh-hayingen09-010.jpg?t=1773339152\" data-thumbnail=\"https:\/\/wp.1dfh.de\/wordpress\/wp-content\/gallery\/flugplatzhockete-luftsportverein-hayingen-e-v-13-09-2009\/cache\/1dfh-hayingen09-010.jpg-nggid043065-ngg0dyn-100x100x100-00f0w010c011r110f110r010t010.jpg?t=1773339152\" data-title=\"1dfh-hayingen09-010\" data-description=\"Tragschrauber\">\n\t\t\t<img title=\"1dfh-hayingen09-010\"\n\t\t\t\talt=\"1dfh-hayingen09-010\"\n\t\t\t\tdata-image-id=\"3065\"\n\t\t\t\tsrc=\"\"\/>\n\t\t<\/a>\n\t\t\t<a href=\"https:\/\/wp.1dfh.de\/wordpress\/wp-content\/gallery\/flugplatzhockete-luftsportverein-hayingen-e-v-13-09-2009\/1dfh-hayingen09-028.jpg?t=1773339162\"\n\t\t\ttitle=\"Tragschrauber\"\n\t\t\t\t\t\t\t\t\t\t\t\t\t\t\t data-image-id=\"3083\" data-src=\"https:\/\/wp.1dfh.de\/wordpress\/wp-content\/gallery\/flugplatzhockete-luftsportverein-hayingen-e-v-13-09-2009\/1dfh-hayingen09-028.jpg?t=1773339162\" data-thumbnail=\"https:\/\/wp.1dfh.de\/wordpress\/wp-content\/gallery\/flugplatzhockete-luftsportverein-hayingen-e-v-13-09-2009\/cache\/1dfh-hayingen09-028.jpg-nggid043083-ngg0dyn-100x100x100-00f0w010c011r110f110r010t010.jpg?t=1773339162\" data-title=\"1dfh-hayingen09-028\" data-description=\"Tragschrauber\">\n\t\t\t<img title=\"1dfh-hayingen09-028\"\n\t\t\t\talt=\"1dfh-hayingen09-028\"\n\t\t\t\tdata-image-id=\"3083\"\n\t\t\t\tsrc=\"\"\/>\n\t\t<\/a>\n\t\t\t<a href=\"https:\/\/wp.1dfh.de\/wordpress\/wp-content\/gallery\/aero-2011\/59_aero2011_messefn.jpg?t=1773339152\"\n\t\t\ttitle=\"Halle B3:Tragschrauber M24 Orion\"\n\t\t\t\t\t\t\t\t\t\t\t\t\t\t\t data-image-id=\"10560\" data-src=\"https:\/\/wp.1dfh.de\/wordpress\/wp-content\/gallery\/aero-2011\/59_aero2011_messefn.jpg?t=1773339152\" data-thumbnail=\"https:\/\/wp.1dfh.de\/wordpress\/wp-content\/gallery\/aero-2011\/cache\/59_aero2011_messefn.jpg-nggid0510560-ngg0dyn-100x100x100-00f0w010c011r110f110r010t010.jpg?t=1773339152\" data-title=\"Halle B3:Tragschrauber M24 Orion\" data-description=\"Halle B3:Tragschrauber M24 Orion\">\n\t\t\t<img title=\"Halle B3:Tragschrauber M24 Orion\"\n\t\t\t\talt=\"Halle B3:Tragschrauber M24 Orion\"\n\t\t\t\tdata-image-id=\"10560\"\n\t\t\t\tsrc=\"\"\/>\n\t\t<\/a>\n\t\t\t<a href=\"https:\/\/wp.1dfh.de\/wordpress\/wp-content\/gallery\/aero-2011\/166_aero2011_messefn.jpg?t=1773339162\"\n\t\t\ttitle=\"Halle B3-205: Auf der AERO pr\u00e4sentiert AutoGyro seinen neuen Tragschrauber, der das Produktportfolio erweitert. Daten: 2-Sitzer, voll-composite Bauweise, Neuentwicklung in gewohnt bew\u00e4hrter Qualit\u00e4t, gro\u00dfz\u00fcgiger Innenraum mit Panoramafenstern, hoher Reichweite und umfangreichen Ausstattungsm\u00f6glichkeiten.\"\n\t\t\t\t\t\t\t\t\t\t\t\t\t\t\t data-image-id=\"10565\" data-src=\"https:\/\/wp.1dfh.de\/wordpress\/wp-content\/gallery\/aero-2011\/166_aero2011_messefn.jpg?t=1773339162\" data-thumbnail=\"https:\/\/wp.1dfh.de\/wordpress\/wp-content\/gallery\/aero-2011\/cache\/166_aero2011_messefn.jpg-nggid0510565-ngg0dyn-100x100x100-00f0w010c011r110f110r010t010.jpg?t=1773339162\" data-title=\"Halle B3 AutoGyro\" data-description=\"Halle B3-205: Auf der AERO pr\u00e4sentiert AutoGyro seinen neuen Tragschrauber, der das Produktportfolio erweitert. Daten: 2-Sitzer, voll-composite Bauweise, Neuentwicklung in gewohnt bew\u00e4hrter Qualit\u00e4t, gro\u00dfz\u00fcgiger Innenraum mit Panoramafenstern, hoher Reichweite und umfangreichen Ausstattungsm\u00f6glichkeiten.\">\n\t\t\t<img title=\"Halle B3 AutoGyro\"\n\t\t\t\talt=\"Halle B3 AutoGyro\"\n\t\t\t\tdata-image-id=\"10565\"\n\t\t\t\tsrc=\"\"\/>\n\t\t<\/a>\n\t\t\t<a href=\"https:\/\/wp.1dfh.de\/wordpress\/wp-content\/gallery\/aero-2011\/167_aero2011_messefn.jpg?t=1773339162\"\n\t\t\ttitle=\"Halle B3-205: Auf der AERO pr\u00e4sentiert AutoGyro seinen neuen Tragschrauber, der das Produktportfolio erweitert. Daten: 2-Sitzer, voll-composite Bauweise, Neuentwicklung in gewohnt bew\u00e4hrter Qualit\u00e4t, gro\u00dfz\u00fcgiger Innenraum mit Panoramafenstern, hoher Reichweite und umfangreichen Ausstattungsm\u00f6glichkeiten.\"\n\t\t\t\t\t\t\t\t\t\t\t\t\t\t\t data-image-id=\"10566\" data-src=\"https:\/\/wp.1dfh.de\/wordpress\/wp-content\/gallery\/aero-2011\/167_aero2011_messefn.jpg?t=1773339162\" data-thumbnail=\"https:\/\/wp.1dfh.de\/wordpress\/wp-content\/gallery\/aero-2011\/cache\/167_aero2011_messefn.jpg-nggid0510566-ngg0dyn-100x100x100-00f0w010c011r110f110r010t010.jpg?t=1773339162\" data-title=\"Halle B3 Autogyro\" data-description=\"Halle B3-205: Auf der AERO pr\u00e4sentiert AutoGyro seinen neuen Tragschrauber, der das Produktportfolio erweitert. Daten: 2-Sitzer, voll-composite Bauweise, Neuentwicklung in gewohnt bew\u00e4hrter Qualit\u00e4t, gro\u00dfz\u00fcgiger Innenraum mit Panoramafenstern, hoher Reichweite und umfangreichen Ausstattungsm\u00f6glichkeiten.\">\n\t\t\t<img title=\"Halle B3 Autogyro\"\n\t\t\t\talt=\"Halle B3 Autogyro\"\n\t\t\t\tdata-image-id=\"10566\"\n\t\t\t\tsrc=\"\"\/>\n\t\t<\/a>\n\t\t\t<a href=\"https:\/\/wp.1dfh.de\/wordpress\/wp-content\/gallery\/eisberg09\/1dfh-1mai-09-eisberg_0045.JPG?t=1773339152\"\n\t\t\ttitle=\"Tragschrauber\"\n\t\t\t\t\t\t\t\t\t\t\t\t\t\t\t data-image-id=\"267\" data-src=\"https:\/\/wp.1dfh.de\/wordpress\/wp-content\/gallery\/eisberg09\/1dfh-1mai-09-eisberg_0045.JPG?t=1773339152\" data-thumbnail=\"https:\/\/wp.1dfh.de\/wordpress\/wp-content\/gallery\/eisberg09\/cache\/1dfh-1mai-09-eisberg_0045.JPG-nggid03267-ngg0dyn-100x100x100-00f0w010c011r110f110r010t010.JPG?t=1773339152\" data-title=\"1dfh-1mai-09-eisberg_0045\" data-description=\"Tragschrauber\">\n\t\t\t<img title=\"1dfh-1mai-09-eisberg_0045\"\n\t\t\t\talt=\"1dfh-1mai-09-eisberg_0045\"\n\t\t\t\tdata-image-id=\"267\"\n\t\t\t\tsrc=\"\"\/>\n\t\t<\/a>\n\t<\/div>\n","protected":false},"excerpt":{"rendered":"<p>[media id=399 width=470 height=320]<\/p>\n","protected":false},"author":2,"featured_media":0,"comment_status":"open","ping_status":"open","sticky":false,"template":"","format":"standard","meta":{"ngg_post_thumbnail":0,"footnotes":""},"categories":[11],"tags":[1000,3669,11390],"class_list":["post-13622","post","type-post","status-publish","format-standard","hentry","category-videos","tag-gyrocopter","tag-n-tv","tag-tragschrauber"],"_links":{"self":[{"href":"https:\/\/wp.1dfh.de\/wordpress\/wp-json\/wp\/v2\/posts\/13622","targetHints":{"allow":["GET"]}}],"collection":[{"href":"https:\/\/wp.1dfh.de\/wordpress\/wp-json\/wp\/v2\/posts"}],"about":[{"href":"https:\/\/wp.1dfh.de\/wordpress\/wp-json\/wp\/v2\/types\/post"}],"author":[{"embeddable":true,"href":"https:\/\/wp.1dfh.de\/wordpress\/wp-json\/wp\/v2\/users\/2"}],"replies":[{"embeddable":true,"href":"https:\/\/wp.1dfh.de\/wordpress\/wp-json\/wp\/v2\/comments?post=13622"}],"version-history":[{"count":0,"href":"https:\/\/wp.1dfh.de\/wordpress\/wp-json\/wp\/v2\/posts\/13622\/revisions"}],"wp:attachment":[{"href":"https:\/\/wp.1dfh.de\/wordpress\/wp-json\/wp\/v2\/media?parent=13622"}],"wp:term":[{"taxonomy":"category","embeddable":true,"href":"https:\/\/wp.1dfh.de\/wordpress\/wp-json\/wp\/v2\/categories?post=13622"},{"taxonomy":"post_tag","embeddable":true,"href":"https:\/\/wp.1dfh.de\/wordpress\/wp-json\/wp\/v2\/tags?post=13622"}],"curies":[{"name":"wp","href":"https:\/\/api.w.org\/{rel}","templated":true}]}}