{"id":14029,"date":"2011-02-04T17:53:19","date_gmt":"2011-02-04T16:53:19","guid":{"rendered":"http:\/\/wp.1dfh.de\/wordpress\/?p=14029"},"modified":"2011-02-04T17:59:01","modified_gmt":"2011-02-04T16:59:01","slug":"n-tv-magazintake-off-das-abenteuermagazin","status":"publish","type":"post","link":"https:\/\/wp.1dfh.de\/wordpress\/n-tv-magazintake-off-das-abenteuermagazin\/","title":{"rendered":"n-tv: MagazinTake Off \u2013 Das Abenteuermagazin"},"content":{"rendered":"<p><strong>MagazinTake Off &#8211; Das Abenteuermagazin<\/strong><\/p>\n<p>&#8222;Take Off&#8220; bringt dem Zuschauer Abenteuer nach Hause. Ob ein Werbespot, bei dem ein Auto aus einem Flugzeug geworfen wird, der Test von Drachen und Gleitschirmen oder Berichte von den Red Bull Air Races in Interlaken und London &#8211; &#8222;Take Off &#8211; Das Abenteuermagazin&#8220; h\u00e4lt, was sein Titel verspricht. Au\u00dfergew\u00f6hnliche Geschichten und spektakul\u00e4re Filmaufnahmen in luftigen H\u00f6hen versprechen ein besonderes TV-Erlebnis.<\/p>\n<p>Take Off &#8211; Das Abenteuermagazin sehen Sie alle 14 Tage samstags um 18.25 Uhr, sonnntags um 07.25 Uhr und dienstags um 16.30 Uhr.<\/p>\n<p>Das Thema der n\u00e4chsten Sendung:<\/p>\n<p><strong>Mit Gleitschirmen von der Zugspitze zum K\u00f6nigssee<\/strong><br \/>\nF\u00fcr zwei der besten Gleitschirmpiloten der Welt soll der Gipfel der Zugspitze der Startpunkt einer eindrucksvollen Flugreise sein. Ewa Wisnierska und Oliver R\u00f6ssel wollen von hier aus bis zum K\u00f6nigssee fliegen. Ewa und Oliver sind viele Jahre mit dem Weltcupzirkus rund um den Globus getourt, beide haben den Gesamtweltcup gewonnen. Ein spannendes, aber auch aufreibendes Leben.<\/p>\n<p>Beim geplanten Biwakflug spielen Stoppuhr und Geschwindigkeit keine Rolle. Wenn sie nicht fliegen k\u00f6nnen, gehen sie zu Fu\u00df weiter. F\u00fcr die 200 Kilometer lange Strecke wollen sie sich drei Tage Zeit nehmen.<\/p>\n<p><strong>Reno Air Race<\/strong><br \/>\nSeit 1964 wird in der W\u00fcste Nevadas allj\u00e4hrlich ein Flugzeugrennen ausgetragen, genaugenommen eine ganze Reihe von Rennen. Es gibt insgesamt sieben Klassen, in denen \u00fcber mehrere Tage hinweg die Sieger gek\u00fcrt werden. Das Reno Air Race ist das schnellste Rennen der Welt &#8211; die Rennflugzeuge jagen mit bis zu 800 km\/h um den ovalen Rundkurs.<\/p>\n<p>Bisher sind nur wenige deutsche Piloten angetreten, und ein Schweizer war noch gar nie dabei. Doch nun zeigt Vito Wypr\u00e4chtiger eidgen\u00f6ssische Pr\u00e4senz &#8211; in der Formula One Class. Der 29-j\u00e4hrige Rookie hat sich in seinem ersten Jahr gleich viel vorgenommen, ein Platz unter den ersten drei soll es schon sein.<\/p>\n<p><strong>Himmels-Symphonie<\/strong><br \/>\nBereits seit einigen Jahren \u00fcberrascht die &#8222;Scalaria Air Challenge&#8220; mit ungew\u00f6hnlichen Ideen. \u00dcber dem Wolfgangsee lassen die Veranstalter beeindruckende Vorf\u00fchrungen aus Luftfahrt-Perfomance und Musik insezenieren. Was urspr\u00fcnglich als Wasserflugzeugtreffen begann, ist zu einem avantgardistischen Event geworden.<\/p>\n<p>Sendetermine:<br \/>\nSamstag, 05.02. um 18.30 Uhr,<br \/>\nSonntag, 06.02. um 07.30 Uhr und<br \/>\nDienstag, 08.02. um 16.30 Uhr.<\/p>\n<div class=\"ngg-related-gallery\">\n\t\t\t<a href=\"https:\/\/wp.1dfh.de\/wordpress\/wp-content\/gallery\/flugtag-walldorf-21-08-2010\/1dfh-walldorf-21082010-007.jpg?t=1773504558\"\n\t\t\ttitle=\"Vito Wypr\u00e4chtiger\"\n\t\t\t\t\t\t\t\t\t\t\t\t\t\t\t data-image-id=\"7532\" data-src=\"https:\/\/wp.1dfh.de\/wordpress\/wp-content\/gallery\/flugtag-walldorf-21-08-2010\/1dfh-walldorf-21082010-007.jpg?t=1773504558\" data-thumbnail=\"https:\/\/wp.1dfh.de\/wordpress\/wp-content\/gallery\/flugtag-walldorf-21-08-2010\/cache\/1dfh-walldorf-21082010-007.jpg-nggid047532-ngg0dyn-100x100x100-00f0w010c011r110f110r010t010.jpg?t=1773504558\" data-title=\"1dfh-walldorf-21082010-007\" data-description=\"Vito Wypr\u00e4chtiger\">\n\t\t\t<img title=\"1dfh-walldorf-21082010-007\"\n\t\t\t\talt=\"1dfh-walldorf-21082010-007\"\n\t\t\t\tdata-image-id=\"7532\"\n\t\t\t\tsrc=\"\"\/>\n\t\t<\/a>\n\t\t\t<a href=\"https:\/\/wp.1dfh.de\/wordpress\/wp-content\/gallery\/flugtag-walldorf-21-08-2010\/1dfh-walldorf-21082010-008.jpg?t=1773504558\"\n\t\t\ttitle=\"Vito Wypr\u00e4chtiger\"\n\t\t\t\t\t\t\t\t\t\t\t\t\t\t\t data-image-id=\"7533\" data-src=\"https:\/\/wp.1dfh.de\/wordpress\/wp-content\/gallery\/flugtag-walldorf-21-08-2010\/1dfh-walldorf-21082010-008.jpg?t=1773504558\" data-thumbnail=\"https:\/\/wp.1dfh.de\/wordpress\/wp-content\/gallery\/flugtag-walldorf-21-08-2010\/cache\/1dfh-walldorf-21082010-008.jpg-nggid047533-ngg0dyn-100x100x100-00f0w010c011r110f110r010t010.jpg?t=1773504558\" data-title=\"1dfh-walldorf-21082010-008\" data-description=\"Vito Wypr\u00e4chtiger\">\n\t\t\t<img title=\"1dfh-walldorf-21082010-008\"\n\t\t\t\talt=\"1dfh-walldorf-21082010-008\"\n\t\t\t\tdata-image-id=\"7533\"\n\t\t\t\tsrc=\"\"\/>\n\t\t<\/a>\n\t\t\t<a href=\"https:\/\/wp.1dfh.de\/wordpress\/wp-content\/gallery\/flugtag-walldorf-21-08-2010\/1dfh-walldorf-21082010-009.jpg?t=1773504567\"\n\t\t\ttitle=\"Vito Wypr\u00e4chtiger\"\n\t\t\t\t\t\t\t\t\t\t\t\t\t\t\t data-image-id=\"7534\" data-src=\"https:\/\/wp.1dfh.de\/wordpress\/wp-content\/gallery\/flugtag-walldorf-21-08-2010\/1dfh-walldorf-21082010-009.jpg?t=1773504567\" data-thumbnail=\"https:\/\/wp.1dfh.de\/wordpress\/wp-content\/gallery\/flugtag-walldorf-21-08-2010\/cache\/1dfh-walldorf-21082010-009.jpg-nggid047534-ngg0dyn-100x100x100-00f0w010c011r110f110r010t010.jpg?t=1773504567\" data-title=\"1dfh-walldorf-21082010-009\" data-description=\"Vito Wypr\u00e4chtiger\">\n\t\t\t<img title=\"1dfh-walldorf-21082010-009\"\n\t\t\t\talt=\"1dfh-walldorf-21082010-009\"\n\t\t\t\tdata-image-id=\"7534\"\n\t\t\t\tsrc=\"\"\/>\n\t\t<\/a>\n\t\t\t<a href=\"https:\/\/wp.1dfh.de\/wordpress\/wp-content\/gallery\/tann09\/1dfh-tann2009-0011.JPG?t=1773504558\"\n\t\t\ttitle=\"Edge 540, Vito Wypr\u00e4chtiger\"\n\t\t\t\t\t\t\t\t\t\t\t\t\t\t\t data-image-id=\"1000\" data-src=\"https:\/\/wp.1dfh.de\/wordpress\/wp-content\/gallery\/tann09\/1dfh-tann2009-0011.JPG?t=1773504558\" data-thumbnail=\"https:\/\/wp.1dfh.de\/wordpress\/wp-content\/gallery\/tann09\/cache\/1dfh-tann2009-0011.JPG-nggid041000-ngg0dyn-100x100x100-00f0w010c011r110f110r010t010.JPG?t=1773504558\" data-title=\"1dfh-tann2009-0011\" data-description=\"Edge 540, Vito Wypr\u00e4chtiger\">\n\t\t\t<img title=\"1dfh-tann2009-0011\"\n\t\t\t\talt=\"1dfh-tann2009-0011\"\n\t\t\t\tdata-image-id=\"1000\"\n\t\t\t\tsrc=\"\"\/>\n\t\t<\/a>\n\t\t\t<a href=\"https:\/\/wp.1dfh.de\/wordpress\/wp-content\/gallery\/tann09\/1dfh-tann2009-0012.JPG?t=1773504558\"\n\t\t\ttitle=\"Edge 540, Vito Wypr\u00e4chtiger,\"\n\t\t\t\t\t\t\t\t\t\t\t\t\t\t\t data-image-id=\"1001\" data-src=\"https:\/\/wp.1dfh.de\/wordpress\/wp-content\/gallery\/tann09\/1dfh-tann2009-0012.JPG?t=1773504558\" data-thumbnail=\"https:\/\/wp.1dfh.de\/wordpress\/wp-content\/gallery\/tann09\/cache\/1dfh-tann2009-0012.JPG-nggid041001-ngg0dyn-100x100x100-00f0w010c011r110f110r010t010.JPG?t=1773504558\" data-title=\"1dfh-tann2009-0012\" data-description=\"Edge 540, Vito Wypr\u00e4chtiger,\">\n\t\t\t<img title=\"1dfh-tann2009-0012\"\n\t\t\t\talt=\"1dfh-tann2009-0012\"\n\t\t\t\tdata-image-id=\"1001\"\n\t\t\t\tsrc=\"\"\/>\n\t\t<\/a>\n\t\t\t<a href=\"https:\/\/wp.1dfh.de\/wordpress\/wp-content\/gallery\/tann09\/1dfh-tann2009-0013.JPG?t=1773504558\"\n\t\t\ttitle=\"Edge 540, Vito Wypr\u00e4chtiger,\"\n\t\t\t\t\t\t\t\t\t\t\t\t\t\t\t data-image-id=\"1002\" data-src=\"https:\/\/wp.1dfh.de\/wordpress\/wp-content\/gallery\/tann09\/1dfh-tann2009-0013.JPG?t=1773504558\" data-thumbnail=\"https:\/\/wp.1dfh.de\/wordpress\/wp-content\/gallery\/tann09\/cache\/1dfh-tann2009-0013.JPG-nggid041002-ngg0dyn-100x100x100-00f0w010c011r110f110r010t010.JPG?t=1773504558\" data-title=\"1dfh-tann2009-0013\" data-description=\"Edge 540, Vito Wypr\u00e4chtiger,\">\n\t\t\t<img title=\"1dfh-tann2009-0013\"\n\t\t\t\talt=\"1dfh-tann2009-0013\"\n\t\t\t\tdata-image-id=\"1002\"\n\t\t\t\tsrc=\"\"\/>\n\t\t<\/a>\n\t\t\t<a href=\"https:\/\/wp.1dfh.de\/wordpress\/wp-content\/gallery\/flugtag-walldorf-21-08-2010\/1dfh-walldorf-21082010-012.jpg?t=1773504558\"\n\t\t\ttitle=\"Vito Wypr\u00e4chtiger\"\n\t\t\t\t\t\t\t\t\t\t\t\t\t\t\t data-image-id=\"7537\" data-src=\"https:\/\/wp.1dfh.de\/wordpress\/wp-content\/gallery\/flugtag-walldorf-21-08-2010\/1dfh-walldorf-21082010-012.jpg?t=1773504558\" data-thumbnail=\"https:\/\/wp.1dfh.de\/wordpress\/wp-content\/gallery\/flugtag-walldorf-21-08-2010\/cache\/1dfh-walldorf-21082010-012.jpg-nggid047537-ngg0dyn-100x100x100-00f0w010c011r110f110r010t010.jpg?t=1773504558\" data-title=\"1dfh-walldorf-21082010-012\" data-description=\"Vito Wypr\u00e4chtiger\">\n\t\t\t<img title=\"1dfh-walldorf-21082010-012\"\n\t\t\t\talt=\"1dfh-walldorf-21082010-012\"\n\t\t\t\tdata-image-id=\"7537\"\n\t\t\t\tsrc=\"\"\/>\n\t\t<\/a>\n\t<\/div>\n","protected":false},"excerpt":{"rendered":"<p>MagazinTake Off &#8211; Das Abenteuermagazin &#8222;Take Off&#8220; bringt dem Zuschauer Abenteuer nach Hause. Ob ein Werbespot, bei dem ein Auto aus einem Flugzeug geworfen wird, der Test von Drachen und Gleitschirmen oder Berichte von den Red Bull Air Races in Interlaken und London &#8211; &#8222;Take Off &#8211; Das Abenteuermagazin&#8220; h\u00e4lt, was sein Titel verspricht. Au\u00dfergew\u00f6hnliche &hellip; <a href=\"https:\/\/wp.1dfh.de\/wordpress\/n-tv-magazintake-off-das-abenteuermagazin\/\" class=\"more-link\"><span class=\"screen-reader-text\">n-tv: MagazinTake Off \u2013 Das Abenteuermagazin<\/span> weiterlesen <span class=\"meta-nav\">&rarr;<\/span><\/a><\/p>\n","protected":false},"author":2,"featured_media":0,"comment_status":"open","ping_status":"open","sticky":false,"template":"","format":"standard","meta":{"ngg_post_thumbnail":0,"footnotes":""},"categories":[9,10],"tags":[4564,3669,4300,4521,3222,11944],"class_list":["post-14029","post","type-post","status-publish","format-standard","hentry","category-termine","category-tv-sendungen","tag-ewa-wisnierska","tag-n-tv","tag-reno-air-race","tag-scalaria-air-challenge","tag-take-off","tag-vito-wyprachtiger"],"_links":{"self":[{"href":"https:\/\/wp.1dfh.de\/wordpress\/wp-json\/wp\/v2\/posts\/14029","targetHints":{"allow":["GET"]}}],"collection":[{"href":"https:\/\/wp.1dfh.de\/wordpress\/wp-json\/wp\/v2\/posts"}],"about":[{"href":"https:\/\/wp.1dfh.de\/wordpress\/wp-json\/wp\/v2\/types\/post"}],"author":[{"embeddable":true,"href":"https:\/\/wp.1dfh.de\/wordpress\/wp-json\/wp\/v2\/users\/2"}],"replies":[{"embeddable":true,"href":"https:\/\/wp.1dfh.de\/wordpress\/wp-json\/wp\/v2\/comments?post=14029"}],"version-history":[{"count":0,"href":"https:\/\/wp.1dfh.de\/wordpress\/wp-json\/wp\/v2\/posts\/14029\/revisions"}],"wp:attachment":[{"href":"https:\/\/wp.1dfh.de\/wordpress\/wp-json\/wp\/v2\/media?parent=14029"}],"wp:term":[{"taxonomy":"category","embeddable":true,"href":"https:\/\/wp.1dfh.de\/wordpress\/wp-json\/wp\/v2\/categories?post=14029"},{"taxonomy":"post_tag","embeddable":true,"href":"https:\/\/wp.1dfh.de\/wordpress\/wp-json\/wp\/v2\/tags?post=14029"}],"curies":[{"name":"wp","href":"https:\/\/api.w.org\/{rel}","templated":true}]}}