{"id":14145,"date":"2011-02-10T12:33:02","date_gmt":"2011-02-10T11:33:02","guid":{"rendered":"http:\/\/wp.1dfh.de\/wordpress\/?p=14145"},"modified":"2011-02-28T21:19:30","modified_gmt":"2011-02-28T20:19:30","slug":"starke-heli-power-sorgt-fur-auftrieb-auf-der-aero-2011","status":"publish","type":"post","link":"https:\/\/wp.1dfh.de\/wordpress\/starke-heli-power-sorgt-fur-auftrieb-auf-der-aero-2011\/","title":{"rendered":"Starke Heli-Power sorgt f\u00fcr Auftrieb auf der AERO 2011"},"content":{"rendered":"<figure id=\"attachment_14141\" aria-describedby=\"caption-attachment-14141\" style=\"width: 131px\" class=\"wp-caption alignright\"><a href=\"http:\/\/www.aero-expo.com\" target=\"_blank\"><img loading=\"lazy\" decoding=\"async\" class=\"size-full wp-image-14141  \" title=\"AERO Friedrichshafen\" src=\"http:\/\/wp.1dfh.de\/wordpress\/wp-content\/uploads\/logo14.png\" alt=\"AERO Friedrichshafen\" width=\"131\" height=\"135\" \/><\/a><figcaption id=\"caption-attachment-14141\" class=\"wp-caption-text\">AERO Friedrichshafen<\/figcaption><\/figure>\n<p><em>Heli Hangar auf der Internationalen Luftfahrtmesse noch  gr\u00f6\u00dfer und informativer \u2013 Eurocopter zum ersten Mal dabei \u2013 Gro\u00dfe  Rettungs\u00fcbung am Bodensee. <\/em><\/p>\n<p><em>Mit einem deutlich vergr\u00f6\u00dferten Hubschrauber-Bereich  \u201cHeli Hangar\u201c wird sich die AERO von Mittwoch, 13. bis Samstag, 16.  April 2011 pr\u00e4sentieren: Organisator Rainer Herzberg verspricht eine  geballte Ladung Heli-Power, dazu werden erstmals Gro\u00dfhubschrauber  verschiedener Hersteller, darunter auch von der Firma Eurocopter,  pr\u00e4sentiert. Die Themen Pilotenausbildung und Berufe in der Helibranche  werden noch st\u00e4rker gewichtet. Insgesamt rund 550 Aussteller aus 26  L\u00e4ndern werden auf der Internationalen Fachmesse f\u00fcr die Allgemeine  Luftfahrt erwartet. Messechef Klaus Wellmann und AERO-Projektleiter  Roland Bosch freuen sich \u00fcber die \u201eausgesprochen gute  Aussteller-Beteiligung\u201c und \u00fcber den hohen Anteil ausl\u00e4ndischer Firmen,  die am Bodensee ausstellen werden.<\/em><\/p>\n<p>In neun Hallen und  im gut gebuchten Freigel\u00e4nde ist das komplette Spektrum der Allgemeinen  Luftfahrt zu sehen. Die f\u00fchrenden Segelflugzeughersteller sind in  Friedrichshafen dabei, auch die Businessjet-Flotte ist am Bodensee stark  vertreten. Erstmals pr\u00e4sentierten sich die Helikopter im Jahr 2009  innerhalb der General Aviation auf der AERO in einer eigenen Halle.  Bereits 2010 hat sich die Zahl der Aussteller mehr als verdoppelt und  mit 28 Drehfl\u00fcglern war die Halle A6 bis auf den letzten Stellplatz  gef\u00fcllt. Ebenfalls zu einem gro\u00dfen Erfolg wurde das Thema  Heli-Pilotenausbildung: Nicht nur f\u00fcr die ausstellenden Flugschulen,  sondern auch f\u00fcr die Bundeswehr (Heer, Marine, Luftwaffe), die  Bundespolizei und die L\u00e4nder-Polizei, die mit ihrer Nachwuchswerbung  zahlreiche potentielle Bewerber auf sich aufmerksam machten.<\/p>\n<p>Die  AERO Friedrichshafen hat sich in den vergangenen zwei Jahrzehnten zur  Leitmesse der Allgemeinen Luftfahrt in Europa entwickelt. Aus diesem  Grund wird sie in Zukunft auch noch deutlichere Signale im  Hubschrauberbereich setzen. Sichtbares Zeichen daf\u00fcr ist, dass 2011  gleich in zwei Hallen die aktuellen Modelle, Neuentwicklungen,  Forschungsprojekte und die Produkte der Zulieferindustrie pr\u00e4sentiert  werden. Aber auch Rarit\u00e4ten oder Oldtimer sind zu besichtigen und geben  interessante Einblicke in die Hubschrauberentwicklung der Vergangenheit.  Halle B4 ist f\u00fcr die General Aviation Helikopter reserviert. Mit dabei  ist zur gro\u00dfen Freude von AERO-Projektleiter Roland Bosch erstmals auch  die Firma Eurocopter, die speziell die gro\u00dfe Rettungs\u00fcbung am Bodensee  \u201eRotor + Resque\u201c im Rahmen der AERO zum Anlass nimmt, auf der Messe  pr\u00e4sent zu sein. Das Milit\u00e4r, die Polizei und die Rettungskr\u00e4fte sind  mit ihren Exponaten in der Halle B5 untergebracht.<\/p>\n<p>Zu  den Highlights des Heli Hangar auf der AERO 2011 werden auch mehrere  Turbinen-Gro\u00dfhubschrauber z\u00e4hlen: So bringt die Bundeswehr  voraussichtlich ihren neuen Transporthubschrauber NH 90 an den Bodensee,  die deutschen Marineflieger pr\u00e4sentieren eine gewaltige Sikorsky  Seaking. Von der Bundespolizei wird eine AS 352 Superpuma erwartet, die  L\u00e4nderpolizei zeigt eine EC155. Dazu kommen weitere aktuelle  Turbinenhelis der Hersteller Bell, Eurocopter, Sikorsky und PZL.<\/p>\n<p>Auch  die bew\u00e4hrten Klein- und Schulhubschrauber sind auf der AERO 2011  vertreten: Robinson R22, R44 und wohl auch der brandneue Turbinenheli  R66 sind zu sehen, dazu weitere Helikopter mit Kolbenmotor, wie  beispielsweise von Schweizer, Enstrom und Guimbal. Ultraleichte  Helikopter, die derzeit zwar noch nicht in Deutschland, aber bereits in  den europ\u00e4ischen Nachbarl\u00e4ndern zugelassen sind, erg\u00e4nzen diesen  Bereich. Bei zahlreichen Ausstellern gibt es zudem aktuelle News, nicht  nur \u00fcber die Ausbildung zum Privat- oder Berufshelikopterpiloten,  sondern auch alle Infos \u00fcber weitere T\u00e4tigkeiten in der florierenden  Heli-Branche.<\/p>\n<p>Heli-Koordinator Rainer Herzberg  verspricht zudem: \u201dAnders als auf vielen Luftfahrtmessen stehen die  Hubschrauber auf der AERO 2011 nicht weit entfernt vom Publikum hinter  Z\u00e4unen, sondern der Interessierte kann sie direkt in den Hallen  bestaunen, sich auch mal reinsetzen und mit den Crews oder den  Ausbildungsleitern in Kontakt kommen. Der Heli Hangar auf der AERO 2011  bietet also im wahrsten Sinne des Wortes Hubschrauber zum Anfassen!\u201c<\/p>\n<div class=\"ngg-related-gallery\">\n\t\t\t<a href=\"https:\/\/wp.1dfh.de\/wordpress\/wp-content\/gallery\/26-flugtage-auf-dem-rosfeld-08-09-2012\/1dfh-rossfeld-08092012-047.jpg?t=1773580053\"\n\t\t\ttitle=\"26. Flugtage Rossfeld\"\n\t\t\t\t\t\t\t\t\t\t\t\t\t\t\t data-image-id=\"20870\" data-src=\"https:\/\/wp.1dfh.de\/wordpress\/wp-content\/gallery\/26-flugtage-auf-dem-rosfeld-08-09-2012\/1dfh-rossfeld-08092012-047.jpg?t=1773580053\" data-thumbnail=\"https:\/\/wp.1dfh.de\/wordpress\/wp-content\/gallery\/26-flugtage-auf-dem-rosfeld-08-09-2012\/cache\/1dfh-rossfeld-08092012-047.jpg-nggid0520870-ngg0dyn-100x100x100-00f0w010c011r110f110r010t010.jpg?t=1773580053\" data-title=\"26. Flugtage Rossfeld\" data-description=\"26. Flugtage Rossfeld\">\n\t\t\t<img title=\"26. Flugtage Rossfeld\"\n\t\t\t\talt=\"26. Flugtage Rossfeld\"\n\t\t\t\tdata-image-id=\"20870\"\n\t\t\t\tsrc=\"\"\/>\n\t\t<\/a>\n\t\t\t<a href=\"https:\/\/wp.1dfh.de\/wordpress\/wp-content\/gallery\/26-flugtage-auf-dem-rosfeld-08-09-2012\/1dfh-rossfeld-08092012-048.jpg?t=1773580053\"\n\t\t\ttitle=\"26. Flugtage Rossfeld\"\n\t\t\t\t\t\t\t\t\t\t\t\t\t\t\t data-image-id=\"20871\" data-src=\"https:\/\/wp.1dfh.de\/wordpress\/wp-content\/gallery\/26-flugtage-auf-dem-rosfeld-08-09-2012\/1dfh-rossfeld-08092012-048.jpg?t=1773580053\" data-thumbnail=\"https:\/\/wp.1dfh.de\/wordpress\/wp-content\/gallery\/26-flugtage-auf-dem-rosfeld-08-09-2012\/cache\/1dfh-rossfeld-08092012-048.jpg-nggid0520871-ngg0dyn-100x100x100-00f0w010c011r110f110r010t010.jpg?t=1773580053\" data-title=\"26. Flugtage Rossfeld\" data-description=\"26. Flugtage Rossfeld\">\n\t\t\t<img title=\"26. Flugtage Rossfeld\"\n\t\t\t\talt=\"26. Flugtage Rossfeld\"\n\t\t\t\tdata-image-id=\"20871\"\n\t\t\t\tsrc=\"\"\/>\n\t\t<\/a>\n\t\t\t<a href=\"https:\/\/wp.1dfh.de\/wordpress\/wp-content\/gallery\/26-flugtage-auf-dem-rosfeld-08-09-2012\/1dfh-rossfeld-08092012-049.jpg?t=1773580053\"\n\t\t\ttitle=\"26. Flugtage Rossfeld\"\n\t\t\t\t\t\t\t\t\t\t\t\t\t\t\t data-image-id=\"20872\" data-src=\"https:\/\/wp.1dfh.de\/wordpress\/wp-content\/gallery\/26-flugtage-auf-dem-rosfeld-08-09-2012\/1dfh-rossfeld-08092012-049.jpg?t=1773580053\" data-thumbnail=\"https:\/\/wp.1dfh.de\/wordpress\/wp-content\/gallery\/26-flugtage-auf-dem-rosfeld-08-09-2012\/cache\/1dfh-rossfeld-08092012-049.jpg-nggid0520872-ngg0dyn-100x100x100-00f0w010c011r110f110r010t010.jpg?t=1773580053\" data-title=\"26. Flugtage Rossfeld\" data-description=\"26. Flugtage Rossfeld\">\n\t\t\t<img title=\"26. Flugtage Rossfeld\"\n\t\t\t\talt=\"26. Flugtage Rossfeld\"\n\t\t\t\tdata-image-id=\"20872\"\n\t\t\t\tsrc=\"\"\/>\n\t\t<\/a>\n\t\t\t<a href=\"https:\/\/wp.1dfh.de\/wordpress\/wp-content\/gallery\/26-flugtage-auf-dem-rosfeld-08-09-2012\/1dfh-rossfeld-08092012-050.jpg?t=1773580053\"\n\t\t\ttitle=\"26. Flugtage Rossfeld\"\n\t\t\t\t\t\t\t\t\t\t\t\t\t\t\t data-image-id=\"20873\" data-src=\"https:\/\/wp.1dfh.de\/wordpress\/wp-content\/gallery\/26-flugtage-auf-dem-rosfeld-08-09-2012\/1dfh-rossfeld-08092012-050.jpg?t=1773580053\" data-thumbnail=\"https:\/\/wp.1dfh.de\/wordpress\/wp-content\/gallery\/26-flugtage-auf-dem-rosfeld-08-09-2012\/cache\/1dfh-rossfeld-08092012-050.jpg-nggid0520873-ngg0dyn-100x100x100-00f0w010c011r110f110r010t010.jpg?t=1773580053\" data-title=\"26. Flugtage Rossfeld\" data-description=\"26. Flugtage Rossfeld\">\n\t\t\t<img title=\"26. Flugtage Rossfeld\"\n\t\t\t\talt=\"26. Flugtage Rossfeld\"\n\t\t\t\tdata-image-id=\"20873\"\n\t\t\t\tsrc=\"\"\/>\n\t\t<\/a>\n\t\t\t<a href=\"https:\/\/wp.1dfh.de\/wordpress\/wp-content\/gallery\/26-flugtage-auf-dem-rosfeld-08-09-2012\/1dfh-rossfeld-08092012-051.jpg?t=1773580053\"\n\t\t\ttitle=\"26. Flugtage Rossfeld\"\n\t\t\t\t\t\t\t\t\t\t\t\t\t\t\t data-image-id=\"20874\" data-src=\"https:\/\/wp.1dfh.de\/wordpress\/wp-content\/gallery\/26-flugtage-auf-dem-rosfeld-08-09-2012\/1dfh-rossfeld-08092012-051.jpg?t=1773580053\" data-thumbnail=\"https:\/\/wp.1dfh.de\/wordpress\/wp-content\/gallery\/26-flugtage-auf-dem-rosfeld-08-09-2012\/cache\/1dfh-rossfeld-08092012-051.jpg-nggid0520874-ngg0dyn-100x100x100-00f0w010c011r110f110r010t010.jpg?t=1773580053\" data-title=\"26. Flugtage Rossfeld\" data-description=\"26. Flugtage Rossfeld\">\n\t\t\t<img title=\"26. Flugtage Rossfeld\"\n\t\t\t\talt=\"26. Flugtage Rossfeld\"\n\t\t\t\tdata-image-id=\"20874\"\n\t\t\t\tsrc=\"\"\/>\n\t\t<\/a>\n\t\t\t<a href=\"https:\/\/wp.1dfh.de\/wordpress\/wp-content\/gallery\/26-flugtage-auf-dem-rosfeld-08-09-2012\/1dfh-rossfeld-08092012-052.jpg?t=1773580053\"\n\t\t\ttitle=\"26. Flugtage Rossfeld\"\n\t\t\t\t\t\t\t\t\t\t\t\t\t\t\t data-image-id=\"20875\" data-src=\"https:\/\/wp.1dfh.de\/wordpress\/wp-content\/gallery\/26-flugtage-auf-dem-rosfeld-08-09-2012\/1dfh-rossfeld-08092012-052.jpg?t=1773580053\" data-thumbnail=\"https:\/\/wp.1dfh.de\/wordpress\/wp-content\/gallery\/26-flugtage-auf-dem-rosfeld-08-09-2012\/cache\/1dfh-rossfeld-08092012-052.jpg-nggid0520875-ngg0dyn-100x100x100-00f0w010c011r110f110r010t010.jpg?t=1773580053\" data-title=\"26. Flugtage Rossfeld\" data-description=\"26. Flugtage Rossfeld\">\n\t\t\t<img title=\"26. Flugtage Rossfeld\"\n\t\t\t\talt=\"26. Flugtage Rossfeld\"\n\t\t\t\tdata-image-id=\"20875\"\n\t\t\t\tsrc=\"\"\/>\n\t\t<\/a>\n\t\t\t<a href=\"https:\/\/wp.1dfh.de\/wordpress\/wp-content\/gallery\/26-flugtage-auf-dem-rosfeld-08-09-2012\/1dfh-rossfeld-08092012-053.jpg?t=1773580057\"\n\t\t\ttitle=\"26. Flugtage Rossfeld\"\n\t\t\t\t\t\t\t\t\t\t\t\t\t\t\t data-image-id=\"20876\" data-src=\"https:\/\/wp.1dfh.de\/wordpress\/wp-content\/gallery\/26-flugtage-auf-dem-rosfeld-08-09-2012\/1dfh-rossfeld-08092012-053.jpg?t=1773580057\" data-thumbnail=\"https:\/\/wp.1dfh.de\/wordpress\/wp-content\/gallery\/26-flugtage-auf-dem-rosfeld-08-09-2012\/cache\/1dfh-rossfeld-08092012-053.jpg-nggid0520876-ngg0dyn-100x100x100-00f0w010c011r110f110r010t010.jpg?t=1773580057\" data-title=\"26. Flugtage Rossfeld\" data-description=\"26. Flugtage Rossfeld\">\n\t\t\t<img title=\"26. Flugtage Rossfeld\"\n\t\t\t\talt=\"26. Flugtage Rossfeld\"\n\t\t\t\tdata-image-id=\"20876\"\n\t\t\t\tsrc=\"\"\/>\n\t\t<\/a>\n\t<\/div>\n","protected":false},"excerpt":{"rendered":"<p>Heli Hangar auf der Internationalen Luftfahrtmesse noch gr\u00f6\u00dfer und informativer \u2013 Eurocopter zum ersten Mal dabei \u2013 Gro\u00dfe Rettungs\u00fcbung am Bodensee. Mit einem deutlich vergr\u00f6\u00dferten Hubschrauber-Bereich \u201cHeli Hangar\u201c wird sich die AERO von Mittwoch, 13. bis Samstag, 16. April 2011 pr\u00e4sentieren: Organisator Rainer Herzberg verspricht eine geballte Ladung Heli-Power, dazu werden erstmals Gro\u00dfhubschrauber verschiedener Hersteller, &hellip; <a href=\"https:\/\/wp.1dfh.de\/wordpress\/starke-heli-power-sorgt-fur-auftrieb-auf-der-aero-2011\/\" class=\"more-link\"><span class=\"screen-reader-text\">Starke Heli-Power sorgt f\u00fcr Auftrieb auf der AERO 2011<\/span> weiterlesen <span class=\"meta-nav\">&rarr;<\/span><\/a><\/p>\n","protected":false},"author":2,"featured_media":14141,"comment_status":"open","ping_status":"open","sticky":false,"template":"","format":"standard","meta":{"ngg_post_thumbnail":0,"footnotes":""},"categories":[15],"tags":[3176,5121,1776,12006,11452,12277,11421,5127,5126,12168,5124,1770,11690,5119,11605,11887,11259,11578,11979,5118],"class_list":["post-14145","post","type-post","status-publish","format-standard","has-post-thumbnail","hentry","category-ausstellungen","tag-aero-2011","tag-as-352","tag-bell","tag-bundespolizei","tag-bundeswehr","tag-ec155","tag-eurocopter","tag-landerpolizei","tag-marinefliege","tag-nh-90","tag-pzl","tag-r22","tag-r44","tag-r66","tag-robinson","tag-robinson-r22","tag-seaking","tag-sikorsky","tag-superpuma","tag-turbinenheli"],"_links":{"self":[{"href":"https:\/\/wp.1dfh.de\/wordpress\/wp-json\/wp\/v2\/posts\/14145","targetHints":{"allow":["GET"]}}],"collection":[{"href":"https:\/\/wp.1dfh.de\/wordpress\/wp-json\/wp\/v2\/posts"}],"about":[{"href":"https:\/\/wp.1dfh.de\/wordpress\/wp-json\/wp\/v2\/types\/post"}],"author":[{"embeddable":true,"href":"https:\/\/wp.1dfh.de\/wordpress\/wp-json\/wp\/v2\/users\/2"}],"replies":[{"embeddable":true,"href":"https:\/\/wp.1dfh.de\/wordpress\/wp-json\/wp\/v2\/comments?post=14145"}],"version-history":[{"count":0,"href":"https:\/\/wp.1dfh.de\/wordpress\/wp-json\/wp\/v2\/posts\/14145\/revisions"}],"wp:featuredmedia":[{"embeddable":true,"href":"https:\/\/wp.1dfh.de\/wordpress\/wp-json\/wp\/v2\/media\/14141"}],"wp:attachment":[{"href":"https:\/\/wp.1dfh.de\/wordpress\/wp-json\/wp\/v2\/media?parent=14145"}],"wp:term":[{"taxonomy":"category","embeddable":true,"href":"https:\/\/wp.1dfh.de\/wordpress\/wp-json\/wp\/v2\/categories?post=14145"},{"taxonomy":"post_tag","embeddable":true,"href":"https:\/\/wp.1dfh.de\/wordpress\/wp-json\/wp\/v2\/tags?post=14145"}],"curies":[{"name":"wp","href":"https:\/\/api.w.org\/{rel}","templated":true}]}}