{"id":14808,"date":"2011-03-07T20:03:21","date_gmt":"2011-03-07T19:03:21","guid":{"rendered":"http:\/\/wp.1dfh.de\/wordpress\/?p=14808"},"modified":"2011-06-30T09:29:41","modified_gmt":"2011-06-30T07:29:41","slug":"kehler-flugtage-25-06-26-06-2011","status":"publish","type":"post","link":"https:\/\/wp.1dfh.de\/wordpress\/kehler-flugtage-25-06-26-06-2011\/","title":{"rendered":"Kehler Flugtage 23.06. &#8211; 26.06.2011"},"content":{"rendered":"<figure id=\"attachment_15484\" aria-describedby=\"caption-attachment-15484\" style=\"width: 330px\" class=\"wp-caption alignright\"><a href=\"http:\/\/kehler-flugtage.de\" target=\"_blank\"><img loading=\"lazy\" decoding=\"async\" class=\"size-full wp-image-15484 \" title=\"Kehler Flugtage 2011\" src=\"http:\/\/wp.1dfh.de\/wordpress\/wp-content\/uploads\/plakat2011_5501.jpg\" alt=\"Kehler Flugtage 2011\" width=\"330\" height=\"467\" \/><\/a><figcaption id=\"caption-attachment-15484\" class=\"wp-caption-text\">Kehler Flugtage 2011<\/figcaption><\/figure>\n<p><strong>Flugprogramm Samstag:<\/strong><\/p>\n<table cellpadding=\"0\" width=\"500\">\n<tbody>\n<tr>\n<td width=\"80\">14.00 Uhr<\/td>\n<td width=\"158\">Fournier RF4<\/td>\n<td width=\"346\">Thomas Neudel<\/td>\n<\/tr>\n<tr>\n<td width=\"80\">14.20 Uhr<\/td>\n<td width=\"158\">Pilatus PC6 \/ Springer<\/td>\n<td width=\"346\">Springer &amp; Portervorf\u00fchrung<\/td>\n<\/tr>\n<tr>\n<td width=\"80\">14.40 Uhr<\/td>\n<td width=\"158\">Yak 52<\/td>\n<td width=\"346\">Frederic Mendelson<\/td>\n<\/tr>\n<tr>\n<td width=\"80\">15.00 Uhr<\/td>\n<td width=\"158\"><a href=\"http:\/\/www.safari-helicopter.de\/\" target=\"_blank\">Safari Heli<\/a><\/td>\n<td width=\"346\">Bernhard Huschle \/ Gustel Schrempp<\/td>\n<\/tr>\n<tr>\n<td width=\"80\">15.20 Uhr<\/td>\n<td width=\"158\">Salto &amp; Sp91<\/td>\n<td width=\"346\">Thomas Neudel<\/td>\n<\/tr>\n<tr>\n<td width=\"80\">15.40 Uhr<\/td>\n<td width=\"158\">Pitts S1<\/td>\n<td width=\"346\">Uli Schell<\/td>\n<\/tr>\n<tr>\n<td width=\"80\">16.00 Uhr<\/td>\n<td width=\"158\">Yak52-Team<\/td>\n<td width=\"346\">Volker Erndt, Patrick Behr , Sylvain Deuster<\/td>\n<\/tr>\n<tr>\n<td width=\"80\">16.20 Uhr<\/td>\n<td width=\"158\">Robinson R44<\/td>\n<td width=\"346\">Heli AG<\/td>\n<\/tr>\n<tr>\n<td width=\"80\">16.40 Uhr<\/td>\n<td width=\"158\">Pilatus P2<\/td>\n<td width=\"346\">Holger Braun<\/td>\n<\/tr>\n<tr>\n<td width=\"80\">17.00 Uhr<\/td>\n<td width=\"158\">Christian Eagle<\/td>\n<td width=\"346\">Erich Stebler<\/td>\n<\/tr>\n<tr>\n<td width=\"80\">17.20 Uhr<\/td>\n<td width=\"158\">Sp91 &amp;\u00a0DG303 Acro<\/td>\n<td width=\"346\">Thomas Neudel \/ Alwin G\u00fcntert<\/td>\n<\/tr>\n<tr>\n<td width=\"80\">17.40 Uhr<\/td>\n<td width=\"158\">Pilatus PC6 \/ Springer<\/td>\n<td width=\"346\">Springer &amp; Portervorf\u00fchrung<\/td>\n<\/tr>\n<tr>\n<td width=\"80\">18.00 Uhr<\/td>\n<td width=\"158\">Zlin 526<\/td>\n<td width=\"346\">Marc Mathis<\/td>\n<\/tr>\n<tr>\n<td width=\"80\">18.20 Uhr<\/td>\n<td width=\"158\">C42 &amp; Fauvel &amp; ASH25<\/td>\n<td width=\"346\">Sebastian Huth \/\u00a0Thomas Neudel<\/td>\n<\/tr>\n<tr>\n<td width=\"80\">18.40 Uhr<\/td>\n<td colspan=\"2\" width=\"504\">Oldtimerverband der Schweizer Fliegerfreunde<\/td>\n<\/tr>\n<\/tbody>\n<\/table>\n<p><strong>Flugprogramm Sonntag:<\/strong><\/p>\n<table cellpadding=\"0\" width=\"500\">\n<tbody>\n<tr>\n<td width=\"80\">14.00 Uhr<\/td>\n<td width=\"157\">SP91 &amp; Salto<\/td>\n<td width=\"382\">Thomas Neudel<\/td>\n<\/tr>\n<tr>\n<td width=\"80\">14.20 Uhr<\/td>\n<td width=\"157\">Pilatus\/Springer<\/td>\n<td width=\"382\">Springer + Portervorf\u00fchrung<\/td>\n<\/tr>\n<tr>\n<td width=\"80\">14.40 Uhr<\/td>\n<td width=\"157\">Christen Eagle<\/td>\n<td width=\"382\">Erich Stebler<\/td>\n<\/tr>\n<tr>\n<td width=\"80\">15.00 Uhr<\/td>\n<td width=\"157\"><a href=\"http:\/\/www.safari-helicopter.de\/\" target=\"_blank\">Safari Heli<\/a><\/td>\n<td width=\"382\">Bernhard Huschle \/ Gustel Schrempp<\/td>\n<\/tr>\n<tr>\n<td width=\"80\">15.20 Uhr<\/td>\n<td width=\"157\">Yak52-Team<\/td>\n<td width=\"382\">Volker Erndt, Patrick Behr, Sylvain Deuster<\/td>\n<\/tr>\n<tr>\n<td width=\"80\">15.40 Uhr<\/td>\n<td width=\"157\">Sp91 &amp; Swift<\/td>\n<td width=\"382\">Thomas Neudel \/ Alwin G\u00fcnthert<\/td>\n<\/tr>\n<tr>\n<td width=\"80\">16.00 Uhr<\/td>\n<td width=\"157\">Havard AT6<\/td>\n<td width=\"382\">Eger<\/td>\n<\/tr>\n<tr>\n<td colspan=\"2\" width=\"237\"><em>Programmunterbrechung<\/em><\/td>\n<td width=\"382\"><em>Zeitfenster \u2013 Abflugm\u00f6glichkeit f\u00fcr G\u00e4ste ca. 15 min<\/em><\/td>\n<\/tr>\n<tr>\n<td width=\"80\">16.20 Uhr<\/td>\n<td width=\"157\">\n<p lang=\"en-GB\">Pitts S1<\/p>\n<\/td>\n<td width=\"382\">\n<p lang=\"en-GB\">Uli Schell<\/p>\n<\/td>\n<\/tr>\n<tr>\n<td width=\"80\">16.40 Uhr<\/td>\n<td width=\"157\">\n<p lang=\"en-GB\">T6 SuperSix<\/p>\n<\/td>\n<td width=\"382\">\n<div>Dietmar Eger<\/div>\n<\/td>\n<\/tr>\n<tr>\n<td width=\"80\">17.00 Uhr<\/td>\n<td width=\"157\">RF4<\/td>\n<td width=\"382\">Thomas Neudel<\/td>\n<\/tr>\n<tr>\n<td width=\"80\">17.20 Uhr<\/td>\n<td width=\"157\">Robinson R44<\/td>\n<td width=\"382\">Heli AG<\/td>\n<\/tr>\n<tr>\n<td width=\"80\">17.40 Uhr<\/td>\n<td width=\"157\">Zlin 526<\/td>\n<td width=\"382\">Marc Mathis<\/td>\n<\/tr>\n<tr>\n<td width=\"80\">18.00 Uhr<\/td>\n<td width=\"157\">Pilatus\/Springer<\/td>\n<td width=\"382\">Springer plus Portervorf\u00fchrung<\/td>\n<\/tr>\n<tr>\n<td width=\"80\">18.20 Uhr<\/td>\n<td width=\"157\">YAK 52<\/td>\n<td width=\"382\">Frederic Mendelson<\/td>\n<\/tr>\n<tr>\n<td width=\"80\">18.40 Uhr<\/td>\n<td width=\"157\">C42 &amp;\u00a0Fauvel &amp; ASH25<\/td>\n<td width=\"382\">Sebastian Huth \/\u00a0Thomas Neudel<\/td>\n<\/tr>\n<\/tbody>\n<\/table>\n<div><span style=\"font-size: x-small;\">\u00c4nderungen sind je nach Wetter vorbehalten<\/span><\/div>\n<p><strong>Samstag &amp; Sonntag geplante \u00dcberfl\u00fcge von Warbirds <a href=\"http:\/\/www.meiermotors.com\/\" target=\"_blank\">Fa. MeierMotors<\/a> aus Bremgarten !!!<\/strong><\/p>\n<div><span style=\"font-size: x-small;\">\u00c4nderungen sind je nach Wetter vorbehalten<\/span><\/div>\n<p><a href=\"http:\/\/www.kehler-flugtage.de\/index.php\">Kehler Flugtage<\/a><\/p>\n<p>[media id=555 width=320 height=176]<\/p>\nngg_shortcode_0_placeholder\n<p>[gmap]<\/p>\n<div class=\"ngg-related-gallery\">\n\t\t\t<a href=\"https:\/\/wp.1dfh.de\/wordpress\/wp-content\/gallery\/kehl09\/1dfh-kehl09_0001.JPG?t=1773429976\"\n\t\t\ttitle=\" \"\n\t\t\t\t\t\t\t\t\t\t\t\t\t\t\t data-image-id=\"707\" data-src=\"https:\/\/wp.1dfh.de\/wordpress\/wp-content\/gallery\/kehl09\/1dfh-kehl09_0001.JPG?t=1773429976\" data-thumbnail=\"https:\/\/wp.1dfh.de\/wordpress\/wp-content\/gallery\/kehl09\/cache\/1dfh-kehl09_0001.JPG-nggid03707-ngg0dyn-100x100x100-00f0w010c011r110f110r010t010.JPG?t=1773429976\" data-title=\"1dfh-kehl09_0001\" data-description=\" \">\n\t\t\t<img title=\"1dfh-kehl09_0001\"\n\t\t\t\talt=\"1dfh-kehl09_0001\"\n\t\t\t\tdata-image-id=\"707\"\n\t\t\t\tsrc=\"\"\/>\n\t\t<\/a>\n\t\t\t<a href=\"https:\/\/wp.1dfh.de\/wordpress\/wp-content\/gallery\/kehl09\/1dfh-kehl09_0002.JPG?t=1773429976\"\n\t\t\ttitle=\" \"\n\t\t\t\t\t\t\t\t\t\t\t\t\t\t\t data-image-id=\"708\" data-src=\"https:\/\/wp.1dfh.de\/wordpress\/wp-content\/gallery\/kehl09\/1dfh-kehl09_0002.JPG?t=1773429976\" data-thumbnail=\"https:\/\/wp.1dfh.de\/wordpress\/wp-content\/gallery\/kehl09\/cache\/1dfh-kehl09_0002.JPG-nggid03708-ngg0dyn-100x100x100-00f0w010c011r110f110r010t010.JPG?t=1773429976\" data-title=\"1dfh-kehl09_0002\" data-description=\" \">\n\t\t\t<img title=\"1dfh-kehl09_0002\"\n\t\t\t\talt=\"1dfh-kehl09_0002\"\n\t\t\t\tdata-image-id=\"708\"\n\t\t\t\tsrc=\"\"\/>\n\t\t<\/a>\n\t\t\t<a href=\"https:\/\/wp.1dfh.de\/wordpress\/wp-content\/gallery\/kehl09\/1dfh-kehl09_0003.JPG?t=1773429976\"\n\t\t\ttitle=\" \"\n\t\t\t\t\t\t\t\t\t\t\t\t\t\t\t data-image-id=\"709\" data-src=\"https:\/\/wp.1dfh.de\/wordpress\/wp-content\/gallery\/kehl09\/1dfh-kehl09_0003.JPG?t=1773429976\" data-thumbnail=\"https:\/\/wp.1dfh.de\/wordpress\/wp-content\/gallery\/kehl09\/cache\/1dfh-kehl09_0003.JPG-nggid03709-ngg0dyn-100x100x100-00f0w010c011r110f110r010t010.JPG?t=1773429976\" data-title=\"1dfh-kehl09_0003\" data-description=\" \">\n\t\t\t<img title=\"1dfh-kehl09_0003\"\n\t\t\t\talt=\"1dfh-kehl09_0003\"\n\t\t\t\tdata-image-id=\"709\"\n\t\t\t\tsrc=\"\"\/>\n\t\t<\/a>\n\t\t\t<a href=\"https:\/\/wp.1dfh.de\/wordpress\/wp-content\/gallery\/kehl09\/1dfh-kehl09_0004.JPG?t=1773429976\"\n\t\t\ttitle=\" \"\n\t\t\t\t\t\t\t\t\t\t\t\t\t\t\t data-image-id=\"710\" data-src=\"https:\/\/wp.1dfh.de\/wordpress\/wp-content\/gallery\/kehl09\/1dfh-kehl09_0004.JPG?t=1773429976\" data-thumbnail=\"https:\/\/wp.1dfh.de\/wordpress\/wp-content\/gallery\/kehl09\/cache\/1dfh-kehl09_0004.JPG-nggid03710-ngg0dyn-100x100x100-00f0w010c011r110f110r010t010.JPG?t=1773429976\" data-title=\"1dfh-kehl09_0004\" data-description=\" \">\n\t\t\t<img title=\"1dfh-kehl09_0004\"\n\t\t\t\talt=\"1dfh-kehl09_0004\"\n\t\t\t\tdata-image-id=\"710\"\n\t\t\t\tsrc=\"\"\/>\n\t\t<\/a>\n\t\t\t<a href=\"https:\/\/wp.1dfh.de\/wordpress\/wp-content\/gallery\/kehl09\/1dfh-kehl09_0005.JPG?t=1773429976\"\n\t\t\ttitle=\" \"\n\t\t\t\t\t\t\t\t\t\t\t\t\t\t\t data-image-id=\"711\" data-src=\"https:\/\/wp.1dfh.de\/wordpress\/wp-content\/gallery\/kehl09\/1dfh-kehl09_0005.JPG?t=1773429976\" data-thumbnail=\"https:\/\/wp.1dfh.de\/wordpress\/wp-content\/gallery\/kehl09\/cache\/1dfh-kehl09_0005.JPG-nggid03711-ngg0dyn-100x100x100-00f0w010c011r110f110r010t010.JPG?t=1773429976\" data-title=\"1dfh-kehl09_0005\" data-description=\" \">\n\t\t\t<img title=\"1dfh-kehl09_0005\"\n\t\t\t\talt=\"1dfh-kehl09_0005\"\n\t\t\t\tdata-image-id=\"711\"\n\t\t\t\tsrc=\"\"\/>\n\t\t<\/a>\n\t\t\t<a href=\"https:\/\/wp.1dfh.de\/wordpress\/wp-content\/gallery\/kehl09\/1dfh-kehl09_0034.JPG\"\n\t\t\ttitle=\" \"\n\t\t\t\t\t\t\t\t\t\t\t\t\t\t\t data-image-id=\"740\" data-src=\"https:\/\/wp.1dfh.de\/wordpress\/wp-content\/gallery\/kehl09\/1dfh-kehl09_0034.JPG\" data-thumbnail=\"https:\/\/wp.1dfh.de\/wordpress\/nextgen-image\/740\/100x100x100\/crop\/08f39f7f972b988def87d7610c095734\" data-title=\"1dfh-kehl09_0034\" data-description=\" \">\n\t\t\t<img title=\"1dfh-kehl09_0034\"\n\t\t\t\talt=\"1dfh-kehl09_0034\"\n\t\t\t\tdata-image-id=\"740\"\n\t\t\t\tsrc=\"\"\/>\n\t\t<\/a>\n\t\t\t<a href=\"https:\/\/wp.1dfh.de\/wordpress\/wp-content\/gallery\/kehl09\/1dfh-kehl09_0035.JPG\"\n\t\t\ttitle=\" \"\n\t\t\t\t\t\t\t\t\t\t\t\t\t\t\t data-image-id=\"741\" data-src=\"https:\/\/wp.1dfh.de\/wordpress\/wp-content\/gallery\/kehl09\/1dfh-kehl09_0035.JPG\" data-thumbnail=\"https:\/\/wp.1dfh.de\/wordpress\/nextgen-image\/741\/100x100x100\/crop\/ae542be65bd5badd83429b469bdfd12f\" data-title=\"1dfh-kehl09_0035\" data-description=\" \">\n\t\t\t<img title=\"1dfh-kehl09_0035\"\n\t\t\t\talt=\"1dfh-kehl09_0035\"\n\t\t\t\tdata-image-id=\"741\"\n\t\t\t\tsrc=\"\"\/>\n\t\t<\/a>\n\t<\/div>\n","protected":false},"excerpt":{"rendered":"<p>Flugprogramm Samstag: 14.00 Uhr Fournier RF4 Thomas Neudel 14.20 Uhr Pilatus PC6 \/ Springer Springer &amp; Portervorf\u00fchrung 14.40 Uhr Yak 52 Frederic Mendelson 15.00 Uhr Safari Heli Bernhard Huschle \/ Gustel Schrempp 15.20 Uhr Salto &amp; Sp91 Thomas Neudel 15.40 Uhr Pitts S1 Uli Schell 16.00 Uhr Yak52-Team Volker Erndt, Patrick Behr , Sylvain Deuster &hellip; <a href=\"https:\/\/wp.1dfh.de\/wordpress\/kehler-flugtage-25-06-26-06-2011\/\" class=\"more-link\"><span class=\"screen-reader-text\">Kehler Flugtage 23.06. &#8211; 26.06.2011<\/span> weiterlesen <span class=\"meta-nav\">&rarr;<\/span><\/a><\/p>\n","protected":false},"author":2,"featured_media":15487,"comment_status":"open","ping_status":"open","sticky":false,"template":"","format":"standard","meta":{"ngg_post_thumbnail":0,"footnotes":""},"categories":[18,6,9,11],"tags":[5420,11651,12311,5423,830,12308,5421,11122,5980,5982,12125,12122,160,11328,5981,5406,5409,12309,5413,5418,11191,11466,5424,5985,2936,11247,5408,681,5417,12307,5979,3616,3823,5415,5986,12108,11371,5984,5419,812,5983,11294],"class_list":["post-14808","post","type-post","status-publish","format-standard","has-post-thumbnail","hentry","category-flugveranstaltungen","category-fotos","category-termine","category-videos","tag-acroyak-pirmasens","tag-aero-club-kehl-e-v","tag-alwin-guntert","tag-ash-25","tag-av36","tag-bernhard-huschle","tag-c42","tag-christen-eagle","tag-d-hgbw","tag-dg303-akro","tag-dietmar-eger","tag-erich-stebler","tag-f-schlepp","tag-fallschirmspringer","tag-fauve","tag-fournier","tag-frederic-mendelson","tag-gustel-schrempp","tag-havard-at6","tag-heli-ag-freiburg","tag-kehler-flugtage","tag-marc-mathis","tag-oldtimerverband-der-schweizer-fliegerfreunde","tag-patrick-behr","tag-pilatus-pc6","tag-pitts-s1","tag-portervorfuhrung","tag-rf4","tag-rundflughubschrauber","tag-safari-heli","tag-safari-helicopter","tag-salto","tag-skydance-acro-team-2","tag-sp91","tag-sylvain-deuster","tag-thomas-neudel","tag-uli-schell","tag-volker-erndt","tag-yak-52-team","tag-yak-52","tag-yak52-team","tag-zlin-526"],"_links":{"self":[{"href":"https:\/\/wp.1dfh.de\/wordpress\/wp-json\/wp\/v2\/posts\/14808","targetHints":{"allow":["GET"]}}],"collection":[{"href":"https:\/\/wp.1dfh.de\/wordpress\/wp-json\/wp\/v2\/posts"}],"about":[{"href":"https:\/\/wp.1dfh.de\/wordpress\/wp-json\/wp\/v2\/types\/post"}],"author":[{"embeddable":true,"href":"https:\/\/wp.1dfh.de\/wordpress\/wp-json\/wp\/v2\/users\/2"}],"replies":[{"embeddable":true,"href":"https:\/\/wp.1dfh.de\/wordpress\/wp-json\/wp\/v2\/comments?post=14808"}],"version-history":[{"count":0,"href":"https:\/\/wp.1dfh.de\/wordpress\/wp-json\/wp\/v2\/posts\/14808\/revisions"}],"wp:featuredmedia":[{"embeddable":true,"href":"https:\/\/wp.1dfh.de\/wordpress\/wp-json\/wp\/v2\/media\/15487"}],"wp:attachment":[{"href":"https:\/\/wp.1dfh.de\/wordpress\/wp-json\/wp\/v2\/media?parent=14808"}],"wp:term":[{"taxonomy":"category","embeddable":true,"href":"https:\/\/wp.1dfh.de\/wordpress\/wp-json\/wp\/v2\/categories?post=14808"},{"taxonomy":"post_tag","embeddable":true,"href":"https:\/\/wp.1dfh.de\/wordpress\/wp-json\/wp\/v2\/tags?post=14808"}],"curies":[{"name":"wp","href":"https:\/\/api.w.org\/{rel}","templated":true}]}}