{"id":15501,"date":"2011-04-12T13:26:20","date_gmt":"2011-04-12T11:26:20","guid":{"rendered":"http:\/\/wp.1dfh.de\/wordpress\/?p=15501"},"modified":"2011-04-12T13:49:32","modified_gmt":"2011-04-12T11:49:32","slug":"ausstellung-abheben-%e2%80%93-die-vision-vom-fliegen-stadthaus-ulm-06-05-13-11-2011","status":"publish","type":"post","link":"https:\/\/wp.1dfh.de\/wordpress\/ausstellung-abheben-%e2%80%93-die-vision-vom-fliegen-stadthaus-ulm-06-05-13-11-2011\/","title":{"rendered":"Ausstellung: ABHEBEN \u2013 die Vision vom Fliegen Stadthaus Ulm 06.05. &#8211; 13.11.2011"},"content":{"rendered":"<figure id=\"attachment_15504\" aria-describedby=\"caption-attachment-15504\" style=\"width: 160px\" class=\"wp-caption alignright\"><a href=\"http:\/\/www.stadthaus.ulm.de\/stadthaus\/startseite.48048.htm\" target=\"_blank\"><img loading=\"lazy\" decoding=\"async\" class=\"size-full wp-image-15504  \" title=\"Stadthaus Ulm\" src=\"http:\/\/wp.1dfh.de\/wordpress\/wp-content\/uploads\/logo12.gif\" alt=\"Stadthaus Ulm\" width=\"160\" height=\"112\" srcset=\"https:\/\/wp.1dfh.de\/wordpress\/wp-content\/uploads\/logo12.gif 160w, https:\/\/wp.1dfh.de\/wordpress\/wp-content\/uploads\/logo12-150x105.gif 150w\" sizes=\"auto, (max-width: 160px) 100vw, 160px\" \/><\/a><figcaption id=\"caption-attachment-15504\" class=\"wp-caption-text\">Stadthaus Ulm<\/figcaption><\/figure>\n<p>Ausstellung: ABHEBEN \u2013 die Vision vom Fliegen Fr, 6. Mai, bis So 13. November 2011<\/p>\n<p>Er\u00f6ffnung: Do, 5. Mai 2011, 19 Uhr<\/p>\n<p>Stadthaus Ulm<\/p>\n<p>Was treibt uns an? Und was h\u00e4lt uns am Boden? Visionen und Experimente bilden den roten Faden der Ausstellung, die den Traum vom Fliegen mit der Frage nach seiner Zukunft verbindet und ihre Besucher anregen will, \u00fcber unsere Vorstellungen von Mobilit\u00e4t nachzudenken. Wie h\u00e4ngen Abheben, Landen und Abst\u00fcrzen zusammen? Was passiert\u00a0 physikalisch, wenn man fliegt? Wie haben Pioniere die Geschichte des Fliegens gepr\u00e4gt? Wie bleibt man m\u00f6glichst lange oben? Was passiert hinter den Kulissen, vor denen die Passagiere fliegen? Mit welchem Treibstoff wird k\u00fcnftig geflogen? An welcher Technik wird geforscht? Und wollen wir inzwischen vielleicht manchmal einfach unten bleiben? Mit zahlreichen Medien und interaktiven Elementen. Der Eintritt ist frei.<\/p>\n<p>Mit Begleitprogramm. Zur Ausstellung erscheint ein eigenes Programmheft.<\/p>\n<p>\u00d6ffnungszeiten:<\/p>\n<p>Mo\u2013Sa: 10\u201318 Uhr, Do: 10\u201320 Uhr,<\/p>\n<p>So\/Fei: 11\u201318 Uhr, erster Fr im Monat bis 24 Uhr<\/p>\n<p>[gmap]<\/p>\n<div class=\"ngg-related-gallery\">\n\t\t\t<a href=\"https:\/\/wp.1dfh.de\/wordpress\/wp-content\/gallery\/berblinger-flugwettbewerb-2011\/berb11.jpg?t=1774382585\"\n\t\t\ttitle=\"Berblinger Flugwettbewerb 2011\"\n\t\t\t\t\t\t\t\t\t\t\t\t\t\t\t data-image-id=\"10665\" data-src=\"https:\/\/wp.1dfh.de\/wordpress\/wp-content\/gallery\/berblinger-flugwettbewerb-2011\/berb11.jpg?t=1774382585\" data-thumbnail=\"https:\/\/wp.1dfh.de\/wordpress\/nextgen-image\/10665\/100x100x100\/crop\/04c2396e1a408d7ffe2da5db92d1862f?t=1774382585\" data-title=\"Berblinger Flugwettbewerb 2011\" data-description=\"Berblinger Flugwettbewerb 2011\">\n\t\t\t<img title=\"Berblinger Flugwettbewerb 2011\"\n\t\t\t\talt=\"Berblinger Flugwettbewerb 2011\"\n\t\t\t\tdata-image-id=\"10665\"\n\t\t\t\tsrc=\"\"\/>\n\t\t<\/a>\n\t\t\t<a href=\"https:\/\/wp.1dfh.de\/wordpress\/wp-content\/gallery\/berblinger-flugwettbewerb-2011\/01_antares-20-e.jpg?t=1501508502\"\n\t\t\ttitle=\"Antares 20 E\"\n\t\t\t\t\t\t\t\t\t\t\t\t\t\t\t data-image-id=\"10519\" data-src=\"https:\/\/wp.1dfh.de\/wordpress\/wp-content\/gallery\/berblinger-flugwettbewerb-2011\/01_antares-20-e.jpg?t=1501508502\" data-thumbnail=\"https:\/\/wp.1dfh.de\/wordpress\/nextgen-image\/10519\/100x100x100\/crop\/c161c403c3fecee6f67224afaa942f9f?t=1501508502\" data-title=\"Antares 20 E\" data-description=\"Antares 20 E\">\n\t\t\t<img title=\"Antares 20 E\"\n\t\t\t\talt=\"Antares 20 E\"\n\t\t\t\tdata-image-id=\"10519\"\n\t\t\t\tsrc=\"\"\/>\n\t\t<\/a>\n\t\t\t<a href=\"https:\/\/wp.1dfh.de\/wordpress\/wp-content\/gallery\/berblinger-flugwettbewerb-2011\/02_antares-dlr-h2.jpg?t=1501508502\"\n\t\t\ttitle=\"Antares DLR H2\"\n\t\t\t\t\t\t\t\t\t\t\t\t\t\t\t data-image-id=\"10520\" data-src=\"https:\/\/wp.1dfh.de\/wordpress\/wp-content\/gallery\/berblinger-flugwettbewerb-2011\/02_antares-dlr-h2.jpg?t=1501508502\" data-thumbnail=\"https:\/\/wp.1dfh.de\/wordpress\/nextgen-image\/10520\/100x100x100\/crop\/bfbfec1ba94fdd1c764469072dc9bad3?t=1501508502\" data-title=\"Antares DLR H2\" data-description=\"Antares DLR H2\">\n\t\t\t<img title=\"Antares DLR H2\"\n\t\t\t\talt=\"Antares DLR H2\"\n\t\t\t\tdata-image-id=\"10520\"\n\t\t\t\tsrc=\"\"\/>\n\t\t<\/a>\n\t\t\t<a href=\"https:\/\/wp.1dfh.de\/wordpress\/wp-content\/gallery\/berblinger-flugwettbewerb-2011\/03_-arcus-e.jpg?t=1501508503\"\n\t\t\ttitle=\"ARCUS-E\"\n\t\t\t\t\t\t\t\t\t\t\t\t\t\t\t data-image-id=\"10521\" data-src=\"https:\/\/wp.1dfh.de\/wordpress\/wp-content\/gallery\/berblinger-flugwettbewerb-2011\/03_-arcus-e.jpg?t=1501508503\" data-thumbnail=\"https:\/\/wp.1dfh.de\/wordpress\/nextgen-image\/10521\/100x100x100\/crop\/7074ed42a6d3b69530cc3e06f410b1f6?t=1501508503\" data-title=\"ARCUS-E\" data-description=\"ARCUS-E\">\n\t\t\t<img title=\"ARCUS-E\"\n\t\t\t\talt=\"ARCUS-E\"\n\t\t\t\tdata-image-id=\"10521\"\n\t\t\t\tsrc=\"\"\/>\n\t\t<\/a>\n\t\t\t<a href=\"https:\/\/wp.1dfh.de\/wordpress\/wp-content\/gallery\/berblinger-flugwettbewerb-2011\/04_arcus-m.jpg?t=1501508503\"\n\t\t\ttitle=\"ARCUS-M\"\n\t\t\t\t\t\t\t\t\t\t\t\t\t\t\t data-image-id=\"10522\" data-src=\"https:\/\/wp.1dfh.de\/wordpress\/wp-content\/gallery\/berblinger-flugwettbewerb-2011\/04_arcus-m.jpg?t=1501508503\" data-thumbnail=\"https:\/\/wp.1dfh.de\/wordpress\/nextgen-image\/10522\/100x100x100\/crop\/fb7100c4b4461496b99fba6384e6f61d?t=1501508503\" data-title=\"ARCUS-M\" data-description=\"ARCUS-M\">\n\t\t\t<img title=\"ARCUS-M\"\n\t\t\t\talt=\"ARCUS-M\"\n\t\t\t\tdata-image-id=\"10522\"\n\t\t\t\tsrc=\"\"\/>\n\t\t<\/a>\n\t\t\t<a href=\"https:\/\/wp.1dfh.de\/wordpress\/wp-content\/gallery\/berblinger-flugwettbewerb-2011\/05_asw-20-cl-j-mit-psr-jet-system.jpg?t=1501508504\"\n\t\t\ttitle=\"ASW 20 CL-J mit PSR-Jet-System\"\n\t\t\t\t\t\t\t\t\t\t\t\t\t\t\t data-image-id=\"10523\" data-src=\"https:\/\/wp.1dfh.de\/wordpress\/wp-content\/gallery\/berblinger-flugwettbewerb-2011\/05_asw-20-cl-j-mit-psr-jet-system.jpg?t=1501508504\" data-thumbnail=\"https:\/\/wp.1dfh.de\/wordpress\/nextgen-image\/10523\/100x100x100\/crop\/3954e6488d3eaf8d4215af98eb9e0c43?t=1501508504\" data-title=\"ASW 20 CL-J mit PSR-Jet-System\" data-description=\"ASW 20 CL-J mit PSR-Jet-System\">\n\t\t\t<img title=\"ASW 20 CL-J mit PSR-Jet-System\"\n\t\t\t\talt=\"ASW 20 CL-J mit PSR-Jet-System\"\n\t\t\t\tdata-image-id=\"10523\"\n\t\t\t\tsrc=\"\"\/>\n\t\t<\/a>\n\t\t\t<a href=\"https:\/\/wp.1dfh.de\/wordpress\/wp-content\/gallery\/berblinger-flugwettbewerb-2011\/06_ata-all-terrain-aircraft.jpg?t=1501508504\"\n\t\t\ttitle=\"ATA All terrain aircraft\"\n\t\t\t\t\t\t\t\t\t\t\t\t\t\t\t data-image-id=\"10524\" data-src=\"https:\/\/wp.1dfh.de\/wordpress\/wp-content\/gallery\/berblinger-flugwettbewerb-2011\/06_ata-all-terrain-aircraft.jpg?t=1501508504\" data-thumbnail=\"https:\/\/wp.1dfh.de\/wordpress\/nextgen-image\/10524\/100x100x100\/crop\/2bc783f247b956f0a1f3232845b3c1ed?t=1501508504\" data-title=\"ATA All terrain aircraft\" data-description=\"ATA All terrain aircraft\">\n\t\t\t<img title=\"ATA All terrain aircraft\"\n\t\t\t\talt=\"ATA All terrain aircraft\"\n\t\t\t\tdata-image-id=\"10524\"\n\t\t\t\tsrc=\"\"\/>\n\t\t<\/a>\n\t<\/div>\n","protected":false},"excerpt":{"rendered":"<p>Ausstellung: ABHEBEN \u2013 die Vision vom Fliegen Fr, 6. Mai, bis So 13. November 2011 Er\u00f6ffnung: Do, 5. Mai 2011, 19 Uhr Stadthaus Ulm Was treibt uns an? Und was h\u00e4lt uns am Boden? Visionen und Experimente bilden den roten Faden der Ausstellung, die den Traum vom Fliegen mit der Frage nach seiner Zukunft verbindet &hellip; <a href=\"https:\/\/wp.1dfh.de\/wordpress\/ausstellung-abheben-%e2%80%93-die-vision-vom-fliegen-stadthaus-ulm-06-05-13-11-2011\/\" class=\"more-link\"><span class=\"screen-reader-text\">Ausstellung: ABHEBEN \u2013 die Vision vom Fliegen Stadthaus Ulm 06.05. &#8211; 13.11.2011<\/span> weiterlesen <span class=\"meta-nav\">&rarr;<\/span><\/a><\/p>\n","protected":false},"author":2,"featured_media":15504,"comment_status":"open","ping_status":"open","sticky":false,"template":"","format":"standard","meta":{"ngg_post_thumbnail":0,"footnotes":""},"categories":[15],"tags":[5780,12374,5781],"class_list":["post-15501","post","type-post","status-publish","format-standard","has-post-thumbnail","hentry","category-ausstellungen","tag-abheben--die-vision-vom-fliegen","tag-berblinger-flugwettbewerb-2011","tag-ulm"],"_links":{"self":[{"href":"https:\/\/wp.1dfh.de\/wordpress\/wp-json\/wp\/v2\/posts\/15501","targetHints":{"allow":["GET"]}}],"collection":[{"href":"https:\/\/wp.1dfh.de\/wordpress\/wp-json\/wp\/v2\/posts"}],"about":[{"href":"https:\/\/wp.1dfh.de\/wordpress\/wp-json\/wp\/v2\/types\/post"}],"author":[{"embeddable":true,"href":"https:\/\/wp.1dfh.de\/wordpress\/wp-json\/wp\/v2\/users\/2"}],"replies":[{"embeddable":true,"href":"https:\/\/wp.1dfh.de\/wordpress\/wp-json\/wp\/v2\/comments?post=15501"}],"version-history":[{"count":0,"href":"https:\/\/wp.1dfh.de\/wordpress\/wp-json\/wp\/v2\/posts\/15501\/revisions"}],"wp:featuredmedia":[{"embeddable":true,"href":"https:\/\/wp.1dfh.de\/wordpress\/wp-json\/wp\/v2\/media\/15504"}],"wp:attachment":[{"href":"https:\/\/wp.1dfh.de\/wordpress\/wp-json\/wp\/v2\/media?parent=15501"}],"wp:term":[{"taxonomy":"category","embeddable":true,"href":"https:\/\/wp.1dfh.de\/wordpress\/wp-json\/wp\/v2\/categories?post=15501"},{"taxonomy":"post_tag","embeddable":true,"href":"https:\/\/wp.1dfh.de\/wordpress\/wp-json\/wp\/v2\/tags?post=15501"}],"curies":[{"name":"wp","href":"https:\/\/api.w.org\/{rel}","templated":true}]}}