{"id":15647,"date":"2012-03-10T22:22:43","date_gmt":"2012-03-10T21:22:43","guid":{"rendered":"http:\/\/wp.1dfh.de\/wordpress\/?p=15647"},"modified":"2012-12-19T17:36:00","modified_gmt":"2012-12-19T16:36:00","slug":"3-rotor-live-iffezheim-10-03-11-03-2012","status":"publish","type":"post","link":"https:\/\/wp.1dfh.de\/wordpress\/3-rotor-live-iffezheim-10-03-11-03-2012\/","title":{"rendered":"3. ROTOR live Iffezheim 10.03. \u2013 11.03.2012"},"content":{"rendered":"<figure id=\"attachment_17816\" aria-describedby=\"caption-attachment-17816\" style=\"width: 230px\" class=\"wp-caption alignright\"><a href=\"http:\/\/www.rotor-live.de\/\" target=\"_blank\"><img loading=\"lazy\" decoding=\"async\" class=\" wp-image-17816   \" title=\"Rotor live\" alt=\"Rotor live\" src=\"http:\/\/wp.1dfh.de\/wordpress\/wp-content\/uploads\/logo_4801.jpg\" width=\"230\" height=\"318\" srcset=\"https:\/\/wp.1dfh.de\/wordpress\/wp-content\/uploads\/logo_4801.jpg 480w, https:\/\/wp.1dfh.de\/wordpress\/wp-content\/uploads\/logo_4801-217x300.jpg 217w, https:\/\/wp.1dfh.de\/wordpress\/wp-content\/uploads\/logo_4801-108x150.jpg 108w, https:\/\/wp.1dfh.de\/wordpress\/wp-content\/uploads\/logo_4801-400x551.jpg 400w\" sizes=\"auto, (max-width: 230px) 100vw, 230px\" \/><\/a><figcaption id=\"caption-attachment-17816\" class=\"wp-caption-text\">Rotor live<\/figcaption><\/figure>\n<p>Am 10. und 11. M\u00e4rz 2012 \u00f6ffnet die Modellhubschrauber-Fachmesse ROTOR live zum dritten Mal ihre Pforten f\u00fcr Besucher aus der ganzen Welt. Inzwischen haben sich fast 60 Aussteller aus ganz Europa angemeldet \u2013 wieder ein deutliches Plus, das einmal mehr zeigt, dass das Konzept einer Sparten-Messe f\u00fcr Modellhubschrauber-Piloten absolut richtig ist. Die Besucher (im vergangenen Jahr konnte man nach 7.000 im ersten Jahr bereits 12.000 z\u00e4hlen) k\u00f6nnen sich alle f\u00fcr sie interessanten Produkte live ansehen, von den Fachleuten und Piloten der Firmen erkl\u00e4ren lassen und gr\u00f6\u00dftenteils auch im Flug betrachten. Auch dieses Mal stehen Unternehmen aus allen Bereichen des Modellhubschrauberfliegens, ob Scale, 3D, F3C, Elektronik oder auch Turbinenantriebe, auf der Ausstellerliste.<br \/>\nAls Neuheit wird es 2012 erstmals einen 3D-Wettbewerb geben, bei dem immer zwei Piloten gegeneinander antreten und im K.O.-System Runde um Runde bis zum Finale am Sonntagnachmittag bestreiten. Ebenfalls werden die ausgestellten und vorgeflogenen Scale-Modelle von einer Fachjury bewertet. Das beste Modell wird ebenfalls pr\u00e4miert.<\/p>\n<p><iframe loading=\"lazy\" src=\"http:\/\/player.vimeo.com\/video\/38362156?title=0&amp;byline=0&amp;portrait=0&amp;badge=0&amp;color=ff9933\" width=\"400\" height=\"300\" frameborder=\"0\" webkitAllowFullScreen mozallowfullscreen allowFullScreen><\/iframe><\/p>\nngg_shortcode_0_placeholder\n<ul>\n<li><strong><a title=\"Vortr\u00e4ge ROTOR live 10.03. \u2013 11.03.2012\" href=\"http:\/\/wp.1dfh.de\/wordpress\/vortrage-rotor-live-10-03-11-03-2012\/\">Vortr\u00e4ge ROTOR live 10.03. \u2013 11.03.2012<\/a><\/strong><\/li>\n<li><strong><a title=\"Flugshow ROTOR live 10.03. - 11.03.2012\" href=\"http:\/\/wp.1dfh.de\/wordpress\/flugshow-rotor-live-10-03-11-03-2012\/\">Flugshow ROTOR live 10.03. &#8211; 11.03.2012<\/a><\/strong><\/li>\n<\/ul>\n<p>&nbsp;<\/p>\n<p>[gmap]<\/p>\n<div class=\"ngg-related-gallery\">\n\t\t\t<a href=\"https:\/\/wp.1dfh.de\/wordpress\/wp-content\/gallery\/modellflugtag-msc-nagold-26-07-2009\/1dfh-msc-nagold-26070-060.jpg?t=1501633946\"\n\t\t\ttitle=\"Stefanie Blesa\"\n\t\t\t\t\t\t\t\t\t\t\t\t\t\t\t data-image-id=\"60\" data-src=\"https:\/\/wp.1dfh.de\/wordpress\/wp-content\/gallery\/modellflugtag-msc-nagold-26-07-2009\/1dfh-msc-nagold-26070-060.jpg?t=1501633946\" data-thumbnail=\"https:\/\/wp.1dfh.de\/wordpress\/nextgen-image\/60\/100x100x100\/crop\/e3b735e0c761b7c4b75a3f9101e22cbb?t=1501633946\" data-title=\"Modellflugtag MSC-Nagold 26.07.2009\" data-description=\"Stefanie Blesa\">\n\t\t\t<img title=\"Modellflugtag MSC-Nagold 26.07.2009\"\n\t\t\t\talt=\"Modellflugtag MSC-Nagold 26.07.2009\"\n\t\t\t\tdata-image-id=\"60\"\n\t\t\t\tsrc=\"\"\/>\n\t\t<\/a>\n\t\t\t<a href=\"https:\/\/wp.1dfh.de\/wordpress\/wp-content\/gallery\/modellflugtag-msc-nagold-26-07-2009\/1dfh-msc-nagold-26070-061.jpg?t=1773290534\"\n\t\t\ttitle=\"Stefanie Blesa\"\n\t\t\t\t\t\t\t\t\t\t\t\t\t\t\t data-image-id=\"61\" data-src=\"https:\/\/wp.1dfh.de\/wordpress\/wp-content\/gallery\/modellflugtag-msc-nagold-26-07-2009\/1dfh-msc-nagold-26070-061.jpg?t=1773290534\" data-thumbnail=\"https:\/\/wp.1dfh.de\/wordpress\/nextgen-image\/61\/100x100x100\/crop\/7e57b87250f14a1ea2eb7781086b7f18?t=1773290534\" data-title=\"Modellflugtag MSC-Nagold 26.07.2009\" data-description=\"Stefanie Blesa\">\n\t\t\t<img title=\"Modellflugtag MSC-Nagold 26.07.2009\"\n\t\t\t\talt=\"Modellflugtag MSC-Nagold 26.07.2009\"\n\t\t\t\tdata-image-id=\"61\"\n\t\t\t\tsrc=\"\"\/>\n\t\t<\/a>\n\t\t\t<a href=\"https:\/\/wp.1dfh.de\/wordpress\/wp-content\/gallery\/3-tp-tr-rt\/IMG_1139.jpg?t=1773405239\"\n\t\t\ttitle=\"Robert Sixt\"\n\t\t\t\t\t\t\t\t\t\t\t\t\t\t\t data-image-id=\"879\" data-src=\"https:\/\/wp.1dfh.de\/wordpress\/wp-content\/gallery\/3-tp-tr-rt\/IMG_1139.jpg?t=1773405239\" data-thumbnail=\"https:\/\/wp.1dfh.de\/wordpress\/wp-content\/gallery\/3-tp-tr-rt\/cache\/IMG_1139.jpg-nggid03879-ngg0dyn-100x100x100-00f0w010c011r110f110r010t010.jpg?t=1773405239\" data-title=\"IMG_1139\" data-description=\"Robert Sixt\">\n\t\t\t<img title=\"IMG_1139\"\n\t\t\t\talt=\"IMG_1139\"\n\t\t\t\tdata-image-id=\"879\"\n\t\t\t\tsrc=\"\"\/>\n\t\t<\/a>\n\t\t\t<a href=\"https:\/\/wp.1dfh.de\/wordpress\/wp-content\/gallery\/3-tp-tr-rt\/IMG_1277.jpg?t=1773405239\"\n\t\t\ttitle=\"Robert Sixt\"\n\t\t\t\t\t\t\t\t\t\t\t\t\t\t\t data-image-id=\"894\" data-src=\"https:\/\/wp.1dfh.de\/wordpress\/wp-content\/gallery\/3-tp-tr-rt\/IMG_1277.jpg?t=1773405239\" data-thumbnail=\"https:\/\/wp.1dfh.de\/wordpress\/wp-content\/gallery\/3-tp-tr-rt\/cache\/IMG_1277.jpg-nggid03894-ngg0dyn-100x100x100-00f0w010c011r110f110r010t010.jpg?t=1773405239\" data-title=\"IMG_1277\" data-description=\"Robert Sixt\">\n\t\t\t<img title=\"IMG_1277\"\n\t\t\t\talt=\"IMG_1277\"\n\t\t\t\tdata-image-id=\"894\"\n\t\t\t\tsrc=\"\"\/>\n\t\t<\/a>\n\t\t\t<a href=\"https:\/\/wp.1dfh.de\/wordpress\/wp-content\/gallery\/3-tp-tr-rt\/IMG_1424.jpg?t=1773405239\"\n\t\t\ttitle=\"Robert Sixt, Nachtflug,\"\n\t\t\t\t\t\t\t\t\t\t\t\t\t\t\t data-image-id=\"900\" data-src=\"https:\/\/wp.1dfh.de\/wordpress\/wp-content\/gallery\/3-tp-tr-rt\/IMG_1424.jpg?t=1773405239\" data-thumbnail=\"https:\/\/wp.1dfh.de\/wordpress\/wp-content\/gallery\/3-tp-tr-rt\/cache\/IMG_1424.jpg-nggid03900-ngg0dyn-100x100x100-00f0w010c011r110f110r010t010.jpg?t=1773405239\" data-title=\"IMG_1424\" data-description=\"Robert Sixt, Nachtflug,\">\n\t\t\t<img title=\"IMG_1424\"\n\t\t\t\talt=\"IMG_1424\"\n\t\t\t\tdata-image-id=\"900\"\n\t\t\t\tsrc=\"\"\/>\n\t\t<\/a>\n\t\t\t<a href=\"https:\/\/wp.1dfh.de\/wordpress\/wp-content\/gallery\/3-tp-tr-rt\/IMG_1516.jpg?t=1770668399\"\n\t\t\ttitle=\"Robert Sixt, Nachtflug,\"\n\t\t\t\t\t\t\t\t\t\t\t\t\t\t\t data-image-id=\"901\" data-src=\"https:\/\/wp.1dfh.de\/wordpress\/wp-content\/gallery\/3-tp-tr-rt\/IMG_1516.jpg?t=1770668399\" data-thumbnail=\"https:\/\/wp.1dfh.de\/wordpress\/wp-content\/gallery\/3-tp-tr-rt\/cache\/IMG_1516.jpg-nggid03901-ngg0dyn-100x100x100-00f0w010c011r110f110r010t010.jpg?t=1770668399\" data-title=\"IMG_1516\" data-description=\"Robert Sixt, Nachtflug,\">\n\t\t\t<img title=\"IMG_1516\"\n\t\t\t\talt=\"IMG_1516\"\n\t\t\t\tdata-image-id=\"901\"\n\t\t\t\tsrc=\"\"\/>\n\t\t<\/a>\n\t\t\t<a href=\"https:\/\/wp.1dfh.de\/wordpress\/wp-content\/gallery\/3-tp-tr-rt\/IMG_1521.jpg?t=1773494654\"\n\t\t\ttitle=\"Robert Sixt, Nachtflug,\"\n\t\t\t\t\t\t\t\t\t\t\t\t\t\t\t data-image-id=\"902\" data-src=\"https:\/\/wp.1dfh.de\/wordpress\/wp-content\/gallery\/3-tp-tr-rt\/IMG_1521.jpg?t=1773494654\" data-thumbnail=\"https:\/\/wp.1dfh.de\/wordpress\/wp-content\/gallery\/3-tp-tr-rt\/cache\/IMG_1521.jpg-nggid03902-ngg0dyn-100x100x100-00f0w010c011r110f110r010t010.jpg?t=1773494654\" data-title=\"IMG_1521\" data-description=\"Robert Sixt, Nachtflug,\">\n\t\t\t<img title=\"IMG_1521\"\n\t\t\t\talt=\"IMG_1521\"\n\t\t\t\tdata-image-id=\"902\"\n\t\t\t\tsrc=\"\"\/>\n\t\t<\/a>\n\t<\/div>\n","protected":false},"excerpt":{"rendered":"<p>Am 10. und 11. M\u00e4rz 2012 \u00f6ffnet die Modellhubschrauber-Fachmesse ROTOR live zum dritten Mal ihre Pforten f\u00fcr Besucher aus der ganzen Welt. Inzwischen haben sich fast 60 Aussteller aus ganz Europa angemeldet \u2013 wieder ein deutliches Plus, das einmal mehr zeigt, dass das Konzept einer Sparten-Messe f\u00fcr Modellhubschrauber-Piloten absolut richtig ist. Die Besucher (im vergangenen &hellip; <a href=\"https:\/\/wp.1dfh.de\/wordpress\/3-rotor-live-iffezheim-10-03-11-03-2012\/\" class=\"more-link\"><span class=\"screen-reader-text\">3. ROTOR live Iffezheim 10.03. \u2013 11.03.2012<\/span> weiterlesen <span class=\"meta-nav\">&rarr;<\/span><\/a><\/p>\n","protected":false},"author":2,"featured_media":17816,"comment_status":"open","ping_status":"open","sticky":false,"template":"","format":"standard","meta":{"ngg_post_thumbnail":0,"footnotes":""},"categories":[15,18,6,2030,9,11],"tags":[12480,7202,7422,4811,5210,7439,7388,7441,4813,7378,7386,7404,5213,5220,7415,4184,4812,98,11769,7360,7414,7391,7370,7416,7423,7353,7290,7365,1971,7385,7436,2355,11511,4819,7336,12533,7417,2076,7291,2358,7331,7419,4821,5214,7324,7435,5215,7322,11166,7347,7382,2388,4822,5896,7418,7442,7387,5113,7294,4828,7406,7437,7392,7288,4056,7424,11766,7337,7349,7334,2074,12282,7362,2075,11193,7289,5222,7297,7345,5218,7425,7330,7443,7364,7293,4832,7358,11968,7426,11486,7440,7431,4835,11488,4838,11730,7299,7408,7329,7300,7332,7401,7351,7328,2082,7333,4840,7428,7287,7432,4843,1596,1969,7375,5216,7369,4844,7429,11254,7350,7298,11733,11875,3287,7421,11772,5211,4846,7295,3476,2351,2083,12427,2077,7361,7371,7427,11876,7344,7292,5223,7296,5224,7434,7338,2085,7352,11527,11562,7430,7340],"class_list":["post-15647","post","type-post","status-publish","format-standard","has-post-thumbnail","hentry","category-ausstellungen","category-flugveranstaltungen","category-fotos","category-teilnehmer","category-termine","category-videos","tag-3-rotor-live","tag-3d-wettbewerb","tag-a-l-k-modellbau-technik","tag-akmod","tag-alex-bauch","tag-alexander-schiegg","tag-alexander-seifert","tag-alexander-wiehenstroth","tag-alterbaum-premium-helicopter","tag-andre-petersen","tag-andreas-lutticken","tag-andrew-gfeller","tag-andy-eder","tag-andy-rummer","tag-anton-laube","tag-armin-weber","tag-art-modellsport","tag-bernd-bremer","tag-bernd-poting","tag-bjorn-dommershausen","tag-boris-kirchhofer","tag-carsten-elsbach","tag-christian-kaiser","tag-christian-van-eyk","tag-copterfactor","tag-daniel-simmering","tag-daniela-frank","tag-dario-neuenschwander","tag-dave-hollins","tag-dennis-fuchs","tag-dieter-matzat","tag-dieter-schluter","tag-dominik-hagele","tag-ely-q","tag-eric-ehrstein","tag-eric-miaux","tag-eric-weijers","tag-erick-ehrstein","tag-fabian-frischholz","tag-florian-otzmann","tag-florian-stumpf","tag-florian-vater","tag-freakware","tag-frederic-hanisch","tag-freestyle-contest","tag-gens-ace","tag-georg-maier","tag-gil-rothmayr","tag-graupner","tag-guido-hoflinger","tag-headrc","tag-heiko-fischer","tag-heli-factory","tag-heli-professional","tag-helikopter-baumann-2","tag-helistore-at","tag-hendrik-muller","tag-hirobo-2","tag-hiroki-ito","tag-hobby-modellsport","tag-hugo-markes","tag-jan-erlebach","tag-jan-christoph-peter","tag-jenny-brandt","tag-jetcat","tag-jetline-modellbau","tag-jo-kaulbach","tag-joshua-lamm","tag-kai-buckner","tag-kalle-ebelt","tag-karl-strauch","tag-kay-matthiesen","tag-keven-schauz","tag-klaus-zoberlein","tag-kontronik","tag-kyle-dahl","tag-maikel-temming","tag-manuel-rodl","tag-marco-rusczyk","tag-marius-muller","tag-markus-siering","tag-martin-kosior","tag-martin-tempo","tag-matt-finke","tag-matthias-hof","tag-maxrc","tag-micha-staudinger","tag-michael-scheible","tag-michael-wisbacher","tag-mikado","tag-miles-dunkel","tag-minicopter","tag-mttec","tag-multiplex","tag-new-heading","tag-nico-niewind","tag-nicolas-stolz","tag-nicole-buslowski","tag-nicoloas-kaiser","tag-norbert-wybranietz","tag-oliver-glosner","tag-oliver-jellen","tag-patrick-magnus","tag-peter-grod","tag-peter-holtackers","tag-peter-matijasic","tag-pro-rc","tag-quirinus-kaufmann","tag-raquel-bellot","tag-rc-hangar15","tag-rc-helischule-ch","tag-rc-modell","tag-reiner-hanschen","tag-rene-kiefer","tag-reto-marbach","tag-rjx-hobby","tag-robbe-modellsport","tag-robert-schmiedefeld","tag-robert-sixt","tag-robin-holighaus","tag-roland-schriber","tag-rotor-live","tag-rotor-live-iffezheim","tag-rudiger-feil","tag-savox","tag-sebastian-zajonz","tag-simon-vom-baur","tag-spinblades","tag-stefan-reusch","tag-stefan-segerer","tag-stefan-wachsmuth","tag-stefan-witte","tag-stefanie-blesa","tag-steffen-richter","tag-stephan-eberding","tag-sven-skatulla","tag-techamp","tag-thomas-baumann","tag-thomas-bruckelt","tag-thomas-heimes","tag-tim-voge","tag-timo-rathgeb","tag-timo-wendtland","tag-tom-kreuzberger","tag-torsion-blades","tag-udo-brauner","tag-ulrich-rohr","tag-uwe-kiesewetter","tag-vario-helicopter","tag-vysteron-helicopters","tag-walter-del-favero"],"_links":{"self":[{"href":"https:\/\/wp.1dfh.de\/wordpress\/wp-json\/wp\/v2\/posts\/15647","targetHints":{"allow":["GET"]}}],"collection":[{"href":"https:\/\/wp.1dfh.de\/wordpress\/wp-json\/wp\/v2\/posts"}],"about":[{"href":"https:\/\/wp.1dfh.de\/wordpress\/wp-json\/wp\/v2\/types\/post"}],"author":[{"embeddable":true,"href":"https:\/\/wp.1dfh.de\/wordpress\/wp-json\/wp\/v2\/users\/2"}],"replies":[{"embeddable":true,"href":"https:\/\/wp.1dfh.de\/wordpress\/wp-json\/wp\/v2\/comments?post=15647"}],"version-history":[{"count":0,"href":"https:\/\/wp.1dfh.de\/wordpress\/wp-json\/wp\/v2\/posts\/15647\/revisions"}],"wp:featuredmedia":[{"embeddable":true,"href":"https:\/\/wp.1dfh.de\/wordpress\/wp-json\/wp\/v2\/media\/17816"}],"wp:attachment":[{"href":"https:\/\/wp.1dfh.de\/wordpress\/wp-json\/wp\/v2\/media?parent=15647"}],"wp:term":[{"taxonomy":"category","embeddable":true,"href":"https:\/\/wp.1dfh.de\/wordpress\/wp-json\/wp\/v2\/categories?post=15647"},{"taxonomy":"post_tag","embeddable":true,"href":"https:\/\/wp.1dfh.de\/wordpress\/wp-json\/wp\/v2\/tags?post=15647"}],"curies":[{"name":"wp","href":"https:\/\/api.w.org\/{rel}","templated":true}]}}