{"id":16634,"date":"2012-03-21T12:00:20","date_gmt":"2012-03-21T11:00:20","guid":{"rendered":"http:\/\/wp.1dfh.de\/wordpress\/?p=16634"},"modified":"2013-03-09T13:14:13","modified_gmt":"2013-03-09T12:14:13","slug":"5-heli-weekend-grenchen-17-03-%e2%80%93-18-03-2012","status":"publish","type":"post","link":"https:\/\/wp.1dfh.de\/wordpress\/5-heli-weekend-grenchen-17-03-%e2%80%93-18-03-2012\/","title":{"rendered":"5. Heli-Weekend Grenchen 17.03. \u2013 18.03.2012"},"content":{"rendered":"<figure id=\"attachment_13738\" aria-describedby=\"caption-attachment-13738\" style=\"width: 267px\" class=\"wp-caption alignright\"><a href=\"http:\/\/www.airport-grenchen.ch\/default.asp?l=de\" target=\"_blank\"><img loading=\"lazy\" decoding=\"async\" class=\"size-full wp-image-13738 \" title=\"Airport Grenchen\" alt=\"Airport Grenchen\" src=\"http:\/\/wp.1dfh.de\/wordpress\/wp-content\/uploads\/de_logo1.gif\" width=\"267\" height=\"136\" srcset=\"https:\/\/wp.1dfh.de\/wordpress\/wp-content\/uploads\/de_logo1.gif 267w, https:\/\/wp.1dfh.de\/wordpress\/wp-content\/uploads\/de_logo1-150x76.gif 150w\" sizes=\"auto, (max-width: 267px) 100vw, 267px\" \/><\/a><figcaption id=\"caption-attachment-13738\" class=\"wp-caption-text\">Airport Grenchen5. Heli-Weekend<\/figcaption><\/figure>\n<p><a href=\"http:\/\/www.airport-grenchen.ch\/flughafen.asp\" target=\"_blank\"><img loading=\"lazy\" decoding=\"async\" class=\"size-full wp-image-18426 \" title=\"5. Heli-Weekend\" alt=\"5. Heli-Weekend\" src=\"http:\/\/wp.1dfh.de\/wordpress\/wp-content\/uploads\/heli_weekend_12_inserat11.jpg\" width=\"310\" height=\"437\" srcset=\"https:\/\/wp.1dfh.de\/wordpress\/wp-content\/uploads\/heli_weekend_12_inserat11.jpg 310w, https:\/\/wp.1dfh.de\/wordpress\/wp-content\/uploads\/heli_weekend_12_inserat11-212x300.jpg 212w, https:\/\/wp.1dfh.de\/wordpress\/wp-content\/uploads\/heli_weekend_12_inserat11-106x150.jpg 106w\" sizes=\"auto, (max-width: 310px) 100vw, 310px\" \/><\/a><\/p>\n<p><em><strong>Am 17. + 18. M\u00e4rz 2012 findet auf dem Airport Grenchen das f\u00fcnfte, spektakul\u00e4re Heli-Weekend statt. Alle interes\u00adsierten Heli-Piloten, Heli-Fans und Zuschauer sind herz\u00adlich willkommen. Nicht verpassen! Das Heli-Weekend ist DER Heli-Event im 2012! Termin jetzt gleich eintragen!<\/strong><\/em><\/p>\n<p>&nbsp;<\/p>\n<p>[media id=693 width=320 height=176]<\/p>\n<p>Die Highlights f\u00fcr Besucher<\/p>\n<ul>\n<li>Super Puma Air Display<\/li>\n<li>Grosse Heli-Ausstellung<\/li>\n<li>Rundfl\u00fcge mit Heli-West AG<\/li>\n<li>Ausstellung der RUAG Aviation<br \/>\n&#8222;Lehrberufe in der Aviatik&#8220;<\/li>\n<li>Jubil\u00e4um 50 Jahre Lufttransport Staffel 5<\/li>\n<li>Heli-Schnupperfl\u00fcge<\/li>\n<li>Verkaufsst\u00e4nde<\/li>\n<li>Festbetrieb<\/li>\n<\/ul>\n<p>Die Highlights f\u00fcr Heli-Piloten<\/p>\n<ul>\n<li>Kollegialer Austausch<\/li>\n<li>Keine Anfluggeb\u00fchren<\/li>\n<li>Keine Landetaxen<\/li>\n<li>Weitere \u00dcberraschungen \ud83d\ude09<\/li>\n<\/ul>\n<p>Infos f\u00fcr Fotografen (Spotter)<\/p>\n<ul>\n<li>Fotografen melden sich bitte an im AIS beim Empfang. Sie sind am Heli-Weekend herzlich willkommen!<\/li>\n<\/ul>\n<p>[gmap]<\/p>\n<div class=\"ngg-related-gallery\">\n\t\t\t<a href=\"https:\/\/wp.1dfh.de\/wordpress\/wp-content\/gallery\/flugtag-flugplatz-fricktal-schupfart-26-06-201\/1dfh-fricktal-schupfart17.jpg?t=1773407446\"\n\t\t\ttitle=\" \"\n\t\t\t\t\t\t\t\t\t\t\t\t\t\t\t data-image-id=\"5965\" data-src=\"https:\/\/wp.1dfh.de\/wordpress\/wp-content\/gallery\/flugtag-flugplatz-fricktal-schupfart-26-06-201\/1dfh-fricktal-schupfart17.jpg?t=1773407446\" data-thumbnail=\"https:\/\/wp.1dfh.de\/wordpress\/wp-content\/gallery\/flugtag-flugplatz-fricktal-schupfart-26-06-201\/cache\/1dfh-fricktal-schupfart17.jpg-nggid045965-ngg0dyn-100x100x100-00f0w010c011r110f110r010t010.jpg?t=1773407446\" data-title=\"1dfh-fricktal-schupfart17\" data-description=\" \">\n\t\t\t<img title=\"1dfh-fricktal-schupfart17\"\n\t\t\t\talt=\"1dfh-fricktal-schupfart17\"\n\t\t\t\tdata-image-id=\"5965\"\n\t\t\t\tsrc=\"\"\/>\n\t\t<\/a>\n\t\t\t<a href=\"https:\/\/wp.1dfh.de\/wordpress\/wp-content\/gallery\/flugtag-flugplatz-fricktal-schupfart-26-06-201\/1dfh-fricktal-schupfart18.jpg?t=1773407446\"\n\t\t\ttitle=\" \"\n\t\t\t\t\t\t\t\t\t\t\t\t\t\t\t data-image-id=\"5966\" data-src=\"https:\/\/wp.1dfh.de\/wordpress\/wp-content\/gallery\/flugtag-flugplatz-fricktal-schupfart-26-06-201\/1dfh-fricktal-schupfart18.jpg?t=1773407446\" data-thumbnail=\"https:\/\/wp.1dfh.de\/wordpress\/wp-content\/gallery\/flugtag-flugplatz-fricktal-schupfart-26-06-201\/cache\/1dfh-fricktal-schupfart18.jpg-nggid045966-ngg0dyn-100x100x100-00f0w010c011r110f110r010t010.jpg?t=1773407446\" data-title=\"1dfh-fricktal-schupfart18\" data-description=\" \">\n\t\t\t<img title=\"1dfh-fricktal-schupfart18\"\n\t\t\t\talt=\"1dfh-fricktal-schupfart18\"\n\t\t\t\tdata-image-id=\"5966\"\n\t\t\t\tsrc=\"\"\/>\n\t\t<\/a>\n\t\t\t<a href=\"https:\/\/wp.1dfh.de\/wordpress\/wp-content\/gallery\/flugtag-flugplatz-fricktal-schupfart-26-06-201\/1dfh-fricktal-schupfart19.jpg?t=1773437885\"\n\t\t\ttitle=\" \"\n\t\t\t\t\t\t\t\t\t\t\t\t\t\t\t data-image-id=\"5967\" data-src=\"https:\/\/wp.1dfh.de\/wordpress\/wp-content\/gallery\/flugtag-flugplatz-fricktal-schupfart-26-06-201\/1dfh-fricktal-schupfart19.jpg?t=1773437885\" data-thumbnail=\"https:\/\/wp.1dfh.de\/wordpress\/wp-content\/gallery\/flugtag-flugplatz-fricktal-schupfart-26-06-201\/cache\/1dfh-fricktal-schupfart19.jpg-nggid045967-ngg0dyn-100x100x100-00f0w010c011r110f110r010t010.jpg?t=1773437885\" data-title=\"1dfh-fricktal-schupfart19\" data-description=\" \">\n\t\t\t<img title=\"1dfh-fricktal-schupfart19\"\n\t\t\t\talt=\"1dfh-fricktal-schupfart19\"\n\t\t\t\tdata-image-id=\"5967\"\n\t\t\t\tsrc=\"\"\/>\n\t\t<\/a>\n\t\t\t<a href=\"https:\/\/wp.1dfh.de\/wordpress\/wp-content\/gallery\/flugtag-flugplatz-fricktal-schupfart-26-06-201\/1dfh-fricktal-schupfart20.jpg?t=1773437885\"\n\t\t\ttitle=\" \"\n\t\t\t\t\t\t\t\t\t\t\t\t\t\t\t data-image-id=\"5968\" data-src=\"https:\/\/wp.1dfh.de\/wordpress\/wp-content\/gallery\/flugtag-flugplatz-fricktal-schupfart-26-06-201\/1dfh-fricktal-schupfart20.jpg?t=1773437885\" data-thumbnail=\"https:\/\/wp.1dfh.de\/wordpress\/wp-content\/gallery\/flugtag-flugplatz-fricktal-schupfart-26-06-201\/cache\/1dfh-fricktal-schupfart20.jpg-nggid045968-ngg0dyn-100x100x100-00f0w010c011r110f110r010t010.jpg?t=1773437885\" data-title=\"1dfh-fricktal-schupfart20\" data-description=\" \">\n\t\t\t<img title=\"1dfh-fricktal-schupfart20\"\n\t\t\t\talt=\"1dfh-fricktal-schupfart20\"\n\t\t\t\tdata-image-id=\"5968\"\n\t\t\t\tsrc=\"\"\/>\n\t\t<\/a>\n\t\t\t<a href=\"https:\/\/wp.1dfh.de\/wordpress\/wp-content\/gallery\/flugtag-flugplatz-fricktal-schupfart-26-06-201\/1dfh-fricktal-schupfart21.jpg?t=1773437885\"\n\t\t\ttitle=\" \"\n\t\t\t\t\t\t\t\t\t\t\t\t\t\t\t data-image-id=\"5969\" data-src=\"https:\/\/wp.1dfh.de\/wordpress\/wp-content\/gallery\/flugtag-flugplatz-fricktal-schupfart-26-06-201\/1dfh-fricktal-schupfart21.jpg?t=1773437885\" data-thumbnail=\"https:\/\/wp.1dfh.de\/wordpress\/wp-content\/gallery\/flugtag-flugplatz-fricktal-schupfart-26-06-201\/cache\/1dfh-fricktal-schupfart21.jpg-nggid045969-ngg0dyn-100x100x100-00f0w010c011r110f110r010t010.jpg?t=1773437885\" data-title=\"1dfh-fricktal-schupfart21\" data-description=\" \">\n\t\t\t<img title=\"1dfh-fricktal-schupfart21\"\n\t\t\t\talt=\"1dfh-fricktal-schupfart21\"\n\t\t\t\tdata-image-id=\"5969\"\n\t\t\t\tsrc=\"\"\/>\n\t\t<\/a>\n\t\t\t<a href=\"https:\/\/wp.1dfh.de\/wordpress\/wp-content\/gallery\/flugtag-flugplatz-fricktal-schupfart-26-06-201\/1dfh-fricktal-schupfart22.jpg?t=1773437885\"\n\t\t\ttitle=\" \"\n\t\t\t\t\t\t\t\t\t\t\t\t\t\t\t data-image-id=\"5970\" data-src=\"https:\/\/wp.1dfh.de\/wordpress\/wp-content\/gallery\/flugtag-flugplatz-fricktal-schupfart-26-06-201\/1dfh-fricktal-schupfart22.jpg?t=1773437885\" data-thumbnail=\"https:\/\/wp.1dfh.de\/wordpress\/wp-content\/gallery\/flugtag-flugplatz-fricktal-schupfart-26-06-201\/cache\/1dfh-fricktal-schupfart22.jpg-nggid045970-ngg0dyn-100x100x100-00f0w010c011r110f110r010t010.jpg?t=1773437885\" data-title=\"1dfh-fricktal-schupfart22\" data-description=\" \">\n\t\t\t<img title=\"1dfh-fricktal-schupfart22\"\n\t\t\t\talt=\"1dfh-fricktal-schupfart22\"\n\t\t\t\tdata-image-id=\"5970\"\n\t\t\t\tsrc=\"\"\/>\n\t\t<\/a>\n\t\t\t<a href=\"https:\/\/wp.1dfh.de\/wordpress\/wp-content\/gallery\/26-flugtage-auf-dem-rosfeld-08-09-2012\/1dfh-rossfeld-08092012-047.jpg?t=1773580053\"\n\t\t\ttitle=\"26. Flugtage Rossfeld\"\n\t\t\t\t\t\t\t\t\t\t\t\t\t\t\t data-image-id=\"20870\" data-src=\"https:\/\/wp.1dfh.de\/wordpress\/wp-content\/gallery\/26-flugtage-auf-dem-rosfeld-08-09-2012\/1dfh-rossfeld-08092012-047.jpg?t=1773580053\" data-thumbnail=\"https:\/\/wp.1dfh.de\/wordpress\/wp-content\/gallery\/26-flugtage-auf-dem-rosfeld-08-09-2012\/cache\/1dfh-rossfeld-08092012-047.jpg-nggid0520870-ngg0dyn-100x100x100-00f0w010c011r110f110r010t010.jpg?t=1773580053\" data-title=\"26. Flugtage Rossfeld\" data-description=\"26. Flugtage Rossfeld\">\n\t\t\t<img title=\"26. Flugtage Rossfeld\"\n\t\t\t\talt=\"26. Flugtage Rossfeld\"\n\t\t\t\tdata-image-id=\"20870\"\n\t\t\t\tsrc=\"\"\/>\n\t\t<\/a>\n\t<\/div>\n","protected":false},"excerpt":{"rendered":"<p>Am 17. + 18. M\u00e4rz 2012 findet auf dem Airport Grenchen das f\u00fcnfte, spektakul\u00e4re Heli-Weekend statt. Alle interes\u00adsierten Heli-Piloten, Heli-Fans und Zuschauer sind herz\u00adlich willkommen. Nicht verpassen! Das Heli-Weekend ist DER Heli-Event im 2012! Termin jetzt gleich eintragen! &nbsp; [media id=693 width=320 height=176] Die Highlights f\u00fcr Besucher Super Puma Air Display Grosse Heli-Ausstellung Rundfl\u00fcge mit &hellip; <a href=\"https:\/\/wp.1dfh.de\/wordpress\/5-heli-weekend-grenchen-17-03-%e2%80%93-18-03-2012\/\" class=\"more-link\"><span class=\"screen-reader-text\">5. Heli-Weekend Grenchen 17.03. \u2013 18.03.2012<\/span> weiterlesen <span class=\"meta-nav\">&rarr;<\/span><\/a><\/p>\n","protected":false},"author":2,"featured_media":18426,"comment_status":"open","ping_status":"open","sticky":false,"template":"","format":"standard","meta":{"ngg_post_thumbnail":0,"footnotes":""},"categories":[18,9,11],"tags":[7536,5515,7519,11572,7565,7562,7567,7534,1776,2735,12127,7284,2873,1768,12535,3866,7525,11532,848,11424,1778,7571,7538,2743,7541,11421,1321,11652,7542,7558,7532,7539,7566,7559,7533,7545,7547,7524,7550,7556,7540,7554,7529,7560,7527,7548,7553,7544,7552,7530,7561,7555,7551,7549,7531,7526,7520,7535,1767,849,7564,7570,7523,7543,1770,11690,6072,11605,1774,7557,11578,7568,11270,12044,11832,7518,7528,7563,7569],"class_list":["post-16634","post","type-post","status-publish","format-standard","has-post-thumbnail","hentry","category-flugveranstaltungen","category-termine","category-videos","tag-aerospatiale","tag-agusta","tag-agusta-aw109sp","tag-airport-grenchen","tag-alouette-2","tag-alouette-3","tag-alouette-iii","tag-as-350b2-ecureuil","tag-bell","tag-bell-47","tag-breitling","tag-breitling-heli-weekend","tag-ch-53g","tag-ch53","tag-d-helo","tag-deutsches-heer","tag-ec-145","tag-ec-635","tag-ec-120","tag-ec-135","tag-ec120","tag-enstrom-2","tag-enstrom-480","tag-enstrom-f-280-fx","tag-enstrom-f-28c","tag-eurocopter","tag-flugsimulator","tag-grenchen","tag-hb-xes","tag-hb-xfq","tag-hb-xho","tag-hb-xjq","tag-hb-xyb","tag-hb-xyl","tag-hb-xzb","tag-hb-zbf","tag-hb-zcu","tag-hb-zcw","tag-hb-zdw","tag-hb-zem","tag-hb-zfs","tag-hb-zgo","tag-hb-zgq","tag-hb-zif","tag-hb-zje","tag-hb-zjl","tag-hb-zjw","tag-hb-zkd","tag-hb-zki","tag-hb-zkq","tag-hb-zlb","tag-hb-zmf","tag-hb-zmg","tag-hb-zmq","tag-hb-zng","tag-hb-zrb","tag-hb-ztb","tag-hb-ztm","tag-heli-weekend","tag-jet-ranger","tag-lufttransport-staffel-5","tag-mcdonnell-douglas","tag-md-900-explorer","tag-md500e","tag-r22","tag-r44","tag-rega-2","tag-robinson","tag-schweizer","tag-schweizer-300","tag-sikorsky","tag-super-cub","tag-super-puma","tag-super-puma-air-display","tag-super-puma-display-team","tag-swiss-air-force","tag-tcs-ambulance","tag-v-205","tag-v-654"],"_links":{"self":[{"href":"https:\/\/wp.1dfh.de\/wordpress\/wp-json\/wp\/v2\/posts\/16634","targetHints":{"allow":["GET"]}}],"collection":[{"href":"https:\/\/wp.1dfh.de\/wordpress\/wp-json\/wp\/v2\/posts"}],"about":[{"href":"https:\/\/wp.1dfh.de\/wordpress\/wp-json\/wp\/v2\/types\/post"}],"author":[{"embeddable":true,"href":"https:\/\/wp.1dfh.de\/wordpress\/wp-json\/wp\/v2\/users\/2"}],"replies":[{"embeddable":true,"href":"https:\/\/wp.1dfh.de\/wordpress\/wp-json\/wp\/v2\/comments?post=16634"}],"version-history":[{"count":0,"href":"https:\/\/wp.1dfh.de\/wordpress\/wp-json\/wp\/v2\/posts\/16634\/revisions"}],"wp:featuredmedia":[{"embeddable":true,"href":"https:\/\/wp.1dfh.de\/wordpress\/wp-json\/wp\/v2\/media\/18426"}],"wp:attachment":[{"href":"https:\/\/wp.1dfh.de\/wordpress\/wp-json\/wp\/v2\/media?parent=16634"}],"wp:term":[{"taxonomy":"category","embeddable":true,"href":"https:\/\/wp.1dfh.de\/wordpress\/wp-json\/wp\/v2\/categories?post=16634"},{"taxonomy":"post_tag","embeddable":true,"href":"https:\/\/wp.1dfh.de\/wordpress\/wp-json\/wp\/v2\/tags?post=16634"}],"curies":[{"name":"wp","href":"https:\/\/api.w.org\/{rel}","templated":true}]}}