{"id":16664,"date":"2011-07-15T13:18:34","date_gmt":"2011-07-15T11:18:34","guid":{"rendered":"http:\/\/wp.1dfh.de\/wordpress\/?p=16664"},"modified":"2011-07-15T13:37:13","modified_gmt":"2011-07-15T11:37:13","slug":"servustv-flugspektakel-am-wolfgangsee-die-scalaria-air-challenge-16-07-11","status":"publish","type":"post","link":"https:\/\/wp.1dfh.de\/wordpress\/servustv-flugspektakel-am-wolfgangsee-die-scalaria-air-challenge-16-07-11\/","title":{"rendered":"ServusTV: Flugspektakel am Wolfgangsee &#8211; Die Scalaria Air Challenge 16.07.2011"},"content":{"rendered":"<figure id=\"attachment_9332\" aria-describedby=\"caption-attachment-9332\" style=\"width: 300px\" class=\"wp-caption alignright\"><strong><a href=\"http:\/\/www.servustv.com\" target=\"_blank\"><img loading=\"lazy\" decoding=\"async\" class=\"size-medium wp-image-9332  \" title=\"ServusTV\" src=\"http:\/\/wp.1dfh.de\/wordpress\/wp-content\/uploads\/logo_servustv_grey_S_better_claim-300x57.png\" alt=\"ServusTV\" width=\"300\" height=\"57\" srcset=\"https:\/\/wp.1dfh.de\/wordpress\/wp-content\/uploads\/logo_servustv_grey_S_better_claim-300x57.png 300w, https:\/\/wp.1dfh.de\/wordpress\/wp-content\/uploads\/logo_servustv_grey_S_better_claim-150x28.png 150w, https:\/\/wp.1dfh.de\/wordpress\/wp-content\/uploads\/logo_servustv_grey_S_better_claim.png 363w\" sizes=\"auto, (max-width: 300px) 100vw, 300px\" \/><\/a><\/strong><figcaption id=\"caption-attachment-9332\" class=\"wp-caption-text\">ServusTV<\/figcaption><\/figure>\n<h1>Aus dem Leben &#8211; Die Reportage<\/h1>\n<ul>\n<li><a href=\"http:\/\/www.servustv.com\/cs\/Satellite\/Article\/Aus-dem-Leben---Die-Reportage-011259384883604\" target=\"_blank\"><strong>Flugspektakel am Wolfgangsee &#8211; Die Scalaria Air Challenge<\/strong><\/a><\/li>\n<li>Samstag | 16.07.11 | 18:05 Uhr<\/li>\n<li>Reportage, AT 2011<\/li>\n<\/ul>\n<ul>\n<li>Resolution:HD<\/li>\n<\/ul>\n<div>Kunst, Musik und Fliegerei: eine Reportage \u00fcber die diesj\u00e4hrige Air Challenge am Wolfgangsee.<\/div>\n<div>\u00dcberraschen, begeistern, verbl\u00fcffen: Auch in 2011 verwandelt sich bei der Scalaria Air Challenge der Wolfgangsee wieder zur B\u00fchne der Flugkunst. Drei Tage lang im Juli begeistern Piloten und Flugsportler mit atemberaubenden Air Shows und au\u00dfergew\u00f6hnlichen Stunts das internationale Publikum. Sogar Weltrekorde sollen aufgestellt werden. Die Reportage begleitet die Menschen hinter den Kulissen des Lifestyle-Events des Jahres.<\/div>\n<div class=\"ngg-related-gallery\">\n\t\t\t<a href=\"https:\/\/wp.1dfh.de\/wordpress\/wp-content\/gallery\/rbar-rio-de-janeiro-2010\/si201005090122.jpg?t=1770668309\"\n\t\t\ttitle=\"Hannes Arch of Austria celebrates his victory in the Red Bull Air Race Day on May 9, 2010 in Rio de Janeiro, Brazil. Nigel Lamb of Great Britain came 2nd and Paul Bonhomme of Great Britain his 3rd podium. Foto \u00a9 Red Bull\"\n\t\t\t\t\t\t\t\t\t\t\t\t\t\t\t data-image-id=\"5299\" data-src=\"https:\/\/wp.1dfh.de\/wordpress\/wp-content\/gallery\/rbar-rio-de-janeiro-2010\/si201005090122.jpg?t=1770668309\" data-thumbnail=\"https:\/\/wp.1dfh.de\/wordpress\/wp-content\/gallery\/rbar-rio-de-janeiro-2010\/cache\/si201005090122.jpg-nggid045299-ngg0dyn-100x100x100-00f0w010c011r110f110r010t010.jpg?t=1770668309\" data-title=\"si201005090122\" data-description=\"Hannes Arch of Austria celebrates his victory in the Red Bull Air Race Day on May 9, 2010 in Rio de Janeiro, Brazil. Nigel Lamb of Great Britain came 2nd and Paul Bonhomme of Great Britain his 3rd podium. Foto \u00a9 Red Bull\">\n\t\t\t<img title=\"si201005090122\"\n\t\t\t\talt=\"si201005090122\"\n\t\t\t\tdata-image-id=\"5299\"\n\t\t\t\tsrc=\"\"\/>\n\t\t<\/a>\n\t\t\t<a href=\"https:\/\/wp.1dfh.de\/wordpress\/wp-content\/gallery\/rbar-interlaken-2007\/1dfh-rba-il07-058.jpg?t=1773355185\"\n\t\t\ttitle=\"Red Bull Air Race Interlaken 2007\"\n\t\t\t\t\t\t\t\t\t\t\t\t\t\t\t data-image-id=\"5359\" data-src=\"https:\/\/wp.1dfh.de\/wordpress\/wp-content\/gallery\/rbar-interlaken-2007\/1dfh-rba-il07-058.jpg?t=1773355185\" data-thumbnail=\"https:\/\/wp.1dfh.de\/wordpress\/wp-content\/gallery\/rbar-interlaken-2007\/cache\/1dfh-rba-il07-058.jpg-nggid045359-ngg0dyn-100x100x100-00f0w010c011r110f110r010t010.jpg?t=1773355185\" data-title=\"Red Bull Air Race Interlaken 2007\" data-description=\"Red Bull Air Race Interlaken 2007\">\n\t\t\t<img title=\"Red Bull Air Race Interlaken 2007\"\n\t\t\t\talt=\"Red Bull Air Race Interlaken 2007\"\n\t\t\t\tdata-image-id=\"5359\"\n\t\t\t\tsrc=\"\"\/>\n\t\t<\/a>\n\t\t\t<a href=\"https:\/\/wp.1dfh.de\/wordpress\/wp-content\/gallery\/rbar-interlaken-2007\/1dfh-rba-il07-071.jpg?t=1773355185\"\n\t\t\ttitle=\"Red Bull Air Race Interlaken 2007\"\n\t\t\t\t\t\t\t\t\t\t\t\t\t\t\t data-image-id=\"5372\" data-src=\"https:\/\/wp.1dfh.de\/wordpress\/wp-content\/gallery\/rbar-interlaken-2007\/1dfh-rba-il07-071.jpg?t=1773355185\" data-thumbnail=\"https:\/\/wp.1dfh.de\/wordpress\/wp-content\/gallery\/rbar-interlaken-2007\/cache\/1dfh-rba-il07-071.jpg-nggid045372-ngg0dyn-100x100x100-00f0w010c011r110f110r010t010.jpg?t=1773355185\" data-title=\"Red Bull Air Race Interlaken 2007\" data-description=\"Red Bull Air Race Interlaken 2007\">\n\t\t\t<img title=\"Red Bull Air Race Interlaken 2007\"\n\t\t\t\talt=\"Red Bull Air Race Interlaken 2007\"\n\t\t\t\tdata-image-id=\"5372\"\n\t\t\t\tsrc=\"\"\/>\n\t\t<\/a>\n\t\t\t<a href=\"https:\/\/wp.1dfh.de\/wordpress\/wp-content\/gallery\/rbar-lausitz-2010\/si201008040022.jpg?t=1773355185\"\n\t\t\ttitle=\"Hannes Arch (L) of Austria and Paul Bonhomme of Great Britain share a laugh during the airport opening ahead of the Red Bull Air Race at EuroSpeedway Lausitz on August 4, 2010 in Dresden, Germany.Foto \u00a9 Red Bull\"\n\t\t\t\t\t\t\t\t\t\t\t\t\t\t\t data-image-id=\"6868\" data-src=\"https:\/\/wp.1dfh.de\/wordpress\/wp-content\/gallery\/rbar-lausitz-2010\/si201008040022.jpg?t=1773355185\" data-thumbnail=\"https:\/\/wp.1dfh.de\/wordpress\/wp-content\/gallery\/rbar-lausitz-2010\/cache\/si201008040022.jpg-nggid046868-ngg0dyn-100x100x100-00f0w010c011r110f110r010t010.jpg?t=1773355185\" data-title=\"102135573HB011_Hannes_Arch_\" data-description=\"Hannes Arch (L) of Austria and Paul Bonhomme of Great Britain share a laugh during the airport opening ahead of the Red Bull Air Race at EuroSpeedway Lausitz on August 4, 2010 in Dresden, Germany.Foto \u00a9 Red Bull\">\n\t\t\t<img title=\"102135573HB011_Hannes_Arch_\"\n\t\t\t\talt=\"102135573HB011_Hannes_Arch_\"\n\t\t\t\tdata-image-id=\"6868\"\n\t\t\t\tsrc=\"\"\/>\n\t\t<\/a>\n\t\t\t<a href=\"https:\/\/wp.1dfh.de\/wordpress\/wp-content\/gallery\/red-bull-x-alps-2013\/p-20130312-00015_news.jpg?t=1773355515\"\n\t\t\ttitle=\"Hannes Arch speaks during the Red Bull X-Alps Route Launch in Salzburg, Austria on March 11th, 2013 \/\/ Hugo Silva\/Red Bull Content Pool \/\/ P-20130312-00015 \/\/ Usage for editorial use only \/\/ Please go to www.redbullcontentpool.com for further information. \/\/\"\n\t\t\t\t\t\t\t\t\t\t\t\t\t\t\t data-image-id=\"25422\" data-src=\"https:\/\/wp.1dfh.de\/wordpress\/wp-content\/gallery\/red-bull-x-alps-2013\/p-20130312-00015_news.jpg?t=1773355515\" data-thumbnail=\"https:\/\/wp.1dfh.de\/wordpress\/wp-content\/gallery\/red-bull-x-alps-2013\/cache\/p-20130312-00015_news.jpg-nggid0525422-ngg0dyn-100x100x100-00f0w010c011r110f110r010t010.jpg?t=1773355515\" data-title=\"p-20130312-00015_news\" data-description=\"Hannes Arch speaks during the Red Bull X-Alps Route Launch in Salzburg, Austria on March 11th, 2013 \/\/ Hugo Silva\/Red Bull Content Pool \/\/ P-20130312-00015 \/\/ Usage for editorial use only \/\/ Please go to www.redbullcontentpool.com for further information. \/\/\">\n\t\t\t<img title=\"p-20130312-00015_news\"\n\t\t\t\talt=\"p-20130312-00015_news\"\n\t\t\t\tdata-image-id=\"25422\"\n\t\t\t\tsrc=\"\"\/>\n\t\t<\/a>\n\t\t\t<a href=\"https:\/\/wp.1dfh.de\/wordpress\/wp-content\/gallery\/piloten-2014-rbar\/p-20131007-00527_news.jpg?t=1773355515\"\n\t\t\ttitle=\"Hannes Arch of Austria (C) RBAR\"\n\t\t\t\t\t\t\t\t\t\t\t\t\t\t\t data-image-id=\"33976\" data-src=\"https:\/\/wp.1dfh.de\/wordpress\/wp-content\/gallery\/piloten-2014-rbar\/p-20131007-00527_news.jpg?t=1773355515\" data-thumbnail=\"https:\/\/wp.1dfh.de\/wordpress\/wp-content\/gallery\/piloten-2014-rbar\/cache\/p-20131007-00527_news.jpg-nggid0533976-ngg0dyn-100x100x100-00f0w010c011r110f110r010t010.jpg?t=1773355515\" data-title=\"Hannes Arch\" data-description=\"Hannes Arch of Austria (C) RBAR\">\n\t\t\t<img title=\"Hannes Arch\"\n\t\t\t\talt=\"Hannes Arch\"\n\t\t\t\tdata-image-id=\"33976\"\n\t\t\t\tsrc=\"\"\/>\n\t\t<\/a>\n\t\t\t<a href=\"https:\/\/wp.1dfh.de\/wordpress\/wp-content\/gallery\/red-bull-air-race-2014-piloten\/p-20140226-00611_news.jpg?t=1773355515\"\n\t\t\ttitle=\"Austrian pilot Hannes Arch poses for a photograph during the Red Bull Air Race World Series in Abu Dhabi, United Arab Emirates on February 23, 2014. \/\/ J\u00f6rg Mitter\/Red Bull Content Pool \/\/ P-20140226-00611 \/\/ Usage for editorial use only \/\/ Please go to www.redbullcontentpool.com for further information. \/\/\"\n\t\t\t\t\t\t\t\t\t\t\t\t\t\t\t data-image-id=\"34022\" data-src=\"https:\/\/wp.1dfh.de\/wordpress\/wp-content\/gallery\/red-bull-air-race-2014-piloten\/p-20140226-00611_news.jpg?t=1773355515\" data-thumbnail=\"https:\/\/wp.1dfh.de\/wordpress\/wp-content\/gallery\/red-bull-air-race-2014-piloten\/cache\/p-20140226-00611_news.jpg-nggid0534022-ngg0dyn-100x100x100-00f0w010c011r110f110r010t010.jpg?t=1773355515\" data-title=\"p-20140226-00611_news\" data-description=\"Austrian pilot Hannes Arch poses for a photograph during the Red Bull Air Race World Series in Abu Dhabi, United Arab Emirates on February 23, 2014. \/\/ J\u00f6rg Mitter\/Red Bull Content Pool \/\/ P-20140226-00611 \/\/ Usage for editorial use only \/\/ Please go to www.redbullcontentpool.com for further information. \/\/\">\n\t\t\t<img title=\"p-20140226-00611_news\"\n\t\t\t\talt=\"p-20140226-00611_news\"\n\t\t\t\tdata-image-id=\"34022\"\n\t\t\t\tsrc=\"\"\/>\n\t\t<\/a>\n\t<\/div>\n","protected":false},"excerpt":{"rendered":"<p>Aus dem Leben &#8211; Die Reportage Flugspektakel am Wolfgangsee &#8211; Die Scalaria Air Challenge Samstag | 16.07.11 | 18:05 Uhr Reportage, AT 2011 Resolution:HD Kunst, Musik und Fliegerei: eine Reportage \u00fcber die diesj\u00e4hrige Air Challenge am Wolfgangsee. \u00dcberraschen, begeistern, verbl\u00fcffen: Auch in 2011 verwandelt sich bei der Scalaria Air Challenge der Wolfgangsee wieder zur B\u00fchne &hellip; <a href=\"https:\/\/wp.1dfh.de\/wordpress\/servustv-flugspektakel-am-wolfgangsee-die-scalaria-air-challenge-16-07-11\/\" class=\"more-link\"><span class=\"screen-reader-text\">ServusTV: Flugspektakel am Wolfgangsee &#8211; Die Scalaria Air Challenge 16.07.2011<\/span> weiterlesen <span class=\"meta-nav\">&rarr;<\/span><\/a><\/p>\n","protected":false},"author":2,"featured_media":0,"comment_status":"open","ping_status":"open","sticky":false,"template":"","format":"standard","meta":{"ngg_post_thumbnail":0,"footnotes":""},"categories":[9,10],"tags":[11507,6304,6303,4521],"class_list":["post-16664","post","type-post","status-publish","format-standard","hentry","category-termine","category-tv-sendungen","tag-hannes-arch","tag-mi-2a","tag-mi2","tag-scalaria-air-challenge"],"_links":{"self":[{"href":"https:\/\/wp.1dfh.de\/wordpress\/wp-json\/wp\/v2\/posts\/16664","targetHints":{"allow":["GET"]}}],"collection":[{"href":"https:\/\/wp.1dfh.de\/wordpress\/wp-json\/wp\/v2\/posts"}],"about":[{"href":"https:\/\/wp.1dfh.de\/wordpress\/wp-json\/wp\/v2\/types\/post"}],"author":[{"embeddable":true,"href":"https:\/\/wp.1dfh.de\/wordpress\/wp-json\/wp\/v2\/users\/2"}],"replies":[{"embeddable":true,"href":"https:\/\/wp.1dfh.de\/wordpress\/wp-json\/wp\/v2\/comments?post=16664"}],"version-history":[{"count":0,"href":"https:\/\/wp.1dfh.de\/wordpress\/wp-json\/wp\/v2\/posts\/16664\/revisions"}],"wp:attachment":[{"href":"https:\/\/wp.1dfh.de\/wordpress\/wp-json\/wp\/v2\/media?parent=16664"}],"wp:term":[{"taxonomy":"category","embeddable":true,"href":"https:\/\/wp.1dfh.de\/wordpress\/wp-json\/wp\/v2\/categories?post=16664"},{"taxonomy":"post_tag","embeddable":true,"href":"https:\/\/wp.1dfh.de\/wordpress\/wp-json\/wp\/v2\/tags?post=16664"}],"curies":[{"name":"wp","href":"https:\/\/api.w.org\/{rel}","templated":true}]}}