{"id":16951,"date":"2011-08-03T09:31:02","date_gmt":"2011-08-03T07:31:02","guid":{"rendered":"http:\/\/wp.1dfh.de\/wordpress\/?p=16951"},"modified":"2012-07-12T14:36:00","modified_gmt":"2012-07-12T12:36:00","slug":"jetcat-meeting-beim-mfm-mullheim-27-08-28-08-2011","status":"publish","type":"post","link":"https:\/\/wp.1dfh.de\/wordpress\/jetcat-meeting-beim-mfm-mullheim-27-08-28-08-2011\/","title":{"rendered":"JetCat-Meeting beim MFM M\u00fcllheim 27.08. &#8211; 28.08.2011"},"content":{"rendered":"<figure style=\"width: 468px\" class=\"wp-caption alignright\"><a href=\"http:\/\/www.mfm-muellheim.eu\/\"><img loading=\"lazy\" decoding=\"async\" class=\" \" src=\"http:\/\/www.mfm-muellheim.eu\/mfm2\/templates\/Jet\/images\/mfm_logo.gif\" alt=\"mfm-muellheim\" width=\"468\" height=\"59\" \/><\/a><figcaption class=\"wp-caption-text\">mfm-muellheim<\/figcaption><\/figure>\n<figure id=\"attachment_16954\" aria-describedby=\"caption-attachment-16954\" style=\"width: 560px\" class=\"wp-caption alignright\"><a href=\"http:\/\/www.mfm-muellheim.eu\/\" target=\"_blank\"><img loading=\"lazy\" decoding=\"async\" class=\"size-full wp-image-16954 \" title=\"JetCat-Meeting 2011\" src=\"http:\/\/wp.1dfh.de\/wordpress\/wp-content\/uploads\/vonoben11.jpg\" alt=\"JetCat -Meeting 2011\" width=\"560\" height=\"372\" srcset=\"https:\/\/wp.1dfh.de\/wordpress\/wp-content\/uploads\/vonoben11.jpg 800w, https:\/\/wp.1dfh.de\/wordpress\/wp-content\/uploads\/vonoben11-300x199.jpg 300w, https:\/\/wp.1dfh.de\/wordpress\/wp-content\/uploads\/vonoben11-150x99.jpg 150w, https:\/\/wp.1dfh.de\/wordpress\/wp-content\/uploads\/vonoben11-400x265.jpg 400w\" sizes=\"auto, (max-width: 560px) 100vw, 560px\" \/><\/a><figcaption id=\"caption-attachment-16954\" class=\"wp-caption-text\">Jet-Cat-Meeting 2011<\/figcaption><\/figure>\n<p>Am letzten Augustwochenende brennt beim MFM wieder einmal die Luft.<\/p>\n<p>Das JetCat-Meeting verspricht auch im Jahr 2011 wieder ein besonderes Highlight unter den Modellflugtagen zu werden.<\/p>\n<p>Daf\u00fcr garantieren namhafte Teams und Piloten, die ihre Teilnahme zugesagt haben. Unter anderen erwarten wir die Legendary Fighters, das Horizon-, Red-Bull-, Adler-Jet- und Elster-Team, unseren Weltmeister Stephan V\u00f6lker sowie Thomas Glei\u00dfner, J\u00fcrgen Sickinger, Roy Puchtinger, Thomas Singer und Wolfgang Kl\u00fchr. Umrahmt werden die Flugvorf\u00fchrungen durch Showacts von Jetman Yves Rossy, Eric Viret und Dirk Auer. Ralf Nibergall wird mit seiner SIAI Marchetti SF260 die manntragende Zunft repr\u00e4sentieren.<\/p>\n<p>Die geballte Action gibt\u2018s nur beim MFM. Also nicht\u2019s wie hin. Wir freuen uns auf Euch.<\/p>\n<p>[gmap]<\/p>\n<div class=\"ngg-related-gallery\">\n\t\t\t<a href=\"https:\/\/wp.1dfh.de\/wordpress\/wp-content\/gallery\/modellflugtag-msc-nagold-26-07-2009\/1dfh-msc-nagold-26070-029.jpg?t=1773485341\"\n\t\t\ttitle=\" \"\n\t\t\t\t\t\t\t\t\t\t\t\t\t\t\t data-image-id=\"29\" data-src=\"https:\/\/wp.1dfh.de\/wordpress\/wp-content\/gallery\/modellflugtag-msc-nagold-26-07-2009\/1dfh-msc-nagold-26070-029.jpg?t=1773485341\" data-thumbnail=\"https:\/\/wp.1dfh.de\/wordpress\/wp-content\/gallery\/modellflugtag-msc-nagold-26-07-2009\/cache\/1dfh-msc-nagold-26070-029.jpg-nggid0229-ngg0dyn-100x100x100-00f0w010c011r110f110r010t010.jpg?t=1773485341\" data-title=\"1dfh-msc-nagold-26070-029\" data-description=\" \">\n\t\t\t<img title=\"1dfh-msc-nagold-26070-029\"\n\t\t\t\talt=\"1dfh-msc-nagold-26070-029\"\n\t\t\t\tdata-image-id=\"29\"\n\t\t\t\tsrc=\"\"\/>\n\t\t<\/a>\n\t\t\t<a href=\"https:\/\/wp.1dfh.de\/wordpress\/wp-content\/gallery\/modellflugtag-msc-nagold-26-07-2009\/1dfh-msc-nagold-26070-030.jpg?t=1773485350\"\n\t\t\ttitle=\" \"\n\t\t\t\t\t\t\t\t\t\t\t\t\t\t\t data-image-id=\"30\" data-src=\"https:\/\/wp.1dfh.de\/wordpress\/wp-content\/gallery\/modellflugtag-msc-nagold-26-07-2009\/1dfh-msc-nagold-26070-030.jpg?t=1773485350\" data-thumbnail=\"https:\/\/wp.1dfh.de\/wordpress\/wp-content\/gallery\/modellflugtag-msc-nagold-26-07-2009\/cache\/1dfh-msc-nagold-26070-030.jpg-nggid0230-ngg0dyn-100x100x100-00f0w010c011r110f110r010t010.jpg?t=1773485350\" data-title=\"1dfh-msc-nagold-26070-030\" data-description=\" \">\n\t\t\t<img title=\"1dfh-msc-nagold-26070-030\"\n\t\t\t\talt=\"1dfh-msc-nagold-26070-030\"\n\t\t\t\tdata-image-id=\"30\"\n\t\t\t\tsrc=\"\"\/>\n\t\t<\/a>\n\t\t\t<a href=\"https:\/\/wp.1dfh.de\/wordpress\/wp-content\/gallery\/modellflugtag-msc-nagold-26-07-2009\/1dfh-msc-nagold-26070-031.jpg?t=1773485341\"\n\t\t\ttitle=\" \"\n\t\t\t\t\t\t\t\t\t\t\t\t\t\t\t data-image-id=\"31\" data-src=\"https:\/\/wp.1dfh.de\/wordpress\/wp-content\/gallery\/modellflugtag-msc-nagold-26-07-2009\/1dfh-msc-nagold-26070-031.jpg?t=1773485341\" data-thumbnail=\"https:\/\/wp.1dfh.de\/wordpress\/wp-content\/gallery\/modellflugtag-msc-nagold-26-07-2009\/cache\/1dfh-msc-nagold-26070-031.jpg-nggid0231-ngg0dyn-100x100x100-00f0w010c011r110f110r010t010.jpg?t=1773485341\" data-title=\"1dfh-msc-nagold-26070-031\" data-description=\" \">\n\t\t\t<img title=\"1dfh-msc-nagold-26070-031\"\n\t\t\t\talt=\"1dfh-msc-nagold-26070-031\"\n\t\t\t\tdata-image-id=\"31\"\n\t\t\t\tsrc=\"\"\/>\n\t\t<\/a>\n\t\t\t<a href=\"https:\/\/wp.1dfh.de\/wordpress\/wp-content\/gallery\/modellflugtag-msc-nagold-26-07-2009\/1dfh-msc-nagold-26070-032.jpg?t=1773485340\"\n\t\t\ttitle=\" \"\n\t\t\t\t\t\t\t\t\t\t\t\t\t\t\t data-image-id=\"32\" data-src=\"https:\/\/wp.1dfh.de\/wordpress\/wp-content\/gallery\/modellflugtag-msc-nagold-26-07-2009\/1dfh-msc-nagold-26070-032.jpg?t=1773485340\" data-thumbnail=\"https:\/\/wp.1dfh.de\/wordpress\/wp-content\/gallery\/modellflugtag-msc-nagold-26-07-2009\/cache\/1dfh-msc-nagold-26070-032.jpg-nggid0232-ngg0dyn-100x100x100-00f0w010c011r110f110r010t010.jpg?t=1773485340\" data-title=\"1dfh-msc-nagold-26070-032\" data-description=\" \">\n\t\t\t<img title=\"1dfh-msc-nagold-26070-032\"\n\t\t\t\talt=\"1dfh-msc-nagold-26070-032\"\n\t\t\t\tdata-image-id=\"32\"\n\t\t\t\tsrc=\"\"\/>\n\t\t<\/a>\n\t\t\t<a href=\"https:\/\/wp.1dfh.de\/wordpress\/wp-content\/gallery\/modellflugtag-msc-nagold-26-07-2009\/1dfh-msc-nagold-26070-033.jpg?t=1773485340\"\n\t\t\ttitle=\"Northrop F5 Tiger, J\u00fcrgen Sickinger\"\n\t\t\t\t\t\t\t\t\t\t\t\t\t\t\t data-image-id=\"33\" data-src=\"https:\/\/wp.1dfh.de\/wordpress\/wp-content\/gallery\/modellflugtag-msc-nagold-26-07-2009\/1dfh-msc-nagold-26070-033.jpg?t=1773485340\" data-thumbnail=\"https:\/\/wp.1dfh.de\/wordpress\/wp-content\/gallery\/modellflugtag-msc-nagold-26-07-2009\/cache\/1dfh-msc-nagold-26070-033.jpg-nggid0233-ngg0dyn-100x100x100-00f0w010c011r110f110r010t010.jpg?t=1773485340\" data-title=\"1dfh-msc-nagold-26070-033\" data-description=\"Northrop F5 Tiger, J\u00fcrgen Sickinger\">\n\t\t\t<img title=\"1dfh-msc-nagold-26070-033\"\n\t\t\t\talt=\"1dfh-msc-nagold-26070-033\"\n\t\t\t\tdata-image-id=\"33\"\n\t\t\t\tsrc=\"\"\/>\n\t\t<\/a>\n\t\t\t<a href=\"https:\/\/wp.1dfh.de\/wordpress\/wp-content\/gallery\/flugplatzfest-ubersberg-16-08-2009\/1dfh-flugplatzfest-uebersberg-028.jpg\"\n\t\t\ttitle=\" \"\n\t\t\t\t\t\t\t\t\t\t\t\t\t\t\t data-image-id=\"2083\" data-src=\"https:\/\/wp.1dfh.de\/wordpress\/wp-content\/gallery\/flugplatzfest-ubersberg-16-08-2009\/1dfh-flugplatzfest-uebersberg-028.jpg\" data-thumbnail=\"https:\/\/wp.1dfh.de\/wordpress\/nextgen-image\/2083\/100x100x100\/crop\/8ae124de18a1bd99f1939947d853d591\" data-title=\"1dfh-flugplatzfest-uebersberg-028\" data-description=\" \">\n\t\t\t<img title=\"1dfh-flugplatzfest-uebersberg-028\"\n\t\t\t\talt=\"1dfh-flugplatzfest-uebersberg-028\"\n\t\t\t\tdata-image-id=\"2083\"\n\t\t\t\tsrc=\"\"\/>\n\t\t<\/a>\n\t\t\t<a href=\"https:\/\/wp.1dfh.de\/wordpress\/wp-content\/gallery\/flugplatzfest-ubersberg-16-08-2009\/1dfh-flugplatzfest-uebersberg-029.jpg\"\n\t\t\ttitle=\" \"\n\t\t\t\t\t\t\t\t\t\t\t\t\t\t\t data-image-id=\"2084\" data-src=\"https:\/\/wp.1dfh.de\/wordpress\/wp-content\/gallery\/flugplatzfest-ubersberg-16-08-2009\/1dfh-flugplatzfest-uebersberg-029.jpg\" data-thumbnail=\"https:\/\/wp.1dfh.de\/wordpress\/nextgen-image\/2084\/100x100x100\/crop\/e4062cc5b98db0872c1390277976390d\" data-title=\"1dfh-flugplatzfest-uebersberg-029\" data-description=\" \">\n\t\t\t<img title=\"1dfh-flugplatzfest-uebersberg-029\"\n\t\t\t\talt=\"1dfh-flugplatzfest-uebersberg-029\"\n\t\t\t\tdata-image-id=\"2084\"\n\t\t\t\tsrc=\"\"\/>\n\t\t<\/a>\n\t<\/div>\n","protected":false},"excerpt":{"rendered":"<p>Am letzten Augustwochenende brennt beim MFM wieder einmal die Luft. Das JetCat-Meeting verspricht auch im Jahr 2011 wieder ein besonderes Highlight unter den Modellflugtagen zu werden. Daf\u00fcr garantieren namhafte Teams und Piloten, die ihre Teilnahme zugesagt haben. Unter anderen erwarten wir die Legendary Fighters, das Horizon-, Red-Bull-, Adler-Jet- und Elster-Team, unseren Weltmeister Stephan V\u00f6lker sowie &hellip; <a href=\"https:\/\/wp.1dfh.de\/wordpress\/jetcat-meeting-beim-mfm-mullheim-27-08-28-08-2011\/\" class=\"more-link\"><span class=\"screen-reader-text\">JetCat-Meeting beim MFM M\u00fcllheim 27.08. &#8211; 28.08.2011<\/span> weiterlesen <span class=\"meta-nav\">&rarr;<\/span><\/a><\/p>\n","protected":false},"author":2,"featured_media":16954,"comment_status":"open","ping_status":"open","sticky":false,"template":"","format":"standard","meta":{"ngg_post_thumbnail":0,"footnotes":""},"categories":[1,18,9],"tags":[6354,11472,6360,6355,6359,6363,4056,4627,11186,11190,6364,11224,1322,11228,1956,11251,6365,6357,11775,6406,11774,11713,11318,6405,1326,6356,4144,6358,4628],"class_list":["post-16951","post","type-post","status-publish","format-standard","has-post-thumbnail","hentry","category-allgemeines","category-flugveranstaltungen","category-termine","tag-adler-jet-team","tag-d-edur","tag-dirk-auer","tag-elster-team","tag-eric-viret","tag-horizon-team","tag-jetcat","tag-jetman","tag-jetmodelle","tag-jurgen-sickinger","tag-legendary-fighters","tag-modellflugtag","tag-modellflugverein-markgraflerland","tag-mr-marchetti","tag-mullheim","tag-ralf-niebergall","tag-red-bull-team","tag-roy-puchtinger","tag-sf-260","tag-sf260","tag-siai-marchetti","tag-siai-marchetti-260","tag-siai-marchetti-sf-260","tag-siai-marchetti-sf260","tag-stephan-volker","tag-thomas-gleisner","tag-thomas-singer","tag-wolfgang-kluhr","tag-yves-rossy"],"_links":{"self":[{"href":"https:\/\/wp.1dfh.de\/wordpress\/wp-json\/wp\/v2\/posts\/16951","targetHints":{"allow":["GET"]}}],"collection":[{"href":"https:\/\/wp.1dfh.de\/wordpress\/wp-json\/wp\/v2\/posts"}],"about":[{"href":"https:\/\/wp.1dfh.de\/wordpress\/wp-json\/wp\/v2\/types\/post"}],"author":[{"embeddable":true,"href":"https:\/\/wp.1dfh.de\/wordpress\/wp-json\/wp\/v2\/users\/2"}],"replies":[{"embeddable":true,"href":"https:\/\/wp.1dfh.de\/wordpress\/wp-json\/wp\/v2\/comments?post=16951"}],"version-history":[{"count":0,"href":"https:\/\/wp.1dfh.de\/wordpress\/wp-json\/wp\/v2\/posts\/16951\/revisions"}],"wp:featuredmedia":[{"embeddable":true,"href":"https:\/\/wp.1dfh.de\/wordpress\/wp-json\/wp\/v2\/media\/16954"}],"wp:attachment":[{"href":"https:\/\/wp.1dfh.de\/wordpress\/wp-json\/wp\/v2\/media?parent=16951"}],"wp:term":[{"taxonomy":"category","embeddable":true,"href":"https:\/\/wp.1dfh.de\/wordpress\/wp-json\/wp\/v2\/categories?post=16951"},{"taxonomy":"post_tag","embeddable":true,"href":"https:\/\/wp.1dfh.de\/wordpress\/wp-json\/wp\/v2\/tags?post=16951"}],"curies":[{"name":"wp","href":"https:\/\/api.w.org\/{rel}","templated":true}]}}