{"id":17139,"date":"2011-08-31T22:07:31","date_gmt":"2011-08-31T20:07:31","guid":{"rendered":"http:\/\/wp.1dfh.de\/wordpress\/?p=17139"},"modified":"2012-08-17T09:53:08","modified_gmt":"2012-08-17T07:53:08","slug":"flugplatzfest-blaubeuren-04-09-2011","status":"publish","type":"post","link":"https:\/\/wp.1dfh.de\/wordpress\/flugplatzfest-blaubeuren-04-09-2011\/","title":{"rendered":"Flugplatzfest Blaubeuren 04.09.2011"},"content":{"rendered":"<p><figure id=\"attachment_20632\" aria-describedby=\"caption-attachment-20632\" style=\"width: 181px\" class=\"wp-caption alignright\"><a href=\"http:\/\/www.flgblaubeuren.de\/\" target=\"_blank\"><img loading=\"lazy\" decoding=\"async\" class=\"size-medium wp-image-20632\" title=\"Fliegergruppe Blaubeuren\" src=\"http:\/\/wp.1dfh.de\/wordpress\/wp-content\/uploads\/logo.72054.jpg.720621-181x300.jpg\" alt=\"Fliegergruppe Blaubeuren\" width=\"181\" height=\"300\" srcset=\"https:\/\/wp.1dfh.de\/wordpress\/wp-content\/uploads\/logo.72054.jpg.720621-181x300.jpg 181w, https:\/\/wp.1dfh.de\/wordpress\/wp-content\/uploads\/logo.72054.jpg.720621-90x150.jpg 90w, https:\/\/wp.1dfh.de\/wordpress\/wp-content\/uploads\/logo.72054.jpg.720621.jpg 300w\" sizes=\"auto, (max-width: 181px) 100vw, 181px\" \/><\/a><figcaption id=\"caption-attachment-20632\" class=\"wp-caption-text\"><a href=\"http:\/\/www.flgblaubeuren.de\/\" target=\"_blank\">Fliegergruppe Blaubeuren<\/a><\/figcaption><\/figure><br \/>\n<em><strong>Ein Fest von Fliegern f\u00fcr Flieger und f\u00fcr die \u00d6ffentlichkeit. Famili\u00e4re Atmosph\u00e4re. Keine Landegeb\u00fchren. Freier Eintritt<\/strong><\/em>.<\/p>\n<p>04.Sept. 2011\u00a0 FLUGPLATZFEST BLAUBEUREN<\/p>\n<p>Es ist mittlerweile schon Tradition, dass sich am ersten September Wochenende in Blaubeuren die Kunstflieger, Fallschirmspringer, Modellflieger und viele mehr die Klinke oder besser gesagt den Steuerkn\u00fcppel in die Hand geben. Dann, am 4. September 2011, feiert die Fliegergruppe Blaubeuren am Flugplatz in Sonderbuch gemeinsam mit Nachbarn, G\u00e4sten und Freunden das allj\u00e4hrliche Flugplatzfest. Von 11:00-18:00 Uhr werden zahlreiche Flugvorf\u00fchrungen am Himmel \u00fcber Blaubeuren die Besucher zum Staunen bringen. Ob Kunstflug, Motor- oder Segelflug, Hubschrauber, Modellflug, Hei\u00dfluftballon oder Drachenflug, Oldtimer oder moderne Hochleistungsflugzeuge: Langeweile wird garantiert nicht aufkommen. Wer den ganz gro\u00dfen Nervenkitzel sucht, hat die M\u00f6glichkeit, per Tandem-Fallschirmsprung aus dem Flugzeug abzuspringen. F\u00fcr alle, die es vorziehen an Bord des Flugzeugs zu bleiben, gibt es die M\u00f6glichkeit an einem Rundflug teilzunehmen.<\/p>\n<p>Nachdem in den letzten Jahren die gro\u00dfe Nachfrage nach Rundfl\u00fcgen kaum gedeckt werden konnte, wird es diesmal schon am Samstag nachmittag die Gelegenheit geben, mit einem Segel- oder Motorflugzeug mitzufliegen. Aber auch die Happy Hour am Sonntagmorgen bleibt bestehen: Von 10 bis 12 Uhr k\u00f6nnen Besucher zum Sonderpreis mit dem Segelflugzeug mitfliegen. Dabei haben sie die Qual der Wahl: Soll es der moderne Hochleistungssegler Duo-Discus oder ein Rundflug mit dem Oldtimer Slingsby sein?<\/p>\n<p>Der Eintritt zum Flugplatzfest ist wie immer frei. Landegeb\u00fchren werden nicht erhoben. Anfl\u00fcge sind herzlich willkommen. Gen\u00fcgend kostenlose Parkpl\u00e4tze gibt es direkt am Flugplatz f\u00fcr Autos, Fahrr\u00e4der und Flugzeuge. F\u00fcr das leibliche Wohl ist zu familienfreundlichen Preisen gesorgt.<\/p>\n<p>&nbsp;<\/p>\n<p>Das aktuelle Programm ist nachzulesen unter<\/p>\n<p>Quelle: www.flgblaubeuren.de<\/p>\n<p>&nbsp;<\/p>\n<p>&nbsp;<\/p>\n<p>[gmap]<\/p>\n<div class=\"ngg-related-gallery\">\n\t\t\t<a href=\"https:\/\/wp.1dfh.de\/wordpress\/wp-content\/gallery\/flugplatzfest-degerfeld-2009\/1dfh-degerfeld-290809-001.jpg?t=1773607964\"\n\t\t\ttitle=\" \"\n\t\t\t\t\t\t\t\t\t\t\t\t\t\t\t data-image-id=\"2398\" data-src=\"https:\/\/wp.1dfh.de\/wordpress\/wp-content\/gallery\/flugplatzfest-degerfeld-2009\/1dfh-degerfeld-290809-001.jpg?t=1773607964\" data-thumbnail=\"https:\/\/wp.1dfh.de\/wordpress\/wp-content\/gallery\/flugplatzfest-degerfeld-2009\/cache\/1dfh-degerfeld-290809-001.jpg-nggid042398-ngg0dyn-100x100x100-00f0w010c011r110f110r010t010.jpg?t=1773607964\" data-title=\"1dfh-degerfeld-290809-001\" data-description=\" \">\n\t\t\t<img title=\"1dfh-degerfeld-290809-001\"\n\t\t\t\talt=\"1dfh-degerfeld-290809-001\"\n\t\t\t\tdata-image-id=\"2398\"\n\t\t\t\tsrc=\"\"\/>\n\t\t<\/a>\n\t\t\t<a href=\"https:\/\/wp.1dfh.de\/wordpress\/wp-content\/gallery\/flugplatzfest-degerfeld-2009\/1dfh-degerfeld-290809-002.jpg?t=1773607964\"\n\t\t\ttitle=\" \"\n\t\t\t\t\t\t\t\t\t\t\t\t\t\t\t data-image-id=\"2399\" data-src=\"https:\/\/wp.1dfh.de\/wordpress\/wp-content\/gallery\/flugplatzfest-degerfeld-2009\/1dfh-degerfeld-290809-002.jpg?t=1773607964\" data-thumbnail=\"https:\/\/wp.1dfh.de\/wordpress\/wp-content\/gallery\/flugplatzfest-degerfeld-2009\/cache\/1dfh-degerfeld-290809-002.jpg-nggid042399-ngg0dyn-100x100x100-00f0w010c011r110f110r010t010.jpg?t=1773607964\" data-title=\"1dfh-degerfeld-290809-002\" data-description=\" \">\n\t\t\t<img title=\"1dfh-degerfeld-290809-002\"\n\t\t\t\talt=\"1dfh-degerfeld-290809-002\"\n\t\t\t\tdata-image-id=\"2399\"\n\t\t\t\tsrc=\"\"\/>\n\t\t<\/a>\n\t\t\t<a href=\"https:\/\/wp.1dfh.de\/wordpress\/wp-content\/gallery\/flugplatzfest-degerfeld-2009\/1dfh-degerfeld-290809-003.jpg?t=1773607974\"\n\t\t\ttitle=\"Lo 100, Frankenteam\"\n\t\t\t\t\t\t\t\t\t\t\t\t\t\t\t data-image-id=\"2400\" data-src=\"https:\/\/wp.1dfh.de\/wordpress\/wp-content\/gallery\/flugplatzfest-degerfeld-2009\/1dfh-degerfeld-290809-003.jpg?t=1773607974\" data-thumbnail=\"https:\/\/wp.1dfh.de\/wordpress\/wp-content\/gallery\/flugplatzfest-degerfeld-2009\/cache\/1dfh-degerfeld-290809-003.jpg-nggid042400-ngg0dyn-100x100x100-00f0w010c011r110f110r010t010.jpg?t=1773607974\" data-title=\"1dfh-degerfeld-290809-003\" data-description=\"Lo 100, Frankenteam\">\n\t\t\t<img title=\"1dfh-degerfeld-290809-003\"\n\t\t\t\talt=\"1dfh-degerfeld-290809-003\"\n\t\t\t\tdata-image-id=\"2400\"\n\t\t\t\tsrc=\"\"\/>\n\t\t<\/a>\n\t\t\t<a href=\"https:\/\/wp.1dfh.de\/wordpress\/wp-content\/gallery\/flugplatzfest-degerfeld-2009\/1dfh-degerfeld-290809-019.jpg?t=1773607964\"\n\t\t\ttitle=\"Lo 100, Frankenteam\"\n\t\t\t\t\t\t\t\t\t\t\t\t\t\t\t data-image-id=\"2416\" data-src=\"https:\/\/wp.1dfh.de\/wordpress\/wp-content\/gallery\/flugplatzfest-degerfeld-2009\/1dfh-degerfeld-290809-019.jpg?t=1773607964\" data-thumbnail=\"https:\/\/wp.1dfh.de\/wordpress\/wp-content\/gallery\/flugplatzfest-degerfeld-2009\/cache\/1dfh-degerfeld-290809-019.jpg-nggid042416-ngg0dyn-100x100x100-00f0w010c011r110f110r010t010.jpg?t=1773607964\" data-title=\"1dfh-degerfeld-290809-019\" data-description=\"Lo 100, Frankenteam\">\n\t\t\t<img title=\"1dfh-degerfeld-290809-019\"\n\t\t\t\talt=\"1dfh-degerfeld-290809-019\"\n\t\t\t\tdata-image-id=\"2416\"\n\t\t\t\tsrc=\"\"\/>\n\t\t<\/a>\n\t\t\t<a href=\"https:\/\/wp.1dfh.de\/wordpress\/wp-content\/gallery\/flugplatzfest-degerfeld-2009\/1dfh-degerfeld-290809-020.jpg?t=1773607964\"\n\t\t\ttitle=\"Lo 100, Frankenteam\"\n\t\t\t\t\t\t\t\t\t\t\t\t\t\t\t data-image-id=\"2417\" data-src=\"https:\/\/wp.1dfh.de\/wordpress\/wp-content\/gallery\/flugplatzfest-degerfeld-2009\/1dfh-degerfeld-290809-020.jpg?t=1773607964\" data-thumbnail=\"https:\/\/wp.1dfh.de\/wordpress\/wp-content\/gallery\/flugplatzfest-degerfeld-2009\/cache\/1dfh-degerfeld-290809-020.jpg-nggid042417-ngg0dyn-100x100x100-00f0w010c011r110f110r010t010.jpg?t=1773607964\" data-title=\"1dfh-degerfeld-290809-020\" data-description=\"Lo 100, Frankenteam\">\n\t\t\t<img title=\"1dfh-degerfeld-290809-020\"\n\t\t\t\talt=\"1dfh-degerfeld-290809-020\"\n\t\t\t\tdata-image-id=\"2417\"\n\t\t\t\tsrc=\"\"\/>\n\t\t<\/a>\n\t\t\t<a href=\"https:\/\/wp.1dfh.de\/wordpress\/wp-content\/gallery\/flugplatzfest-degerfeld-2009\/1dfh-degerfeld-290809-021.jpg?t=1773324628\"\n\t\t\ttitle=\"Lo 100, Frankenteam\"\n\t\t\t\t\t\t\t\t\t\t\t\t\t\t\t data-image-id=\"2418\" data-src=\"https:\/\/wp.1dfh.de\/wordpress\/wp-content\/gallery\/flugplatzfest-degerfeld-2009\/1dfh-degerfeld-290809-021.jpg?t=1773324628\" data-thumbnail=\"https:\/\/wp.1dfh.de\/wordpress\/wp-content\/gallery\/flugplatzfest-degerfeld-2009\/cache\/1dfh-degerfeld-290809-021.jpg-nggid042418-ngg0dyn-100x100x100-00f0w010c011r110f110r010t010.jpg?t=1773324628\" data-title=\"1dfh-degerfeld-290809-021\" data-description=\"Lo 100, Frankenteam\">\n\t\t\t<img title=\"1dfh-degerfeld-290809-021\"\n\t\t\t\talt=\"1dfh-degerfeld-290809-021\"\n\t\t\t\tdata-image-id=\"2418\"\n\t\t\t\tsrc=\"\"\/>\n\t\t<\/a>\n\t\t\t<a href=\"https:\/\/wp.1dfh.de\/wordpress\/wp-content\/gallery\/flugplatzfest-degerfeld-2009\/1dfh-degerfeld-290809-022.jpg?t=1773324628\"\n\t\t\ttitle=\"Lo 100, Frankenteam\"\n\t\t\t\t\t\t\t\t\t\t\t\t\t\t\t data-image-id=\"2419\" data-src=\"https:\/\/wp.1dfh.de\/wordpress\/wp-content\/gallery\/flugplatzfest-degerfeld-2009\/1dfh-degerfeld-290809-022.jpg?t=1773324628\" data-thumbnail=\"https:\/\/wp.1dfh.de\/wordpress\/wp-content\/gallery\/flugplatzfest-degerfeld-2009\/cache\/1dfh-degerfeld-290809-022.jpg-nggid042419-ngg0dyn-100x100x100-00f0w010c011r110f110r010t010.jpg?t=1773324628\" data-title=\"1dfh-degerfeld-290809-022\" data-description=\"Lo 100, Frankenteam\">\n\t\t\t<img title=\"1dfh-degerfeld-290809-022\"\n\t\t\t\talt=\"1dfh-degerfeld-290809-022\"\n\t\t\t\tdata-image-id=\"2419\"\n\t\t\t\tsrc=\"\"\/>\n\t\t<\/a>\n\t<\/div>\n","protected":false},"excerpt":{"rendered":"<p>Ein Fest von Fliegern f\u00fcr Flieger und f\u00fcr die \u00d6ffentlichkeit. Famili\u00e4re Atmosph\u00e4re. Keine Landegeb\u00fchren. Freier Eintritt. 04.Sept. 2011\u00a0 FLUGPLATZFEST BLAUBEUREN Es ist mittlerweile schon Tradition, dass sich am ersten September Wochenende in Blaubeuren die Kunstflieger, Fallschirmspringer, Modellflieger und viele mehr die Klinke oder besser gesagt den Steuerkn\u00fcppel in die Hand geben. Dann, am 4. September &hellip; <a href=\"https:\/\/wp.1dfh.de\/wordpress\/flugplatzfest-blaubeuren-04-09-2011\/\" class=\"more-link\"><span class=\"screen-reader-text\">Flugplatzfest Blaubeuren 04.09.2011<\/span> weiterlesen <span class=\"meta-nav\">&rarr;<\/span><\/a><\/p>\n","protected":false},"author":2,"featured_media":0,"comment_status":"open","ping_status":"open","sticky":false,"template":"","format":"standard","meta":{"ngg_post_thumbnail":0,"footnotes":""},"categories":[1,18,9],"tags":[6470,680,6205,6463,11706,5632,6455,994,11450,12160,11460,6465,12059,6452,1023,1012,12102,6456,1028,6454,11707,11147,11451,1002,6462,275,12056,11202,6449,11408,11218,11330,2087,6471,6466,6148,6460,6458,12055,6450,11433,6464,1021,991,6468,11362,6459,1013,11461,1025,6457,6451],"class_list":["post-17139","post","type-post","status-publish","format-standard","hentry","category-allgemeines","category-flugveranstaltungen","category-termine","tag-adac-rettungshubschrauber","tag-av-36","tag-bannerschlepp","tag-bernd-mangold","tag-blaubeuren","tag-bucker-jungmann","tag-cessna-208b-grand-caravan","tag-d-1156","tag-d-2005","tag-d-3169","tag-d-8180","tag-d-eepk","tag-d-eeys","tag-d-eluk","tag-d-fina","tag-dieter-kulpp","tag-doppeldecker","tag-drachenflieger-seisen","tag-drachenschlepp","tag-fallschirmspringer-skydive-saulgau","tag-fliegergruppe-blaubeuren-e-v","tag-flugplatzfest","tag-flugplatzfest-blaubeuren","tag-hans-georg-resch","tag-hochleistungssegelflugzeug","tag-jodel","tag-johann-britsch","tag-lo-100","tag-manfred-muller","tag-minimoa","tag-modellflug","tag-motorkunstflug","tag-nimbus-4","tag-nurfluglel","tag-oldtimer-segelflugzeug","tag-pa18","tag-piper-caravan","tag-pitts-s1-11","tag-rainer-kamitz","tag-rolf-schrauber","tag-segelkunstflug","tag-siggi-knoll","tag-skydive-saulgau","tag-slingsby","tag-start-heisluftballone","tag-swift","tag-tandems","tag-thomas-vohringer","tag-tilo-holighaus","tag-tobias-vollmer","tag-trikedrachen","tag-ultraleicht"],"_links":{"self":[{"href":"https:\/\/wp.1dfh.de\/wordpress\/wp-json\/wp\/v2\/posts\/17139","targetHints":{"allow":["GET"]}}],"collection":[{"href":"https:\/\/wp.1dfh.de\/wordpress\/wp-json\/wp\/v2\/posts"}],"about":[{"href":"https:\/\/wp.1dfh.de\/wordpress\/wp-json\/wp\/v2\/types\/post"}],"author":[{"embeddable":true,"href":"https:\/\/wp.1dfh.de\/wordpress\/wp-json\/wp\/v2\/users\/2"}],"replies":[{"embeddable":true,"href":"https:\/\/wp.1dfh.de\/wordpress\/wp-json\/wp\/v2\/comments?post=17139"}],"version-history":[{"count":0,"href":"https:\/\/wp.1dfh.de\/wordpress\/wp-json\/wp\/v2\/posts\/17139\/revisions"}],"wp:attachment":[{"href":"https:\/\/wp.1dfh.de\/wordpress\/wp-json\/wp\/v2\/media?parent=17139"}],"wp:term":[{"taxonomy":"category","embeddable":true,"href":"https:\/\/wp.1dfh.de\/wordpress\/wp-json\/wp\/v2\/categories?post=17139"},{"taxonomy":"post_tag","embeddable":true,"href":"https:\/\/wp.1dfh.de\/wordpress\/wp-json\/wp\/v2\/tags?post=17139"}],"curies":[{"name":"wp","href":"https:\/\/api.w.org\/{rel}","templated":true}]}}