{"id":18056,"date":"2012-08-26T23:59:20","date_gmt":"2012-08-26T21:59:20","guid":{"rendered":"http:\/\/wp.1dfh.de\/wordpress\/?p=18056"},"modified":"2013-06-13T11:55:09","modified_gmt":"2013-06-13T09:55:09","slug":"flugplatzfest-luftsportverein-degerfeld-25-08-26-08-2012","status":"publish","type":"post","link":"https:\/\/wp.1dfh.de\/wordpress\/flugplatzfest-luftsportverein-degerfeld-25-08-26-08-2012\/","title":{"rendered":"Flugplatzfest Luftsportverein Degerfeld 25.08. &#8211; 26.08.2012"},"content":{"rendered":"<figure id=\"attachment_9302\" aria-describedby=\"caption-attachment-9302\" style=\"width: 111px\" class=\"wp-caption alignright\"><a href=\"http:\/\/www.lsv-degerfeld.de\" target=\"_blank\"><img loading=\"lazy\" decoding=\"async\" class=\"size-full wp-image-9302\" title=\"Luftsportverein Degerfeld e.V. \" alt=\"Luftsportverein Degerfeld e.V.\" src=\"http:\/\/wp.1dfh.de\/wordpress\/wp-content\/uploads\/lsvlogo_1.gif\" width=\"111\" height=\"106\" \/><\/a><figcaption id=\"caption-attachment-9302\" class=\"wp-caption-text\">Luftsportverein Degerfeld e.V.<\/figcaption><\/figure>\n<p>Flugplatzfest 2012 Luftsportverein Degerfeld (Albstadt, EDSA).<br \/>\nSamstag und Sonntag, 25. und 26. August 2012. Programmbeginn am Samstag um 13 Uhr und am Sonntag um 12 Uhr.<br \/>\nProgramm: gro\u00dfes Auto- und Motorrad-Oldtimertreffen, Flugvorf\u00fchrungen, Segel- und Motorkunstflug, Fuchsjagd der Ballonfahrer, Flugzeugoldtimer, Warbirds, Bewirtung und mehr.<\/p>\n<figure id=\"attachment_20675\" aria-describedby=\"caption-attachment-20675\" style=\"width: 297px\" class=\"wp-caption alignright\"><a href=\"http:\/\/www.lsv-degerfeld.de\" target=\"_blank\"><img loading=\"lazy\" decoding=\"async\" class=\" wp-image-20675  \" title=\"Flugplatzfest Degerfeld 12\" alt=\"Flugplatzfest Degerfeld 12\" src=\"http:\/\/wp.1dfh.de\/wordpress\/wp-content\/uploads\/527219_447165465315271_1044662412_n.jpg\" width=\"297\" height=\"429\" srcset=\"https:\/\/wp.1dfh.de\/wordpress\/wp-content\/uploads\/527219_447165465315271_1044662412_n.jpg 606w, https:\/\/wp.1dfh.de\/wordpress\/wp-content\/uploads\/527219_447165465315271_1044662412_n-207x300.jpg 207w, https:\/\/wp.1dfh.de\/wordpress\/wp-content\/uploads\/527219_447165465315271_1044662412_n-103x150.jpg 103w, https:\/\/wp.1dfh.de\/wordpress\/wp-content\/uploads\/527219_447165465315271_1044662412_n-400x578.jpg 400w\" sizes=\"auto, (max-width: 297px) 100vw, 297px\" \/><\/a><figcaption id=\"caption-attachment-20675\" class=\"wp-caption-text\"><a href=\"http:\/\/www.lsv-degerfeld.de\" target=\"_blank\">Flugplatzfest Degerfeld 12<\/a><\/figcaption><\/figure>\n<p>&nbsp;<\/p>\n<ul>\n<li>Wingwalking mit Peggy Krainz<\/li>\n<li><del>Polikarpow I-16\u00a0 Typ 24<\/del><\/li>\n<li>Mustang P51 mit <a href=\"http:\/\/wp.1dfh.de\/wordpress\/tag\/marc-mathis\/\" rel=\"tag\">Marc Mathis<\/a>,<\/li>\n<li><del>Synchronkunstflug Lo 100 \/ Peter und Michi Hofmann<\/del><\/li>\n<li><del><a href=\"http:\/\/wp.1dfh.de\/wordpress\/tag\/furstenberg-fallschirm-team\/\" rel=\"tag\">F\u00fcrstenberg Fallschirm-Team<\/a><\/del><\/li>\n<li><del>Yak 3<\/del><\/li>\n<li><del>Messerschmitt Me108<\/del><\/li>\n<li><del>Beechcraft Model 35<\/del><\/li>\n<li>AV 36 Nurfl\u00fcgler<\/li>\n<li>B\u00fccker Staffel<\/li>\n<li>Piper Seneca<\/li>\n<li>Pitts S1 \/ Uli Schell<\/li>\n<li>Extra 300<\/li>\n<li>North American Super Six \/ D. Eger<\/li>\n<li>Segelkunstflug ASK 21<\/li>\n<li><del>Motorgleitschirm Tschai<\/del><\/li>\n<li>Kunstflug auf Extra 300, B\u00fccker Doppeldecker<\/li>\n<li><del>Hei\u00dfluftballon-Massenstart<\/del><\/li>\n<\/ul>\n<p>Anmerkung: Aufgrund technischer Probleme und b\u00f6igem regnerischen Wetters gab es einige Ausf\u00e4lle gegen\u00fcber den Ank\u00fcndigungen (durchgestrichene Positioen)<\/p>\n<p>&nbsp;<\/p>\n<p>Fotos vom 24.08.2012<\/p>\nngg_shortcode_0_placeholder\nngg_shortcode_1_placeholder\nngg_shortcode_2_placeholder\n<p>&nbsp;<\/p>\n<p>&nbsp;<\/p>\n<p>[gmap]<\/p>\n<div class=\"ngg-related-gallery\">\n\t\t\t<a href=\"https:\/\/wp.1dfh.de\/wordpress\/wp-content\/gallery\/flugplatzfest-degerfeld-2009\/1dfh-degerfeld-290809-057.jpg\"\n\t\t\ttitle=\" \"\n\t\t\t\t\t\t\t\t\t\t\t\t\t\t\t data-image-id=\"2454\" data-src=\"https:\/\/wp.1dfh.de\/wordpress\/wp-content\/gallery\/flugplatzfest-degerfeld-2009\/1dfh-degerfeld-290809-057.jpg\" data-thumbnail=\"https:\/\/wp.1dfh.de\/wordpress\/nextgen-image\/2454\/100x100x100\/crop\/e2c711c61838f502c89c085a7d64c0d9\" data-title=\"1dfh-degerfeld-290809-057\" data-description=\" \">\n\t\t\t<img title=\"1dfh-degerfeld-290809-057\"\n\t\t\t\talt=\"1dfh-degerfeld-290809-057\"\n\t\t\t\tdata-image-id=\"2454\"\n\t\t\t\tsrc=\"\"\/>\n\t\t<\/a>\n\t\t\t<a href=\"https:\/\/wp.1dfh.de\/wordpress\/wp-content\/gallery\/flugplatzfest-degerfeld-2009\/1dfh-degerfeld-290809-058.jpg\"\n\t\t\ttitle=\" \"\n\t\t\t\t\t\t\t\t\t\t\t\t\t\t\t data-image-id=\"2455\" data-src=\"https:\/\/wp.1dfh.de\/wordpress\/wp-content\/gallery\/flugplatzfest-degerfeld-2009\/1dfh-degerfeld-290809-058.jpg\" data-thumbnail=\"https:\/\/wp.1dfh.de\/wordpress\/nextgen-image\/2455\/100x100x100\/crop\/dfcdc7734cbdff138de5a384bf77d7f5\" data-title=\"1dfh-degerfeld-290809-058\" data-description=\" \">\n\t\t\t<img title=\"1dfh-degerfeld-290809-058\"\n\t\t\t\talt=\"1dfh-degerfeld-290809-058\"\n\t\t\t\tdata-image-id=\"2455\"\n\t\t\t\tsrc=\"\"\/>\n\t\t<\/a>\n\t\t\t<a href=\"https:\/\/wp.1dfh.de\/wordpress\/wp-content\/gallery\/flugplatzfest-degerfeld-2009\/1dfh-degerfeld-290809-059.jpg\"\n\t\t\ttitle=\" \"\n\t\t\t\t\t\t\t\t\t\t\t\t\t\t\t data-image-id=\"2456\" data-src=\"https:\/\/wp.1dfh.de\/wordpress\/wp-content\/gallery\/flugplatzfest-degerfeld-2009\/1dfh-degerfeld-290809-059.jpg\" data-thumbnail=\"https:\/\/wp.1dfh.de\/wordpress\/nextgen-image\/2456\/100x100x100\/crop\/e1b48b064c4edcb35640fc949fe18374\" data-title=\"1dfh-degerfeld-290809-059\" data-description=\" \">\n\t\t\t<img title=\"1dfh-degerfeld-290809-059\"\n\t\t\t\talt=\"1dfh-degerfeld-290809-059\"\n\t\t\t\tdata-image-id=\"2456\"\n\t\t\t\tsrc=\"\"\/>\n\t\t<\/a>\n\t\t\t<a href=\"https:\/\/wp.1dfh.de\/wordpress\/wp-content\/gallery\/kehl09\/1dfh-kehl09_0025.JPG?t=1770667318\"\n\t\t\ttitle=\" \"\n\t\t\t\t\t\t\t\t\t\t\t\t\t\t\t data-image-id=\"731\" data-src=\"https:\/\/wp.1dfh.de\/wordpress\/wp-content\/gallery\/kehl09\/1dfh-kehl09_0025.JPG?t=1770667318\" data-thumbnail=\"https:\/\/wp.1dfh.de\/wordpress\/wp-content\/gallery\/kehl09\/cache\/1dfh-kehl09_0025.JPG-nggid03731-ngg0dyn-100x100x100-00f0w010c011r110f110r010t010.JPG?t=1770667318\" data-title=\"1dfh-kehl09_0025\" data-description=\" \">\n\t\t\t<img title=\"1dfh-kehl09_0025\"\n\t\t\t\talt=\"1dfh-kehl09_0025\"\n\t\t\t\tdata-image-id=\"731\"\n\t\t\t\tsrc=\"\"\/>\n\t\t<\/a>\n\t\t\t<a href=\"https:\/\/wp.1dfh.de\/wordpress\/wp-content\/gallery\/donzdorf\/1dfh-donzdorf07_0027.JPG?t=1773358650\"\n\t\t\ttitle=\" \"\n\t\t\t\t\t\t\t\t\t\t\t\t\t\t\t data-image-id=\"978\" data-src=\"https:\/\/wp.1dfh.de\/wordpress\/wp-content\/gallery\/donzdorf\/1dfh-donzdorf07_0027.JPG?t=1773358650\" data-thumbnail=\"https:\/\/wp.1dfh.de\/wordpress\/wp-content\/gallery\/donzdorf\/cache\/1dfh-donzdorf07_0027.JPG-nggid03978-ngg0dyn-100x100x100-00f0w010c011r110f110r010t010.JPG?t=1773358650\" data-title=\"1dfh-donzdorf07_0027\" data-description=\" \">\n\t\t\t<img title=\"1dfh-donzdorf07_0027\"\n\t\t\t\talt=\"1dfh-donzdorf07_0027\"\n\t\t\t\tdata-image-id=\"978\"\n\t\t\t\tsrc=\"\"\/>\n\t\t<\/a>\n\t\t\t<a href=\"https:\/\/wp.1dfh.de\/wordpress\/wp-content\/gallery\/donzdorf\/1dfh-donzdorf07_0028.JPG?t=1773358650\"\n\t\t\ttitle=\" \"\n\t\t\t\t\t\t\t\t\t\t\t\t\t\t\t data-image-id=\"979\" data-src=\"https:\/\/wp.1dfh.de\/wordpress\/wp-content\/gallery\/donzdorf\/1dfh-donzdorf07_0028.JPG?t=1773358650\" data-thumbnail=\"https:\/\/wp.1dfh.de\/wordpress\/wp-content\/gallery\/donzdorf\/cache\/1dfh-donzdorf07_0028.JPG-nggid03979-ngg0dyn-100x100x100-00f0w010c011r110f110r010t010.JPG?t=1773358650\" data-title=\"1dfh-donzdorf07_0028\" data-description=\" \">\n\t\t\t<img title=\"1dfh-donzdorf07_0028\"\n\t\t\t\talt=\"1dfh-donzdorf07_0028\"\n\t\t\t\tdata-image-id=\"979\"\n\t\t\t\tsrc=\"\"\/>\n\t\t<\/a>\n\t\t\t<a href=\"https:\/\/wp.1dfh.de\/wordpress\/wp-content\/gallery\/donzdorf\/1dfh-donzdorf07_0029.JPG?t=1773358650\"\n\t\t\ttitle=\" \"\n\t\t\t\t\t\t\t\t\t\t\t\t\t\t\t data-image-id=\"980\" data-src=\"https:\/\/wp.1dfh.de\/wordpress\/wp-content\/gallery\/donzdorf\/1dfh-donzdorf07_0029.JPG?t=1773358650\" data-thumbnail=\"https:\/\/wp.1dfh.de\/wordpress\/wp-content\/gallery\/donzdorf\/cache\/1dfh-donzdorf07_0029.JPG-nggid03980-ngg0dyn-100x100x100-00f0w010c011r110f110r010t010.JPG?t=1773358650\" data-title=\"1dfh-donzdorf07_0029\" data-description=\" \">\n\t\t\t<img title=\"1dfh-donzdorf07_0029\"\n\t\t\t\talt=\"1dfh-donzdorf07_0029\"\n\t\t\t\tdata-image-id=\"980\"\n\t\t\t\tsrc=\"\"\/>\n\t\t<\/a>\n\t<\/div>\n","protected":false},"excerpt":{"rendered":"<p>Flugplatzfest 2012 Luftsportverein Degerfeld (Albstadt, EDSA). Samstag und Sonntag, 25. und 26. August 2012. Programmbeginn am Samstag um 13 Uhr und am Sonntag um 12 Uhr. Programm: gro\u00dfes Auto- und Motorrad-Oldtimertreffen, Flugvorf\u00fchrungen, Segel- und Motorkunstflug, Fuchsjagd der Ballonfahrer, Flugzeugoldtimer, Warbirds, Bewirtung und mehr. &nbsp; Wingwalking mit Peggy Krainz Polikarpow I-16\u00a0 Typ 24 Mustang P51 mit &hellip; <a href=\"https:\/\/wp.1dfh.de\/wordpress\/flugplatzfest-luftsportverein-degerfeld-25-08-26-08-2012\/\" class=\"more-link\"><span class=\"screen-reader-text\">Flugplatzfest Luftsportverein Degerfeld 25.08. &#8211; 26.08.2012<\/span> weiterlesen <span class=\"meta-nav\">&rarr;<\/span><\/a><\/p>\n","protected":false},"author":2,"featured_media":20675,"comment_status":"open","ping_status":"open","sticky":false,"template":"","format":"standard","meta":{"ngg_post_thumbnail":0,"footnotes":""},"categories":[3,18,6,9],"tags":[680,902,7692,8239,11385,12125,12111,11137,11328,218,968,8238,11195,11202,11205,11466,7685,8232,8237,12583,3849,398,1024,12488,11242,8231,12570,12600,12141,12353,3103,12142,11371,12604,11341,8245,11365],"class_list":["post-18056","post","type-post","status-publish","format-standard","has-post-thumbnail","hentry","category-aktuelles","category-flugveranstaltungen","category-fotos","category-termine","tag-av-36","tag-beechcraft-model-35","tag-bucker-doppeldecker","tag-bucker-staffel","tag-d-exew","tag-dietmar-eger","tag-extra-300-l","tag-extra-300","tag-fallschirmspringer","tag-frankenteam","tag-furstenberg-fallschirm-team","tag-heisluftballon-massenstart","tag-kunstflug","tag-lo-100","tag-luftsportverein-degerfeld-e-v","tag-marc-mathis","tag-messerschmitt-me108","tag-michi-hofmann","tag-motorgleitschirm","tag-mustang-p51","tag-north-american-p-51d-mustang-2","tag-north-american-super-six","tag-nurflugler","tag-oldtimer-treffen","tag-peggy-krainz","tag-peter-hofmann","tag-pitts-s-1s-special","tag-polikarpow-i-16","tag-ralf-bauer","tag-rata-i-16","tag-synchronkunstflug","tag-tschai","tag-uli-schell","tag-wilhelm-heinz","tag-wing-walkers","tag-wingwalking","tag-yak-3"],"_links":{"self":[{"href":"https:\/\/wp.1dfh.de\/wordpress\/wp-json\/wp\/v2\/posts\/18056","targetHints":{"allow":["GET"]}}],"collection":[{"href":"https:\/\/wp.1dfh.de\/wordpress\/wp-json\/wp\/v2\/posts"}],"about":[{"href":"https:\/\/wp.1dfh.de\/wordpress\/wp-json\/wp\/v2\/types\/post"}],"author":[{"embeddable":true,"href":"https:\/\/wp.1dfh.de\/wordpress\/wp-json\/wp\/v2\/users\/2"}],"replies":[{"embeddable":true,"href":"https:\/\/wp.1dfh.de\/wordpress\/wp-json\/wp\/v2\/comments?post=18056"}],"version-history":[{"count":0,"href":"https:\/\/wp.1dfh.de\/wordpress\/wp-json\/wp\/v2\/posts\/18056\/revisions"}],"wp:featuredmedia":[{"embeddable":true,"href":"https:\/\/wp.1dfh.de\/wordpress\/wp-json\/wp\/v2\/media\/20675"}],"wp:attachment":[{"href":"https:\/\/wp.1dfh.de\/wordpress\/wp-json\/wp\/v2\/media?parent=18056"}],"wp:term":[{"taxonomy":"category","embeddable":true,"href":"https:\/\/wp.1dfh.de\/wordpress\/wp-json\/wp\/v2\/categories?post=18056"},{"taxonomy":"post_tag","embeddable":true,"href":"https:\/\/wp.1dfh.de\/wordpress\/wp-json\/wp\/v2\/tags?post=18056"}],"curies":[{"name":"wp","href":"https:\/\/api.w.org\/{rel}","templated":true}]}}