{"id":18413,"date":"2012-02-15T13:01:07","date_gmt":"2012-02-15T12:01:07","guid":{"rendered":"http:\/\/wp.1dfh.de\/wordpress\/?p=18413"},"modified":"2012-03-05T18:17:17","modified_gmt":"2012-03-05T17:17:17","slug":"faszination-modellbau-karlsruhe-messe-karlsruhe-22-03-25-03-2012","status":"publish","type":"post","link":"https:\/\/wp.1dfh.de\/wordpress\/faszination-modellbau-karlsruhe-messe-karlsruhe-22-03-25-03-2012\/","title":{"rendered":"Faszination Modellbau Karlsruhe Messe Karlsruhe 22.03. &#8211; 25.03.2012"},"content":{"rendered":"<figure id=\"attachment_12943\" aria-describedby=\"caption-attachment-12943\" style=\"width: 240px\" class=\"wp-caption alignright\"><a href=\"http:\/\/www.faszination-modellbau-messe.de\/\" target=\"_blank\"><img loading=\"lazy\" decoding=\"async\" class=\"size-medium wp-image-12943  \" title=\"Faszination-Modellbau\" src=\"http:\/\/wp.1dfh.de\/wordpress\/wp-content\/uploads\/Faszination-Modellbau-300x226.jpg\" alt=\"Faszination-Modellbau\" width=\"240\" height=\"181\" srcset=\"https:\/\/wp.1dfh.de\/wordpress\/wp-content\/uploads\/Faszination-Modellbau-300x226.jpg 300w, https:\/\/wp.1dfh.de\/wordpress\/wp-content\/uploads\/Faszination-Modellbau-150x113.jpg 150w, https:\/\/wp.1dfh.de\/wordpress\/wp-content\/uploads\/Faszination-Modellbau-400x301.jpg 400w, https:\/\/wp.1dfh.de\/wordpress\/wp-content\/uploads\/Faszination-Modellbau.jpg 700w\" sizes=\"auto, (max-width: 240px) 100vw, 240px\" \/><\/a><figcaption id=\"caption-attachment-12943\" class=\"wp-caption-text\">Faszination-Modellbau<\/figcaption><\/figure>\n<p><em><strong>Sie ist bundesweit nicht nur die erste Modellbau-Messe im Jahr, sie hat sich seit vielen Jahren den Beinamen \u201edie Mitmach-Messe\u201c erworben: die \u201eFaszination Modellbau\u201c in Karlsruhe. Action f\u00fcr die Besucher ist Programm \u2013 sei es durch zuschauen und staunen oder durch eine aktive Bet\u00e4tigung. Vom 22.-25. M\u00e4rz 2012 \u00f6ffnet die \u201eFaszination Modellbau\u201c Ihre Tore.<\/strong><\/em><\/p>\n<p>&nbsp;<\/p>\n<p><strong>Weit \u00fcber 400 Aussteller und mehr als 50.000 Besucher<\/strong><\/p>\n<p>machen Karlsruhe zum Modellbau-Mekka. Insbesondere Kinder und Jugendliche erhalten auf dieser Messe au\u00dfergew\u00f6hnlich viele M\u00f6glichkeiten, selbst etwas zu gestalten, zu basteln oder auszuprobieren. Mit dem Junior-College Europe hat der Bundesverband Deutscher Eisenbahnfreunde eine Vorreiter-Rolle inne. Unter Anleitung vieler ehrenamtlicher Helfer lernen hier die Kids die ersten Schritte im Landschaftsbau. An 12 Stationen werden Kinder und Jugendliche an die Faszination der Modellbahn herangef\u00fchrt. Ihre selbstgebastelte Dioramen d\u00fcrfen die Kinder mit nach Hause nehmen.<\/p>\n<p><strong>Deutsch-franz\u00f6sisches Projekt<\/strong><\/p>\n<p>Erstmals wird ein gemeinsames Modellbahn-Projekt deutscher und franz\u00f6sischer Schulen gezeigt, die Ihre jeweiligen Modellbahn-Module erstmals gemeinsam betreiben wollen. \u201eDie besondere Herausforderung besteht darin, dass wir die Verbindung zwischen dem 3-Leiter-Wechselstrom-System von M\u00e4rklin und dem 2-Leiter-Wechselstromsystem realisieren m\u00fcssen. Diese Verbindung w\u00fcrden wir gerne auf der Messe zeigen und an dem \u201a\u00dcbergangsmodul\u2018 auch die technische Umsetzung demonstrieren\u201c, sagt der verantwortliche Lehrer Matthias Wagner. Die \u201eFaszination Modellbau Karlsruhe\u201c er\u00f6ffnet dank der Grenzn\u00e4he zu Frankreich ganz neue M\u00f6glichkeiten f\u00fcr deutsche und franz\u00f6sische Modellbahner, die sich immer st\u00e4rker etablieren.<\/p>\n<p><strong>\u00a0\u201eAltmeister\u201c Franz Stellmaszyk aus K\u00f6ln wieder dabei<\/strong><\/p>\n<p>Mit seiner Modellanlage \u201eSchiefer, Schotter und Rekorde\u201c machte Franz Stellmaszyk 2008 europaweit von sich reden. Das enorme Interesse an seiner Arbeit, insbesondere an den faszinierenden Miniatur-Weltrekorden, brachten ihm eine Menge Anfragen aus den Medien. Die \u201eFaszination Modellbau\u201c in Karlsruhe, einer der wichtigsten Treffpunkte der Modellbauer, erwartet ihn in Karlsruhe. Im Gep\u00e4ck: Das neues Modelleisenbahnprojekt und seine Miniatur-Weltrekordweile. 23 an der Zahl und gr\u00f6\u00dftenteils eingetragen im GUINNESS-Buch der Rekorde ! Es wird die\u00a0 Premiere seiner neuen Anlage mit dem Titel\u00a0 \u201eBremsen \u2013 Gestern und Heute\u201c sein. Wer Stellmaszyk kennt, wei\u00df\u00a0 von seiner Liebe zum Detail. Hatte er sich doch schon lange zuvor bei seinen Lokomotiven und Waggons mit der Sonderanfertigung von funktionierenden Bremsen besch\u00e4ftigt. T\u00dcV und DB zertifizierten\u00a0 alle diese Arbeiten.<\/p>\n<p><strong>\u201eBremsen \u2013 Gestern und Heute\u201c ist eine neue Dimension in der Spur I<\/strong><\/p>\n<p>Nach dem Vorbild des Rangierbahnhof in K\u00f6ln-Gremberg, europaweit\u00a0 der modernsten seiner Art, entstand ein Szenarium, bei dem ein umgebauter\u00a0 M\u00e4rklin G\u00fcterwaggon nach\u00a0 \u201egestriger\u201c Manier vom kleinsten Hemmschuh der Welt punktgenau abgebremst wird. Die Waggonbremse mit den eingebauten 8 Bremsbacken bremst das Fahrzeug nach heutigem Standard ab. Und als absolutes Highlight sorgt eine Gleisbalkenbremse f\u00fcr Verz\u00f6gerung bei einer Rangierfahrt mit der M\u00e4rklin-Diesellok. Die hierbei dezent eingesetzte Funk-Fernsteuerung wird sicherlich zur Verbl\u00fcffung der Zuschauer beitragen. Wie gewohnt hat die FTZ der DB-Minden sowie der Hersteller der Gleisbalkenbremse SONA (ex Thyssen) die Miniaturnachbauten in Augenschein genommen und begutachtet. Gleichwohl wie die Ingenieure dieser Unternehmen werden auch die Besucher der Faszination Modellbau begeistert sein, wenn Franz Stellmaszyk sein neues Projekt vorstellt, und wie gewohnt bereitwillig vorf\u00fchrt und fachm\u00e4nnisch erkl\u00e4rt.<br \/>\nUnd ein weiterer Punkt macht die \u201eFaszination Modellbau Karlsruhe\u201c einzigartig: Hier sehen die Besucher auf der \u201eFaszination Modellbau\u201c Karlsruhe die Top-Neuheiten, die eben erst von f\u00fchrenden Firmen in N\u00fcrnberg auf der internationalen Spielwarenmesse vorgestellt wurden. Und wer m\u00f6chte diese brandhei\u00dfen Neuheiten nicht aus allern\u00e4chster N\u00e4he begutachten oder gar in Aktion sehen? Die Faszination Modellbau\u201c in Karlsruhe macht\u2019s m\u00f6glich.<\/p>\n<p>F\u00fcr DMFV Mitglieder gibt es einen erm\u00e4\u00dfigten Eintritt 9 \u20ac statt 12 \u20ac gegen Vorlage des Mitgliedsausweises.<\/p>\n<p>[gmap]<\/p>\n<div class=\"ngg-related-gallery\">\n\t\t\t<a href=\"https:\/\/wp.1dfh.de\/wordpress\/wp-content\/gallery\/10-semi-scale-hubschraubermeeting-fmc-offenbach-13-08-2016\/offenbach16.jpg?t=1773519252\"\n\t\t\ttitle=\"10. Semi Scale Hubschraubermeeting FMC Offenbach 13.08.2016\"\n\t\t\t\t\t\t\t\t\t\t\t\t\t\t\t data-image-id=\"56484\" data-src=\"https:\/\/wp.1dfh.de\/wordpress\/wp-content\/gallery\/10-semi-scale-hubschraubermeeting-fmc-offenbach-13-08-2016\/offenbach16.jpg?t=1773519252\" data-thumbnail=\"https:\/\/wp.1dfh.de\/wordpress\/wp-content\/gallery\/10-semi-scale-hubschraubermeeting-fmc-offenbach-13-08-2016\/cache\/offenbach16.jpg-nggid0556484-ngg0dyn-100x100x100-00f0w010c011r110f110r010t010.jpg?t=1773519252\" data-title=\"10. Semi Scale Hubschraubermeeting FMC Offenbach 13.08.2016\" data-description=\"10. Semi Scale Hubschraubermeeting FMC Offenbach 13.08.2016\">\n\t\t\t<img title=\"10. Semi Scale Hubschraubermeeting FMC Offenbach 13.08.2016\"\n\t\t\t\talt=\"10. Semi Scale Hubschraubermeeting FMC Offenbach 13.08.2016\"\n\t\t\t\tdata-image-id=\"56484\"\n\t\t\t\tsrc=\"\"\/>\n\t\t<\/a>\n\t\t\t<a href=\"https:\/\/wp.1dfh.de\/wordpress\/wp-content\/gallery\/faszinatin-modellbau-karlsruhe-2010\/faszination-modellbau-karl10_0074.jpg?t=1773364975\"\n\t\t\ttitle=\" \"\n\t\t\t\t\t\t\t\t\t\t\t\t\t\t\t data-image-id=\"4680\" data-src=\"https:\/\/wp.1dfh.de\/wordpress\/wp-content\/gallery\/faszinatin-modellbau-karlsruhe-2010\/faszination-modellbau-karl10_0074.jpg?t=1773364975\" data-thumbnail=\"https:\/\/wp.1dfh.de\/wordpress\/wp-content\/gallery\/faszinatin-modellbau-karlsruhe-2010\/cache\/faszination-modellbau-karl10_0074.jpg-nggid044680-ngg0dyn-100x100x100-00f0w010c011r110f110r010t010.jpg?t=1773364975\" data-title=\"faszination-modellbau-karl10_0074\" data-description=\" \">\n\t\t\t<img title=\"faszination-modellbau-karl10_0074\"\n\t\t\t\talt=\"faszination-modellbau-karl10_0074\"\n\t\t\t\tdata-image-id=\"4680\"\n\t\t\t\tsrc=\"\"\/>\n\t\t<\/a>\n\t\t\t<a href=\"https:\/\/wp.1dfh.de\/wordpress\/wp-content\/gallery\/5-dmfv-scalesemi-scale-hubschrauber-meeting-flugmodellclub-offenbach-13-08-2011\/1dfh-offenbach-coll.jpg?t=1774382585\"\n\t\t\ttitle=\"Hubschrauber Meeting Flugmodellclub Offenbach\"\n\t\t\t\t\t\t\t\t\t\t\t\t\t\t\t data-image-id=\"13102\" data-src=\"https:\/\/wp.1dfh.de\/wordpress\/wp-content\/gallery\/5-dmfv-scalesemi-scale-hubschrauber-meeting-flugmodellclub-offenbach-13-08-2011\/1dfh-offenbach-coll.jpg?t=1774382585\" data-thumbnail=\"https:\/\/wp.1dfh.de\/wordpress\/wp-content\/gallery\/5-dmfv-scalesemi-scale-hubschrauber-meeting-flugmodellclub-offenbach-13-08-2011\/cache\/1dfh-offenbach-coll.jpg-nggid0513102-ngg0dyn-100x100x100-00f0w010c011r110f110r010t010.jpg?t=1774382585\" data-title=\"Hubschrauber Meeting Flugmodellclub Offenbach\" data-description=\"Hubschrauber Meeting Flugmodellclub Offenbach\">\n\t\t\t<img title=\"Hubschrauber Meeting Flugmodellclub Offenbach\"\n\t\t\t\talt=\"Hubschrauber Meeting Flugmodellclub Offenbach\"\n\t\t\t\tdata-image-id=\"13102\"\n\t\t\t\tsrc=\"\"\/>\n\t\t<\/a>\n\t\t\t<a href=\"https:\/\/wp.1dfh.de\/wordpress\/wp-content\/gallery\/40-jahre-dmfv-jubilaums-airmeeting-tussenhausen-mattsies-06-07-2012\/40jahredmfv.jpg?t=1773283762\"\n\t\t\ttitle=\"DMFV Jubil\u00e4ums-Airmeeting 06.07.2012\"\n\t\t\t\t\t\t\t\t\t\t\t\t\t\t\t data-image-id=\"18621\" data-src=\"https:\/\/wp.1dfh.de\/wordpress\/wp-content\/gallery\/40-jahre-dmfv-jubilaums-airmeeting-tussenhausen-mattsies-06-07-2012\/40jahredmfv.jpg?t=1773283762\" data-thumbnail=\"https:\/\/wp.1dfh.de\/wordpress\/wp-content\/gallery\/40-jahre-dmfv-jubilaums-airmeeting-tussenhausen-mattsies-06-07-2012\/cache\/40jahredmfv.jpg-nggid0518621-ngg0dyn-100x100x100-00f0w010c011r110f110r010t010.jpg?t=1773283762\" data-title=\"DMFV Jubil\u00e4ums-Airmeeting 06.07.2012\" data-description=\"DMFV Jubil\u00e4ums-Airmeeting 06.07.2012\">\n\t\t\t<img title=\"DMFV Jubil\u00e4ums-Airmeeting 06.07.2012\"\n\t\t\t\talt=\"DMFV Jubil\u00e4ums-Airmeeting 06.07.2012\"\n\t\t\t\tdata-image-id=\"18621\"\n\t\t\t\tsrc=\"\"\/>\n\t\t<\/a>\n\t\t\t<a href=\"https:\/\/wp.1dfh.de\/wordpress\/wp-content\/gallery\/40-jahre-dmfv-jubilaums-airmeeting-tussenhausen-mattsies-08-07-2012\/dmfv-jubilaeum.jpg?t=1773283753\"\n\t\t\ttitle=\"DMFV Jubil\u00e4ums-Airmeeting 08.07.2012\"\n\t\t\t\t\t\t\t\t\t\t\t\t\t\t\t data-image-id=\"18920\" data-src=\"https:\/\/wp.1dfh.de\/wordpress\/wp-content\/gallery\/40-jahre-dmfv-jubilaums-airmeeting-tussenhausen-mattsies-08-07-2012\/dmfv-jubilaeum.jpg?t=1773283753\" data-thumbnail=\"https:\/\/wp.1dfh.de\/wordpress\/wp-content\/gallery\/40-jahre-dmfv-jubilaums-airmeeting-tussenhausen-mattsies-08-07-2012\/cache\/dmfv-jubilaeum.jpg-nggid0518920-ngg0dyn-100x100x100-00f0w010c011r110f110r010t010.jpg?t=1773283753\" data-title=\"DMFV Jubil\u00e4ums-Airmeeting 08.07.2012\" data-description=\"DMFV Jubil\u00e4ums-Airmeeting 08.07.2012\">\n\t\t\t<img title=\"DMFV Jubil\u00e4ums-Airmeeting 08.07.2012\"\n\t\t\t\talt=\"DMFV Jubil\u00e4ums-Airmeeting 08.07.2012\"\n\t\t\t\tdata-image-id=\"18920\"\n\t\t\t\tsrc=\"\"\/>\n\t\t<\/a>\n\t\t\t<a href=\"https:\/\/wp.1dfh.de\/wordpress\/wp-content\/gallery\/40-jahre-dmfv-jubilaums-airmeeting-tussenhausen-mattsies-07-07-2012\/40jahredmfv1.jpg?t=1773283753\"\n\t\t\ttitle=\"DMFV Jubil\u00e4ums-Airmeeting 07.07.2012\"\n\t\t\t\t\t\t\t\t\t\t\t\t\t\t\t data-image-id=\"19269\" data-src=\"https:\/\/wp.1dfh.de\/wordpress\/wp-content\/gallery\/40-jahre-dmfv-jubilaums-airmeeting-tussenhausen-mattsies-07-07-2012\/40jahredmfv1.jpg?t=1773283753\" data-thumbnail=\"https:\/\/wp.1dfh.de\/wordpress\/wp-content\/gallery\/40-jahre-dmfv-jubilaums-airmeeting-tussenhausen-mattsies-07-07-2012\/cache\/40jahredmfv1.jpg-nggid0519269-ngg0dyn-100x100x100-00f0w010c011r110f110r010t010.jpg?t=1773283753\" data-title=\"DMFV Jubil\u00e4ums-Airmeeting 07.07.2012\" data-description=\"DMFV Jubil\u00e4ums-Airmeeting 07.07.2012\">\n\t\t\t<img title=\"DMFV Jubil\u00e4ums-Airmeeting 07.07.2012\"\n\t\t\t\talt=\"DMFV Jubil\u00e4ums-Airmeeting 07.07.2012\"\n\t\t\t\tdata-image-id=\"19269\"\n\t\t\t\tsrc=\"\"\/>\n\t\t<\/a>\n\t\t\t<a href=\"https:\/\/wp.1dfh.de\/wordpress\/wp-content\/gallery\/6-dmfv-scalesemi-scale-hubschrauber-meeting-flugmodellclub-offenbach-11-08-2012\/gute-offenbach.jpg?t=1773283753\"\n\t\t\ttitle=\"6. DMFV Scale\/Semi-Scale Hubschrauber Meeting Flugmodellclub Offenbach 11.08.2012\"\n\t\t\t\t\t\t\t\t\t\t\t\t\t\t\t data-image-id=\"19966\" data-src=\"https:\/\/wp.1dfh.de\/wordpress\/wp-content\/gallery\/6-dmfv-scalesemi-scale-hubschrauber-meeting-flugmodellclub-offenbach-11-08-2012\/gute-offenbach.jpg?t=1773283753\" data-thumbnail=\"https:\/\/wp.1dfh.de\/wordpress\/wp-content\/gallery\/6-dmfv-scalesemi-scale-hubschrauber-meeting-flugmodellclub-offenbach-11-08-2012\/cache\/gute-offenbach.jpg-nggid0519966-ngg0dyn-100x100x100-00f0w010c011r110f110r010t010.jpg?t=1773283753\" data-title=\"Hubschrauber Meeting Flugmodellclub Offenbach 11.08.2012\" data-description=\"6. DMFV Scale\/Semi-Scale Hubschrauber Meeting Flugmodellclub Offenbach 11.08.2012\">\n\t\t\t<img title=\"Hubschrauber Meeting Flugmodellclub Offenbach 11.08.2012\"\n\t\t\t\talt=\"Hubschrauber Meeting Flugmodellclub Offenbach 11.08.2012\"\n\t\t\t\tdata-image-id=\"19966\"\n\t\t\t\tsrc=\"\"\/>\n\t\t<\/a>\n\t<\/div>\n","protected":false},"excerpt":{"rendered":"<p>Sie ist bundesweit nicht nur die erste Modellbau-Messe im Jahr, sie hat sich seit vielen Jahren den Beinamen \u201edie Mitmach-Messe\u201c erworben: die \u201eFaszination Modellbau\u201c in Karlsruhe. Action f\u00fcr die Besucher ist Programm \u2013 sei es durch zuschauen und staunen oder durch eine aktive Bet\u00e4tigung. Vom 22.-25. M\u00e4rz 2012 \u00f6ffnet die \u201eFaszination Modellbau\u201c Ihre Tore. &nbsp; &hellip; <a href=\"https:\/\/wp.1dfh.de\/wordpress\/faszination-modellbau-karlsruhe-messe-karlsruhe-22-03-25-03-2012\/\" class=\"more-link\"><span class=\"screen-reader-text\">Faszination Modellbau Karlsruhe Messe Karlsruhe 22.03. &#8211; 25.03.2012<\/span> weiterlesen <span class=\"meta-nav\">&rarr;<\/span><\/a><\/p>\n","protected":false},"author":2,"featured_media":12943,"comment_status":"open","ping_status":"open","sticky":false,"template":"","format":"standard","meta":{"ngg_post_thumbnail":0,"footnotes":""},"categories":[15,18,9],"tags":[11128,7503,7504,11916,11212],"class_list":["post-18413","post","type-post","status-publish","format-standard","has-post-thumbnail","hentry","category-ausstellungen","category-flugveranstaltungen","category-termine","tag-dmfv","tag-ermasigter-eintritt","tag-ermasigung","tag-faszination-modellbau-karlsruhe","tag-messe-karlsruhe"],"_links":{"self":[{"href":"https:\/\/wp.1dfh.de\/wordpress\/wp-json\/wp\/v2\/posts\/18413","targetHints":{"allow":["GET"]}}],"collection":[{"href":"https:\/\/wp.1dfh.de\/wordpress\/wp-json\/wp\/v2\/posts"}],"about":[{"href":"https:\/\/wp.1dfh.de\/wordpress\/wp-json\/wp\/v2\/types\/post"}],"author":[{"embeddable":true,"href":"https:\/\/wp.1dfh.de\/wordpress\/wp-json\/wp\/v2\/users\/2"}],"replies":[{"embeddable":true,"href":"https:\/\/wp.1dfh.de\/wordpress\/wp-json\/wp\/v2\/comments?post=18413"}],"version-history":[{"count":0,"href":"https:\/\/wp.1dfh.de\/wordpress\/wp-json\/wp\/v2\/posts\/18413\/revisions"}],"wp:featuredmedia":[{"embeddable":true,"href":"https:\/\/wp.1dfh.de\/wordpress\/wp-json\/wp\/v2\/media\/12943"}],"wp:attachment":[{"href":"https:\/\/wp.1dfh.de\/wordpress\/wp-json\/wp\/v2\/media?parent=18413"}],"wp:term":[{"taxonomy":"category","embeddable":true,"href":"https:\/\/wp.1dfh.de\/wordpress\/wp-json\/wp\/v2\/categories?post=18413"},{"taxonomy":"post_tag","embeddable":true,"href":"https:\/\/wp.1dfh.de\/wordpress\/wp-json\/wp\/v2\/tags?post=18413"}],"curies":[{"name":"wp","href":"https:\/\/api.w.org\/{rel}","templated":true}]}}