{"id":18827,"date":"2012-03-22T15:29:19","date_gmt":"2012-03-22T14:29:19","guid":{"rendered":"http:\/\/wp.1dfh.de\/wordpress\/?p=18827"},"modified":"2012-03-22T15:29:19","modified_gmt":"2012-03-22T14:29:19","slug":"servustv-aus-dem-leben-die-reportage-23-03-2012","status":"publish","type":"post","link":"https:\/\/wp.1dfh.de\/wordpress\/servustv-aus-dem-leben-die-reportage-23-03-2012\/","title":{"rendered":"ServusTV: Aus dem Leben &#8211; Die Reportage 23.03.2012"},"content":{"rendered":"<figure id=\"attachment_9332\" aria-describedby=\"caption-attachment-9332\" style=\"width: 300px\" class=\"wp-caption alignright\"><strong><a href=\"http:\/\/www.servustv.com\" target=\"_blank\"><img loading=\"lazy\" decoding=\"async\" class=\"size-medium wp-image-9332  \" title=\"ServusTV\" src=\"http:\/\/wp.1dfh.de\/wordpress\/wp-content\/uploads\/logo_servustv_grey_S_better_claim-300x57.png\" alt=\"ServusTV\" width=\"300\" height=\"57\" srcset=\"https:\/\/wp.1dfh.de\/wordpress\/wp-content\/uploads\/logo_servustv_grey_S_better_claim-300x57.png 300w, https:\/\/wp.1dfh.de\/wordpress\/wp-content\/uploads\/logo_servustv_grey_S_better_claim-150x28.png 150w, https:\/\/wp.1dfh.de\/wordpress\/wp-content\/uploads\/logo_servustv_grey_S_better_claim.png 363w\" sizes=\"auto, (max-width: 300px) 100vw, 300px\" \/><\/a><\/strong><figcaption id=\"caption-attachment-9332\" class=\"wp-caption-text\">ServusTV<\/figcaption><\/figure>\n<h1>Aus dem Leben &#8211; Die Reportage<\/h1>\n<ul>\n<li><strong>Piloten am Limit &#8211; Abenteuer Alpenflug<\/strong><\/li>\n<li>Freitag | 23.03.12 | 21:15 Uhr<\/li>\n<li>Reportage, AT 2010<\/li>\n<li>Resolution:HD<\/li>\n<li>Sound type:Stereo<\/li>\n<\/ul>\n<div>\n<p>Warum fliegen in den Alpen, besonders f\u00fcr Piloten kleiner Maschinen, stets eine Herausforderung ist.<\/p>\n<div id=\"RBPlayer\">Wer in den Alpen fliegen will, braucht Mut, ein wenig Gl\u00fcck beim Wetter und vor allen Dingen eine gute Ausbildung. Denn nirgendwo sonst in Europa gibt es so viele Wetterph\u00e4nomene, die an das F\u00fchren eines Flugzeuges derart viele Anspr\u00fcche stellen, wie in den Alpen. ServusTV unterwegs mit Pilotensch\u00fclern und Alpenexperten &#8211; in einer der fliegerisch anspruchsvollsten Gegenden unserer Erde.<\/div>\n<h4>Besetzung<\/h4>\n<ul>\n<li>Alexandre Combes &#8211; Protagonist<\/li>\n<li>Gerard Davide &#8211; Protagonist<\/li>\n<li>Hans Pallaske &#8211; Protagonist<\/li>\n<li>Humberto Schenk &#8211; Protagonist<\/li>\n<\/ul>\n<\/div>\n<div class=\"ngg-related-gallery\">\n\t\t\t<a href=\"https:\/\/wp.1dfh.de\/wordpress\/wp-content\/gallery\/red-bull-stratos\/30-p-20120424-00013_news.jpg?t=1773355192\"\n\t\t\ttitle=\"Technical Director Art Thompson of the United States, pilot Felix Baumgartner of Austria and USAF Colonel Joe Kittinger (Retired) of the United States and seen at the Servus TV live show Sport and Talk in Salzburg in Salzburg, Austria on April 23, 2012. \/\/ J\u00c3\u00b6rg Mitter\/Red Bull Content Pool \/\/ P-20120424-00013 \/\/ Usage for editorial use only \/\/ Please go to www.redbullcontentpool.com for further information. \/\/\"\n\t\t\t\t\t\t\t\t\t\t\t\t\t\t\t data-image-id=\"15973\" data-src=\"https:\/\/wp.1dfh.de\/wordpress\/wp-content\/gallery\/red-bull-stratos\/30-p-20120424-00013_news.jpg?t=1773355192\" data-thumbnail=\"https:\/\/wp.1dfh.de\/wordpress\/wp-content\/gallery\/red-bull-stratos\/cache\/30-p-20120424-00013_news.jpg-nggid0515973-ngg0dyn-100x100x100-00f0w010c011r110f110r010t010.jpg?t=1773355192\" data-title=\"30-p-20120424-00013_news\" data-description=\"Technical Director Art Thompson of the United States, pilot Felix Baumgartner of Austria and USAF Colonel Joe Kittinger (Retired) of the United States and seen at the Servus TV live show Sport and Talk in Salzburg in Salzburg, Austria on April 23, 2012. \/\/ J\u00c3\u00b6rg Mitter\/Red Bull Content Pool \/\/ P-20120424-00013 \/\/ Usage for editorial use only \/\/ Please go to www.redbullcontentpool.com for further information. \/\/\">\n\t\t\t<img title=\"30-p-20120424-00013_news\"\n\t\t\t\talt=\"30-p-20120424-00013_news\"\n\t\t\t\tdata-image-id=\"15973\"\n\t\t\t\tsrc=\"\"\/>\n\t\t<\/a>\n\t<\/div>\n","protected":false},"excerpt":{"rendered":"<p>Aus dem Leben &#8211; Die Reportage Piloten am Limit &#8211; Abenteuer Alpenflug Freitag | 23.03.12 | 21:15 Uhr Reportage, AT 2010 Resolution:HD Sound type:Stereo Warum fliegen in den Alpen, besonders f\u00fcr Piloten kleiner Maschinen, stets eine Herausforderung ist. Wer in den Alpen fliegen will, braucht Mut, ein wenig Gl\u00fcck beim Wetter und vor allen Dingen &hellip; <a href=\"https:\/\/wp.1dfh.de\/wordpress\/servustv-aus-dem-leben-die-reportage-23-03-2012\/\" class=\"more-link\"><span class=\"screen-reader-text\">ServusTV: Aus dem Leben &#8211; Die Reportage 23.03.2012<\/span> weiterlesen <span class=\"meta-nav\">&rarr;<\/span><\/a><\/p>\n","protected":false},"author":2,"featured_media":0,"comment_status":"open","ping_status":"open","sticky":false,"template":"","format":"standard","meta":{"ngg_post_thumbnail":0,"footnotes":""},"categories":[9,10],"tags":[7611,7612,7610,11861],"class_list":["post-18827","post","type-post","status-publish","format-standard","hentry","category-termine","category-tv-sendungen","tag-abenteuer-alpenflug","tag-alpenflug","tag-piloten-am-limit","tag-servustv"],"_links":{"self":[{"href":"https:\/\/wp.1dfh.de\/wordpress\/wp-json\/wp\/v2\/posts\/18827","targetHints":{"allow":["GET"]}}],"collection":[{"href":"https:\/\/wp.1dfh.de\/wordpress\/wp-json\/wp\/v2\/posts"}],"about":[{"href":"https:\/\/wp.1dfh.de\/wordpress\/wp-json\/wp\/v2\/types\/post"}],"author":[{"embeddable":true,"href":"https:\/\/wp.1dfh.de\/wordpress\/wp-json\/wp\/v2\/users\/2"}],"replies":[{"embeddable":true,"href":"https:\/\/wp.1dfh.de\/wordpress\/wp-json\/wp\/v2\/comments?post=18827"}],"version-history":[{"count":0,"href":"https:\/\/wp.1dfh.de\/wordpress\/wp-json\/wp\/v2\/posts\/18827\/revisions"}],"wp:attachment":[{"href":"https:\/\/wp.1dfh.de\/wordpress\/wp-json\/wp\/v2\/media?parent=18827"}],"wp:term":[{"taxonomy":"category","embeddable":true,"href":"https:\/\/wp.1dfh.de\/wordpress\/wp-json\/wp\/v2\/categories?post=18827"},{"taxonomy":"post_tag","embeddable":true,"href":"https:\/\/wp.1dfh.de\/wordpress\/wp-json\/wp\/v2\/tags?post=18827"}],"curies":[{"name":"wp","href":"https:\/\/api.w.org\/{rel}","templated":true}]}}