{"id":19039,"date":"2012-04-18T09:59:11","date_gmt":"2012-04-18T07:59:11","guid":{"rendered":"http:\/\/wp.1dfh.de\/wordpress\/?p=19039"},"modified":"2012-04-18T09:59:11","modified_gmt":"2012-04-18T07:59:11","slug":"flugplatzfest-flugplatz-altdorf-wallburg-01-09-02-09-2012","status":"publish","type":"post","link":"https:\/\/wp.1dfh.de\/wordpress\/flugplatzfest-flugplatz-altdorf-wallburg-01-09-02-09-2012\/","title":{"rendered":"Flugplatzfest Flugplatz Altdorf-Wallburg 01.09. &#8211; 02.09.2012"},"content":{"rendered":"<figure id=\"attachment_19040\" aria-describedby=\"caption-attachment-19040\" style=\"width: 180px\" class=\"wp-caption alignright\"><a href=\"http:\/\/www.flugplatz-altdorf.de\" target=\"_blank\"><img loading=\"lazy\" decoding=\"async\" class=\"size-full wp-image-19040\" title=\"Fliegergruppe Lahr-Ettenheim e.V.\" src=\"http:\/\/wp.1dfh.de\/wordpress\/wp-content\/uploads\/logo_flg1.jpg\" alt=\"Fliegergruppe Lahr-Ettenheim e.V.\" width=\"180\" height=\"44\" srcset=\"https:\/\/wp.1dfh.de\/wordpress\/wp-content\/uploads\/logo_flg1.jpg 180w, https:\/\/wp.1dfh.de\/wordpress\/wp-content\/uploads\/logo_flg1-150x36.jpg 150w\" sizes=\"auto, (max-width: 180px) 100vw, 180px\" \/><\/a><figcaption id=\"caption-attachment-19040\" class=\"wp-caption-text\">Fliegergruppe Lahr-Ettenheim e.V.<\/figcaption><\/figure>\n<h3><strong>Los gehts am Samstag mit Modellflug vom Feinsten.<\/strong><\/h3>\n<p>Modellflug-Chefkoordinator Udo Peter verspricht ein Programm, das es in sich haben wird.<br \/>\nJets, Kunstflug, Formationen, Hubschrauber &#8211; nichts wird in Altdorf fehlen.<br \/>\nNach Einbruch der Dunkelheit wird es ein tolles Nachtflugprogramm mit anschlie\u00dfendem Feuerwerk geben. Musikalisch gehts mit der bekannten Formation Deyda &amp; Lehmann in den Abend. Lassen Sie sich von zwei Gitarren und zwei Stimmen verzaubern. Genie\u00dfen Sie dazu ein Gl\u00e4schen Aperol oder ein k\u00fchles Bier.<\/p>\n<h3><strong>Himmel atmen in allen Variationen &#8211; am Sonntag sind dann die Kollegen der Gro\u00dffliegerei am Start.<\/strong><\/h3>\n<p>Kunstflieger, Fallschirmspringer , Modellflieger als Jet, Doppeldecker oder Hubschrauber, erleben Sie die Fliegerein in allen Facetten. Faszination pur. Angek\u00fcndigt hat sich u.a. Uli Schell, der mit seiner Pitts die Gesetze der Schwerkraft aufzuheben scheint.<\/p>\n<p>An beiden Tagen ist der Eintritt kostenlos. Leckeres vom Grill und eine grandiose Kuchentheke sorgen daf\u00fcr, dass niemand hungrig bleiben wird.<\/p>\n<div class=\"ngg-related-gallery\">\n\t\t\t<a href=\"https:\/\/wp.1dfh.de\/wordpress\/wp-content\/gallery\/rossfeld2006\/IMG_4100.jpg?t=1773332326\"\n\t\t\ttitle=\"Uli Schell, Pitts S1\"\n\t\t\t\t\t\t\t\t\t\t\t\t\t\t\t data-image-id=\"1647\" data-src=\"https:\/\/wp.1dfh.de\/wordpress\/wp-content\/gallery\/rossfeld2006\/IMG_4100.jpg?t=1773332326\" data-thumbnail=\"https:\/\/wp.1dfh.de\/wordpress\/wp-content\/gallery\/rossfeld2006\/cache\/IMG_4100.jpg-nggid041647-ngg0dyn-100x100x100-00f0w010c011r110f110r010t010.jpg?t=1773332326\" data-title=\"IMG_4100\" data-description=\"Uli Schell, Pitts S1\">\n\t\t\t<img title=\"IMG_4100\"\n\t\t\t\talt=\"IMG_4100\"\n\t\t\t\tdata-image-id=\"1647\"\n\t\t\t\tsrc=\"\"\/>\n\t\t<\/a>\n\t\t\t<a href=\"https:\/\/wp.1dfh.de\/wordpress\/wp-content\/gallery\/hubschraubereinsatz-georgenberg\/1dfh-georgenberg-180809-039.jpg?t=1770670104\"\n\t\t\ttitle=\" \"\n\t\t\t\t\t\t\t\t\t\t\t\t\t\t\t data-image-id=\"2132\" data-src=\"https:\/\/wp.1dfh.de\/wordpress\/wp-content\/gallery\/hubschraubereinsatz-georgenberg\/1dfh-georgenberg-180809-039.jpg?t=1770670104\" data-thumbnail=\"https:\/\/wp.1dfh.de\/wordpress\/wp-content\/gallery\/hubschraubereinsatz-georgenberg\/cache\/1dfh-georgenberg-180809-039.jpg-nggid042132-ngg0dyn-100x100x100-00f0w010c011r110f110r010t010.jpg?t=1770670104\" data-title=\"1dfh-georgenberg-180809-039\" data-description=\" \">\n\t\t\t<img title=\"1dfh-georgenberg-180809-039\"\n\t\t\t\talt=\"1dfh-georgenberg-180809-039\"\n\t\t\t\tdata-image-id=\"2132\"\n\t\t\t\tsrc=\"\"\/>\n\t\t<\/a>\n\t\t\t<a href=\"https:\/\/wp.1dfh.de\/wordpress\/wp-content\/gallery\/flugplatzfest-degerfeld-2009\/1dfh-degerfeld-290809-024.jpg?t=1770668311\"\n\t\t\ttitle=\" \"\n\t\t\t\t\t\t\t\t\t\t\t\t\t\t\t data-image-id=\"2421\" data-src=\"https:\/\/wp.1dfh.de\/wordpress\/wp-content\/gallery\/flugplatzfest-degerfeld-2009\/1dfh-degerfeld-290809-024.jpg?t=1770668311\" data-thumbnail=\"https:\/\/wp.1dfh.de\/wordpress\/wp-content\/gallery\/flugplatzfest-degerfeld-2009\/cache\/1dfh-degerfeld-290809-024.jpg-nggid042421-ngg0dyn-100x100x100-00f0w010c011r110f110r010t010.jpg?t=1770668311\" data-title=\"1dfh-degerfeld-290809-024\" data-description=\" \">\n\t\t\t<img title=\"1dfh-degerfeld-290809-024\"\n\t\t\t\talt=\"1dfh-degerfeld-290809-024\"\n\t\t\t\tdata-image-id=\"2421\"\n\t\t\t\tsrc=\"\"\/>\n\t\t<\/a>\n\t\t\t<a href=\"https:\/\/wp.1dfh.de\/wordpress\/wp-content\/gallery\/flugplatzfest-illertissen-19-06-2011\/illertissen11.jpg?t=1773396784\"\n\t\t\ttitle=\"Collage\"\n\t\t\t\t\t\t\t\t\t\t\t\t\t\t\t data-image-id=\"12140\" data-src=\"https:\/\/wp.1dfh.de\/wordpress\/wp-content\/gallery\/flugplatzfest-illertissen-19-06-2011\/illertissen11.jpg?t=1773396784\" data-thumbnail=\"https:\/\/wp.1dfh.de\/wordpress\/wp-content\/gallery\/flugplatzfest-illertissen-19-06-2011\/cache\/illertissen11.jpg-nggid0512140-ngg0dyn-100x100x100-00f0w010c011r110f110r010t010.jpg?t=1773396784\" data-title=\"Flugplatzfest Illertissen 19.06.2011\" data-description=\"Collage\">\n\t\t\t<img title=\"Flugplatzfest Illertissen 19.06.2011\"\n\t\t\t\talt=\"Flugplatzfest Illertissen 19.06.2011\"\n\t\t\t\tdata-image-id=\"12140\"\n\t\t\t\tsrc=\"\"\/>\n\t\t<\/a>\n\t\t\t<a href=\"https:\/\/wp.1dfh.de\/wordpress\/wp-content\/gallery\/flugplatzfest-illertissen-19-06-2011\/cg-illertissen-dsc01172.jpg?t=1773396784\"\n\t\t\ttitle=\"Foto: Colin Gminder\"\n\t\t\t\t\t\t\t\t\t\t\t\t\t\t\t data-image-id=\"12141\" data-src=\"https:\/\/wp.1dfh.de\/wordpress\/wp-content\/gallery\/flugplatzfest-illertissen-19-06-2011\/cg-illertissen-dsc01172.jpg?t=1773396784\" data-thumbnail=\"https:\/\/wp.1dfh.de\/wordpress\/wp-content\/gallery\/flugplatzfest-illertissen-19-06-2011\/cache\/cg-illertissen-dsc01172.jpg-nggid0512141-ngg0dyn-100x100x100-00f0w010c011r110f110r010t010.jpg?t=1773396784\" data-title=\"Flugplatzfest Illertissen 19.06.2011\" data-description=\"Foto: Colin Gminder\">\n\t\t\t<img title=\"Flugplatzfest Illertissen 19.06.2011\"\n\t\t\t\talt=\"Flugplatzfest Illertissen 19.06.2011\"\n\t\t\t\tdata-image-id=\"12141\"\n\t\t\t\tsrc=\"\"\/>\n\t\t<\/a>\n\t\t\t<a href=\"https:\/\/wp.1dfh.de\/wordpress\/wp-content\/gallery\/flugplatzfest-illertissen-19-06-2011\/lg_illertissen-dsc_0211.jpg?t=1773396784\"\n\t\t\ttitle=\"Foto: Lisa Gminder\"\n\t\t\t\t\t\t\t\t\t\t\t\t\t\t\t data-image-id=\"12142\" data-src=\"https:\/\/wp.1dfh.de\/wordpress\/wp-content\/gallery\/flugplatzfest-illertissen-19-06-2011\/lg_illertissen-dsc_0211.jpg?t=1773396784\" data-thumbnail=\"https:\/\/wp.1dfh.de\/wordpress\/wp-content\/gallery\/flugplatzfest-illertissen-19-06-2011\/cache\/lg_illertissen-dsc_0211.jpg-nggid0512142-ngg0dyn-100x100x100-00f0w010c011r110f110r010t010.jpg?t=1773396784\" data-title=\"Flugplatzfest Illertissen 19.06.2011\" data-description=\"Foto: Lisa Gminder\">\n\t\t\t<img title=\"Flugplatzfest Illertissen 19.06.2011\"\n\t\t\t\talt=\"Flugplatzfest Illertissen 19.06.2011\"\n\t\t\t\tdata-image-id=\"12142\"\n\t\t\t\tsrc=\"\"\/>\n\t\t<\/a>\n\t\t\t<a href=\"https:\/\/wp.1dfh.de\/wordpress\/wp-content\/gallery\/flugplatzfest-illertissen-19-06-2011\/dsc00861.jpg?t=1773396784\"\n\t\t\ttitle=\"Foto: Colin Gminder\"\n\t\t\t\t\t\t\t\t\t\t\t\t\t\t\t data-image-id=\"12149\" data-src=\"https:\/\/wp.1dfh.de\/wordpress\/wp-content\/gallery\/flugplatzfest-illertissen-19-06-2011\/dsc00861.jpg?t=1773396784\" data-thumbnail=\"https:\/\/wp.1dfh.de\/wordpress\/wp-content\/gallery\/flugplatzfest-illertissen-19-06-2011\/cache\/dsc00861.jpg-nggid0512149-ngg0dyn-100x100x100-00f0w010c011r110f110r010t010.jpg?t=1773396784\" data-title=\"Flugplatzfest Illertissen 19.06.2011\" data-description=\"Foto: Colin Gminder\">\n\t\t\t<img title=\"Flugplatzfest Illertissen 19.06.2011\"\n\t\t\t\talt=\"Flugplatzfest Illertissen 19.06.2011\"\n\t\t\t\tdata-image-id=\"12149\"\n\t\t\t\tsrc=\"\"\/>\n\t\t<\/a>\n\t<\/div>\n","protected":false},"excerpt":{"rendered":"<p>Los gehts am Samstag mit Modellflug vom Feinsten. Modellflug-Chefkoordinator Udo Peter verspricht ein Programm, das es in sich haben wird. Jets, Kunstflug, Formationen, Hubschrauber &#8211; nichts wird in Altdorf fehlen. Nach Einbruch der Dunkelheit wird es ein tolles Nachtflugprogramm mit anschlie\u00dfendem Feuerwerk geben. Musikalisch gehts mit der bekannten Formation Deyda &amp; Lehmann in den Abend. &hellip; <a href=\"https:\/\/wp.1dfh.de\/wordpress\/flugplatzfest-flugplatz-altdorf-wallburg-01-09-02-09-2012\/\" class=\"more-link\"><span class=\"screen-reader-text\">Flugplatzfest Flugplatz Altdorf-Wallburg 01.09. &#8211; 02.09.2012<\/span> weiterlesen <span class=\"meta-nav\">&rarr;<\/span><\/a><\/p>\n","protected":false},"author":2,"featured_media":19040,"comment_status":"open","ping_status":"open","sticky":false,"template":"","format":"standard","meta":{"ngg_post_thumbnail":0,"footnotes":""},"categories":[18,9],"tags":[12102,11328,11147,11181,6097,11218,11371],"class_list":["post-19039","post","type-post","status-publish","format-standard","has-post-thumbnail","hentry","category-flugveranstaltungen","category-termine","tag-doppeldecker","tag-fallschirmspringer","tag-flugplatzfest","tag-hubschraubermodell","tag-kunstflieger","tag-modellflug","tag-uli-schell"],"_links":{"self":[{"href":"https:\/\/wp.1dfh.de\/wordpress\/wp-json\/wp\/v2\/posts\/19039","targetHints":{"allow":["GET"]}}],"collection":[{"href":"https:\/\/wp.1dfh.de\/wordpress\/wp-json\/wp\/v2\/posts"}],"about":[{"href":"https:\/\/wp.1dfh.de\/wordpress\/wp-json\/wp\/v2\/types\/post"}],"author":[{"embeddable":true,"href":"https:\/\/wp.1dfh.de\/wordpress\/wp-json\/wp\/v2\/users\/2"}],"replies":[{"embeddable":true,"href":"https:\/\/wp.1dfh.de\/wordpress\/wp-json\/wp\/v2\/comments?post=19039"}],"version-history":[{"count":0,"href":"https:\/\/wp.1dfh.de\/wordpress\/wp-json\/wp\/v2\/posts\/19039\/revisions"}],"wp:featuredmedia":[{"embeddable":true,"href":"https:\/\/wp.1dfh.de\/wordpress\/wp-json\/wp\/v2\/media\/19040"}],"wp:attachment":[{"href":"https:\/\/wp.1dfh.de\/wordpress\/wp-json\/wp\/v2\/media?parent=19039"}],"wp:term":[{"taxonomy":"category","embeddable":true,"href":"https:\/\/wp.1dfh.de\/wordpress\/wp-json\/wp\/v2\/categories?post=19039"},{"taxonomy":"post_tag","embeddable":true,"href":"https:\/\/wp.1dfh.de\/wordpress\/wp-json\/wp\/v2\/tags?post=19039"}],"curies":[{"name":"wp","href":"https:\/\/api.w.org\/{rel}","templated":true}]}}