{"id":19594,"date":"2013-05-29T11:00:21","date_gmt":"2013-05-29T09:00:21","guid":{"rendered":"http:\/\/wp.1dfh.de\/wordpress\/?p=19594"},"modified":"2013-05-31T14:25:52","modified_gmt":"2013-05-31T12:25:52","slug":"kehler-flugtage-30-05-02-06-2013","status":"publish","type":"post","link":"https:\/\/wp.1dfh.de\/wordpress\/kehler-flugtage-30-05-02-06-2013\/","title":{"rendered":"Kehler Flugtage 30.05. &#8211; 02.06.2013"},"content":{"rendered":"<figure id=\"attachment_22807\" aria-describedby=\"caption-attachment-22807\" style=\"width: 420px\" class=\"wp-caption alignright\"><a href=\"http:\/\/kehler-flugtage.de\/\" target=\"_blank\"><img loading=\"lazy\" decoding=\"async\" class=\"size-full wp-image-22807 \" alt=\"Kehler Flugtage 2013\" src=\"http:\/\/wp.1dfh.de\/wordpress\/wp-content\/uploads\/plakat_201311.jpg\" width=\"420\" height=\"592\" srcset=\"https:\/\/wp.1dfh.de\/wordpress\/wp-content\/uploads\/plakat_201311.jpg 420w, https:\/\/wp.1dfh.de\/wordpress\/wp-content\/uploads\/plakat_201311-212x300.jpg 212w, https:\/\/wp.1dfh.de\/wordpress\/wp-content\/uploads\/plakat_201311-106x150.jpg 106w, https:\/\/wp.1dfh.de\/wordpress\/wp-content\/uploads\/plakat_201311-400x563.jpg 400w\" sizes=\"auto, (max-width: 420px) 100vw, 420px\" \/><\/a><figcaption id=\"caption-attachment-22807\" class=\"wp-caption-text\">Kehler Flugtage 2013<\/figcaption><\/figure>\n<div><strong>Aktuell 29.05.2013<\/strong><\/div>\n<div><\/div>\n<div>Liebe Besucher und Freunde der Kehler Flugtage,<\/div>\n<div><\/div>\n<div><strong>auf Grund der schwierigen Wetteraussichten<\/strong> wird es Samstag und Sonntag nur ein verk\u00fcrztes Flugprogramm ab 14.00 Uhr stattfinden.<\/div>\n<div>Aktuell sind geplant: <strong>Motorkunstflug Marc Mathis (Sa.+So.)<\/strong>, Vorf\u00fchrung Oldtimerhubschrauber Bell 47G (Sa.+So.),<strong>Bundeswehrhubschrauber der Marine mit Windenbergung (So.)<\/strong>, Fallschirmabspr\u00fcnge und Modellflugvorf\u00fchrungen. Ballonstarts sind ebenfalls geplant!<\/div>\n<div>Rundfl\u00fcge werden Samstag und Sonntag mit einem Hubschrauber ganzt\u00e4gig m\u00f6glich sein!<\/div>\n<div>Samstag abend wird es eine <strong>Modellnachtflugshow<\/strong> zur Musik (<strong>Ballongl\u00fchen findet nicht statt!<\/strong>) und im Anschluss die <strong>Live-Band &#8222;Witchhouse&#8220; <\/strong>pr\u00e4sentiert.<\/div>\n<div>Sonntag vormittag 10.30 Uhr <strong>Feldgottesdienst mit M\u00e4nnerchor,<\/strong> nachmittags Flugprogramm und Hubschrauberrundfl\u00fcge!<\/div>\n<div><\/div>\n<div>Wir w\u00fcnschen allen Besuchern einen sch\u00f6nen Aufenthalt bei uns.<\/div>\n<div>Schauen Sie doch einfach mal vorbei!<\/div>\n<div><\/div>\n<div>Ihre Kehler Flieger<\/div>\n<p>[gmap]<\/p>\n<div class=\"ngg-related-gallery\">\n\t\t\t<a href=\"https:\/\/wp.1dfh.de\/wordpress\/wp-content\/gallery\/kehl09\/1dfh-kehl09_0034.JPG\"\n\t\t\ttitle=\" \"\n\t\t\t\t\t\t\t\t\t\t\t\t\t\t\t data-image-id=\"740\" data-src=\"https:\/\/wp.1dfh.de\/wordpress\/wp-content\/gallery\/kehl09\/1dfh-kehl09_0034.JPG\" data-thumbnail=\"https:\/\/wp.1dfh.de\/wordpress\/nextgen-image\/740\/100x100x100\/crop\/08f39f7f972b988def87d7610c095734\" data-title=\"1dfh-kehl09_0034\" data-description=\" \">\n\t\t\t<img title=\"1dfh-kehl09_0034\"\n\t\t\t\talt=\"1dfh-kehl09_0034\"\n\t\t\t\tdata-image-id=\"740\"\n\t\t\t\tsrc=\"\"\/>\n\t\t<\/a>\n\t\t\t<a href=\"https:\/\/wp.1dfh.de\/wordpress\/wp-content\/gallery\/kehl09\/1dfh-kehl09_0035.JPG\"\n\t\t\ttitle=\" \"\n\t\t\t\t\t\t\t\t\t\t\t\t\t\t\t data-image-id=\"741\" data-src=\"https:\/\/wp.1dfh.de\/wordpress\/wp-content\/gallery\/kehl09\/1dfh-kehl09_0035.JPG\" data-thumbnail=\"https:\/\/wp.1dfh.de\/wordpress\/nextgen-image\/741\/100x100x100\/crop\/ae542be65bd5badd83429b469bdfd12f\" data-title=\"1dfh-kehl09_0035\" data-description=\" \">\n\t\t\t<img title=\"1dfh-kehl09_0035\"\n\t\t\t\talt=\"1dfh-kehl09_0035\"\n\t\t\t\tdata-image-id=\"741\"\n\t\t\t\tsrc=\"\"\/>\n\t\t<\/a>\n\t\t\t<a href=\"https:\/\/wp.1dfh.de\/wordpress\/wp-content\/gallery\/kehl09\/1dfh-kehl09_0036.JPG\"\n\t\t\ttitle=\" \"\n\t\t\t\t\t\t\t\t\t\t\t\t\t\t\t data-image-id=\"742\" data-src=\"https:\/\/wp.1dfh.de\/wordpress\/wp-content\/gallery\/kehl09\/1dfh-kehl09_0036.JPG\" data-thumbnail=\"https:\/\/wp.1dfh.de\/wordpress\/nextgen-image\/742\/100x100x100\/crop\/594516a21a611305382baed40d08611e\" data-title=\"1dfh-kehl09_0036\" data-description=\" \">\n\t\t\t<img title=\"1dfh-kehl09_0036\"\n\t\t\t\talt=\"1dfh-kehl09_0036\"\n\t\t\t\tdata-image-id=\"742\"\n\t\t\t\tsrc=\"\"\/>\n\t\t<\/a>\n\t\t\t<a href=\"https:\/\/wp.1dfh.de\/wordpress\/wp-content\/gallery\/kehl09\/1dfh-kehl09_0037.JPG\"\n\t\t\ttitle=\" \"\n\t\t\t\t\t\t\t\t\t\t\t\t\t\t\t data-image-id=\"743\" data-src=\"https:\/\/wp.1dfh.de\/wordpress\/wp-content\/gallery\/kehl09\/1dfh-kehl09_0037.JPG\" data-thumbnail=\"https:\/\/wp.1dfh.de\/wordpress\/nextgen-image\/743\/100x100x100\/crop\/40a037e15e0f36e859f0bf65f6275b5c\" data-title=\"1dfh-kehl09_0037\" data-description=\" \">\n\t\t\t<img title=\"1dfh-kehl09_0037\"\n\t\t\t\talt=\"1dfh-kehl09_0037\"\n\t\t\t\tdata-image-id=\"743\"\n\t\t\t\tsrc=\"\"\/>\n\t\t<\/a>\n\t\t\t<a href=\"https:\/\/wp.1dfh.de\/wordpress\/wp-content\/gallery\/kehl09\/1dfh-kehl09_0038.JPG\"\n\t\t\ttitle=\" \"\n\t\t\t\t\t\t\t\t\t\t\t\t\t\t\t data-image-id=\"744\" data-src=\"https:\/\/wp.1dfh.de\/wordpress\/wp-content\/gallery\/kehl09\/1dfh-kehl09_0038.JPG\" data-thumbnail=\"https:\/\/wp.1dfh.de\/wordpress\/nextgen-image\/744\/100x100x100\/crop\/0a5bfcc6bf328d8c826acaa9bef37008\" data-title=\"1dfh-kehl09_0038\" data-description=\" \">\n\t\t\t<img title=\"1dfh-kehl09_0038\"\n\t\t\t\talt=\"1dfh-kehl09_0038\"\n\t\t\t\tdata-image-id=\"744\"\n\t\t\t\tsrc=\"\"\/>\n\t\t<\/a>\n\t\t\t<a href=\"https:\/\/wp.1dfh.de\/wordpress\/wp-content\/gallery\/kehl09\/1dfh-kehl09_0039.JPG\"\n\t\t\ttitle=\" \"\n\t\t\t\t\t\t\t\t\t\t\t\t\t\t\t data-image-id=\"745\" data-src=\"https:\/\/wp.1dfh.de\/wordpress\/wp-content\/gallery\/kehl09\/1dfh-kehl09_0039.JPG\" data-thumbnail=\"https:\/\/wp.1dfh.de\/wordpress\/nextgen-image\/745\/100x100x100\/crop\/e9ab1c5d09928a4d366ace0539cc0603\" data-title=\"1dfh-kehl09_0039\" data-description=\" \">\n\t\t\t<img title=\"1dfh-kehl09_0039\"\n\t\t\t\talt=\"1dfh-kehl09_0039\"\n\t\t\t\tdata-image-id=\"745\"\n\t\t\t\tsrc=\"\"\/>\n\t\t<\/a>\n\t\t\t<a href=\"https:\/\/wp.1dfh.de\/wordpress\/wp-content\/gallery\/kehl09\/1dfh-kehl09_0040.JPG\"\n\t\t\ttitle=\" \"\n\t\t\t\t\t\t\t\t\t\t\t\t\t\t\t data-image-id=\"746\" data-src=\"https:\/\/wp.1dfh.de\/wordpress\/wp-content\/gallery\/kehl09\/1dfh-kehl09_0040.JPG\" data-thumbnail=\"https:\/\/wp.1dfh.de\/wordpress\/nextgen-image\/746\/100x100x100\/crop\/717a1061f22f0a0c279f543931f2a11b\" data-title=\"1dfh-kehl09_0040\" data-description=\" \">\n\t\t\t<img title=\"1dfh-kehl09_0040\"\n\t\t\t\talt=\"1dfh-kehl09_0040\"\n\t\t\t\tdata-image-id=\"746\"\n\t\t\t\tsrc=\"\"\/>\n\t\t<\/a>\n\t<\/div>\n","protected":false},"excerpt":{"rendered":"<p>Aktuell 29.05.2013 Liebe Besucher und Freunde der Kehler Flugtage, auf Grund der schwierigen Wetteraussichten wird es Samstag und Sonntag nur ein verk\u00fcrztes Flugprogramm ab 14.00 Uhr stattfinden. Aktuell sind geplant: Motorkunstflug Marc Mathis (Sa.+So.), Vorf\u00fchrung Oldtimerhubschrauber Bell 47G (Sa.+So.),Bundeswehrhubschrauber der Marine mit Windenbergung (So.), Fallschirmabspr\u00fcnge und Modellflugvorf\u00fchrungen. Ballonstarts sind ebenfalls geplant! Rundfl\u00fcge werden Samstag und &hellip; <a href=\"https:\/\/wp.1dfh.de\/wordpress\/kehler-flugtage-30-05-02-06-2013\/\" class=\"more-link\"><span class=\"screen-reader-text\">Kehler Flugtage 30.05. &#8211; 02.06.2013<\/span> weiterlesen <span class=\"meta-nav\">&rarr;<\/span><\/a><\/p>\n","protected":false},"author":2,"featured_media":22807,"comment_status":"open","ping_status":"open","sticky":false,"template":"","format":"standard","meta":{"ngg_post_thumbnail":0,"footnotes":""},"categories":[3,18,9],"tags":[9032,11651,8922,830,3590,12568,8911,4471,5421,11122,8542,8909,12569,12122,7019,9033,9034,160,8937,8946,11154,972,5406,8924,5413,8913,8549,8912,11191,8938,11466,8917,8916,8919,8920,11330,7095,8918,404,8910,8930,11245,731,11247,8923,12331,8932,8934,681,8935,8929,3616,8931,9031,11262,8926,11433,984,8915,7153,8928,8936,12108,8927,8925,8921,8933,812,11294],"class_list":["post-19594","post","type-post","status-publish","format-standard","has-post-thumbnail","hentry","category-aktuelles","category-flugveranstaltungen","category-termine","tag-3-fliegende-staffel-des-marinefliegergeschwader-5","tag-aero-club-kehl-e-v","tag-alain-quincy","tag-av36","tag-ballongluhen","tag-bell-47-g","tag-bernd-axenbeck","tag-broussard","tag-c42","tag-christen-eagle","tag-david-oldani","tag-dietmar-von-busse","tag-dr-hansjorg-fader","tag-erich-stebler","tag-eurocopter-ec-120","tag-f-azcv","tag-f-hbsr","tag-f-schlepp","tag-f-hose","tag-fallschirmpringer","tag-flugtag","tag-formationsflug","tag-fournier","tag-hans-gunter-vosseler","tag-havard-at6","tag-heli-ag","tag-holger-braun","tag-hubschrauberflug","tag-kehler-flugtage","tag-l-echtermeyer","tag-marc-mathis","tag-matthias-glutz","tag-militartrainer","tag-mini-fw190","tag-mini-spitfire","tag-motorkunstflug","tag-motorsegler","tag-nachbau","tag-oldtimer","tag-oldtimerflug","tag-oldtimerverband","tag-pilatus-p2","tag-pilatus-porter","tag-pitts-s1","tag-pitts-s12","tag-rf-4d","tag-rf-staffel","tag-rf3","tag-rf4","tag-rf5","tag-romeo-adaci","tag-salto","tag-schweizer-fliegerfreunde","tag-sea-lynx-mk-88a","tag-segelflug","tag-segelflugoldtimer","tag-segelkunstflug","tag-sg38","tag-singsby","tag-staffel","tag-stefan-zistler","tag-t-gerke","tag-thomas-neudel","tag-ul-prasentation","tag-warbird-2","tag-wim-van-den-brand","tag-windenstart","tag-yak-52","tag-zlin-526"],"_links":{"self":[{"href":"https:\/\/wp.1dfh.de\/wordpress\/wp-json\/wp\/v2\/posts\/19594","targetHints":{"allow":["GET"]}}],"collection":[{"href":"https:\/\/wp.1dfh.de\/wordpress\/wp-json\/wp\/v2\/posts"}],"about":[{"href":"https:\/\/wp.1dfh.de\/wordpress\/wp-json\/wp\/v2\/types\/post"}],"author":[{"embeddable":true,"href":"https:\/\/wp.1dfh.de\/wordpress\/wp-json\/wp\/v2\/users\/2"}],"replies":[{"embeddable":true,"href":"https:\/\/wp.1dfh.de\/wordpress\/wp-json\/wp\/v2\/comments?post=19594"}],"version-history":[{"count":0,"href":"https:\/\/wp.1dfh.de\/wordpress\/wp-json\/wp\/v2\/posts\/19594\/revisions"}],"wp:featuredmedia":[{"embeddable":true,"href":"https:\/\/wp.1dfh.de\/wordpress\/wp-json\/wp\/v2\/media\/22807"}],"wp:attachment":[{"href":"https:\/\/wp.1dfh.de\/wordpress\/wp-json\/wp\/v2\/media?parent=19594"}],"wp:term":[{"taxonomy":"category","embeddable":true,"href":"https:\/\/wp.1dfh.de\/wordpress\/wp-json\/wp\/v2\/categories?post=19594"},{"taxonomy":"post_tag","embeddable":true,"href":"https:\/\/wp.1dfh.de\/wordpress\/wp-json\/wp\/v2\/tags?post=19594"}],"curies":[{"name":"wp","href":"https:\/\/api.w.org\/{rel}","templated":true}]}}