{"id":20287,"date":"2012-08-16T10:03:58","date_gmt":"2012-08-16T08:03:58","guid":{"rendered":"http:\/\/wp.1dfh.de\/wordpress\/?p=20287"},"modified":"2012-08-16T10:08:05","modified_gmt":"2012-08-16T08:08:05","slug":"flugtag-beim-mfm-mullheim-28-07-29-07-2012","status":"publish","type":"post","link":"https:\/\/wp.1dfh.de\/wordpress\/flugtag-beim-mfm-mullheim-28-07-29-07-2012\/","title":{"rendered":"Flugtag beim MFM M\u00fcllheim 28.07. &#8211; 29.07.2012"},"content":{"rendered":"<figure style=\"width: 468px\" class=\"wp-caption alignright\"><a href=\"http:\/\/www.mfm-muellheim.eu\/\"><img loading=\"lazy\" decoding=\"async\" class=\" \" src=\"http:\/\/www.mfm-muellheim.eu\/mfm2\/templates\/Jet\/images\/mfm_logo.gif\" alt=\"mfm-muellheim\" width=\"468\" height=\"59\" \/><\/a><figcaption class=\"wp-caption-text\">mfm-muellheim<\/figcaption><\/figure>\n<p>Flugtag am letzten Juli-Wochende. Wenn das Wetter mitspielt werden wir eine hochkar\u00e4tige Veranstaltung erleben mit vielen Highlights.<\/p>\n<p>[media id=792 width=320 height=176]<\/p>\n<p>Aus der Riege der Modellpiloten haben sich wieder viele Top-Leute und Top-Teams angemeldet. Als Team erwarten wir u.a. das Formations-Kunstflugteam Futura mit ihres sechs Albatros Jets, die ein Kunstflugprogramm mit Rauch nach Musik vorf\u00fchren werden. Ein Flugtag lebt jedoch insbesondere von der Vielseitigkeit. So werden Modellflugzeuge aus allen Bereichen des Flugmodellsports zu einem ausgewogenen Programm beitragen.<\/p>\n<p>\u201eSahneh\u00e4ubchen\u201c des Flugtags werden Eric Viret sowie Ralf und Nico Niebergall sein.<\/p>\n<p>Eric Viret kommt mit seinem turbinengetriebenen Gleichschirm zu uns und wird \u00fcber dem Fluggel\u00e4nde mit einer atemberaubenden Vorf\u00fchrung die G\u00e4ste in Bann ziehen.<\/p>\n<p>Ebenso wird Ralf Nibergall und sein Sohn Nico uns mit einem Synchronflugprogramm der besonderen Art begeistern. Ralf Niebergall fliegt mit seiner SIAI Marchetti SF 260 Acrobatics und sein Sohn Nico steuert das Modell vom Boden aus. Gezielte Infos \u00fcber die Stars aus der manntragenden Zunft gibt\u2018s auch auf folgenden Seiten ( <a href=\"http:\/\/www.itv-parapentes.com\" target=\"_blank\">www.itv-parapentes.com<\/a> , <a href=\"http:\/\/www.sf-260.de\" target=\"_blank\">www.sf-260.de<\/a> ) .<\/p>\n<p>Selbstverst\u00e4ndlich bewirtet der Verein an beiden Tagen. Der Eintritt ist frei. Der Flugplatz befindet sich zwischen M\u00fcllheim und Neuenburg. Die Zufahrt ist ausgeschildert.<\/p>\n<p>[gmap]<\/p>\n<div class=\"ngg-related-gallery\">\n\t\t\t<a href=\"https:\/\/wp.1dfh.de\/wordpress\/wp-content\/gallery\/tann09\/1dfh-tann2009-1707-01.jpg?t=1773281320\"\n\t\t\ttitle=\"Ralf Niebergall, SIAI Marchetti SF-260\"\n\t\t\t\t\t\t\t\t\t\t\t\t\t\t\t data-image-id=\"1374\" data-src=\"https:\/\/wp.1dfh.de\/wordpress\/wp-content\/gallery\/tann09\/1dfh-tann2009-1707-01.jpg?t=1773281320\" data-thumbnail=\"https:\/\/wp.1dfh.de\/wordpress\/wp-content\/gallery\/tann09\/cache\/1dfh-tann2009-1707-01.jpg-nggid041374-ngg0dyn-100x100x100-00f0w010c011r110f110r010t010.jpg?t=1773281320\" data-title=\"1dfh-tann2009-1707-01\" data-description=\"Ralf Niebergall, SIAI Marchetti SF-260\">\n\t\t\t<img title=\"1dfh-tann2009-1707-01\"\n\t\t\t\talt=\"1dfh-tann2009-1707-01\"\n\t\t\t\tdata-image-id=\"1374\"\n\t\t\t\tsrc=\"\"\/>\n\t\t<\/a>\n\t\t\t<a href=\"https:\/\/wp.1dfh.de\/wordpress\/wp-content\/gallery\/tann09\/1dfh-tann2009-1707-02.jpg?t=1770668416\"\n\t\t\ttitle=\"Ralf Niebergall, SIAI Marchetti SF-260\"\n\t\t\t\t\t\t\t\t\t\t\t\t\t\t\t data-image-id=\"1375\" data-src=\"https:\/\/wp.1dfh.de\/wordpress\/wp-content\/gallery\/tann09\/1dfh-tann2009-1707-02.jpg?t=1770668416\" data-thumbnail=\"https:\/\/wp.1dfh.de\/wordpress\/wp-content\/gallery\/tann09\/cache\/1dfh-tann2009-1707-02.jpg-nggid041375-ngg0dyn-100x100x100-00f0w010c011r110f110r010t010.jpg?t=1770668416\" data-title=\"1dfh-tann2009-1707-02\" data-description=\"Ralf Niebergall, SIAI Marchetti SF-260\">\n\t\t\t<img title=\"1dfh-tann2009-1707-02\"\n\t\t\t\talt=\"1dfh-tann2009-1707-02\"\n\t\t\t\tdata-image-id=\"1375\"\n\t\t\t\tsrc=\"\"\/>\n\t\t<\/a>\n\t\t\t<a href=\"https:\/\/wp.1dfh.de\/wordpress\/wp-content\/gallery\/tann09\/1dfh-tann2009-1707-03.jpg?t=1770668418\"\n\t\t\ttitle=\"Ralf Niebergall, SIAI Marchetti SF-260\"\n\t\t\t\t\t\t\t\t\t\t\t\t\t\t\t data-image-id=\"1376\" data-src=\"https:\/\/wp.1dfh.de\/wordpress\/wp-content\/gallery\/tann09\/1dfh-tann2009-1707-03.jpg?t=1770668418\" data-thumbnail=\"https:\/\/wp.1dfh.de\/wordpress\/wp-content\/gallery\/tann09\/cache\/1dfh-tann2009-1707-03.jpg-nggid041376-ngg0dyn-100x100x100-00f0w010c011r110f110r010t010.jpg?t=1770668418\" data-title=\"1dfh-tann2009-1707-03\" data-description=\"Ralf Niebergall, SIAI Marchetti SF-260\">\n\t\t\t<img title=\"1dfh-tann2009-1707-03\"\n\t\t\t\talt=\"1dfh-tann2009-1707-03\"\n\t\t\t\tdata-image-id=\"1376\"\n\t\t\t\tsrc=\"\"\/>\n\t\t<\/a>\n\t\t\t<a href=\"https:\/\/wp.1dfh.de\/wordpress\/wp-content\/gallery\/tann09\/1dfh-tann2009-1707-06.jpg?t=1773417118\"\n\t\t\ttitle=\"Ralf Niebergall, SIAI Marchetti SF-260\"\n\t\t\t\t\t\t\t\t\t\t\t\t\t\t\t data-image-id=\"1379\" data-src=\"https:\/\/wp.1dfh.de\/wordpress\/wp-content\/gallery\/tann09\/1dfh-tann2009-1707-06.jpg?t=1773417118\" data-thumbnail=\"https:\/\/wp.1dfh.de\/wordpress\/wp-content\/gallery\/tann09\/cache\/1dfh-tann2009-1707-06.jpg-nggid041379-ngg0dyn-100x100x100-00f0w010c011r110f110r010t010.jpg?t=1773417118\" data-title=\"1dfh-tann2009-1707-06\" data-description=\"Ralf Niebergall, SIAI Marchetti SF-260\">\n\t\t\t<img title=\"1dfh-tann2009-1707-06\"\n\t\t\t\talt=\"1dfh-tann2009-1707-06\"\n\t\t\t\tdata-image-id=\"1379\"\n\t\t\t\tsrc=\"\"\/>\n\t\t<\/a>\n\t\t\t<a href=\"https:\/\/wp.1dfh.de\/wordpress\/wp-content\/gallery\/1-mengener-airopen-30-09-2012\/1dfh-chi-mengen-12-129.jpg?t=1773584908\"\n\t\t\ttitle=\"AirOpen Mengen 12\"\n\t\t\t\t\t\t\t\t\t\t\t\t\t\t\t data-image-id=\"21456\" data-src=\"https:\/\/wp.1dfh.de\/wordpress\/wp-content\/gallery\/1-mengener-airopen-30-09-2012\/1dfh-chi-mengen-12-129.jpg?t=1773584908\" data-thumbnail=\"https:\/\/wp.1dfh.de\/wordpress\/wp-content\/gallery\/1-mengener-airopen-30-09-2012\/cache\/1dfh-chi-mengen-12-129.jpg-nggid0521456-ngg0dyn-100x100x100-00f0w010c011r110f110r010t010.jpg?t=1773584908\" data-title=\"AirOpen Mengen 12\" data-description=\"AirOpen Mengen 12\">\n\t\t\t<img title=\"AirOpen Mengen 12\"\n\t\t\t\talt=\"AirOpen Mengen 12\"\n\t\t\t\tdata-image-id=\"21456\"\n\t\t\t\tsrc=\"\"\/>\n\t\t<\/a>\n\t\t\t<a href=\"https:\/\/wp.1dfh.de\/wordpress\/wp-content\/gallery\/1-mengener-airopen-30-09-2012\/1dfh-chi-mengen-12-131.jpg?t=1773584908\"\n\t\t\ttitle=\"AirOpen Mengen 12\"\n\t\t\t\t\t\t\t\t\t\t\t\t\t\t\t data-image-id=\"21458\" data-src=\"https:\/\/wp.1dfh.de\/wordpress\/wp-content\/gallery\/1-mengener-airopen-30-09-2012\/1dfh-chi-mengen-12-131.jpg?t=1773584908\" data-thumbnail=\"https:\/\/wp.1dfh.de\/wordpress\/wp-content\/gallery\/1-mengener-airopen-30-09-2012\/cache\/1dfh-chi-mengen-12-131.jpg-nggid0521458-ngg0dyn-100x100x100-00f0w010c011r110f110r010t010.jpg?t=1773584908\" data-title=\"AirOpen Mengen 12\" data-description=\"AirOpen Mengen 12\">\n\t\t\t<img title=\"AirOpen Mengen 12\"\n\t\t\t\talt=\"AirOpen Mengen 12\"\n\t\t\t\tdata-image-id=\"21458\"\n\t\t\t\tsrc=\"\"\/>\n\t\t<\/a>\n\t\t\t<a href=\"https:\/\/wp.1dfh.de\/wordpress\/wp-content\/gallery\/1-mengener-airopen-30-09-2012\/1dfh-chi-mengen-12-132.jpg?t=1773584908\"\n\t\t\ttitle=\"AirOpen Mengen 12\"\n\t\t\t\t\t\t\t\t\t\t\t\t\t\t\t data-image-id=\"21459\" data-src=\"https:\/\/wp.1dfh.de\/wordpress\/wp-content\/gallery\/1-mengener-airopen-30-09-2012\/1dfh-chi-mengen-12-132.jpg?t=1773584908\" data-thumbnail=\"https:\/\/wp.1dfh.de\/wordpress\/wp-content\/gallery\/1-mengener-airopen-30-09-2012\/cache\/1dfh-chi-mengen-12-132.jpg-nggid0521459-ngg0dyn-100x100x100-00f0w010c011r110f110r010t010.jpg?t=1773584908\" data-title=\"AirOpen Mengen 12\" data-description=\"AirOpen Mengen 12\">\n\t\t\t<img title=\"AirOpen Mengen 12\"\n\t\t\t\talt=\"AirOpen Mengen 12\"\n\t\t\t\tdata-image-id=\"21459\"\n\t\t\t\tsrc=\"\"\/>\n\t\t<\/a>\n\t<\/div>\n","protected":false},"excerpt":{"rendered":"<p>Flugtag am letzten Juli-Wochende. Wenn das Wetter mitspielt werden wir eine hochkar\u00e4tige Veranstaltung erleben mit vielen Highlights. [media id=792 width=320 height=176] Aus der Riege der Modellpiloten haben sich wieder viele Top-Leute und Top-Teams angemeldet. Als Team erwarten wir u.a. das Formations-Kunstflugteam Futura mit ihres sechs Albatros Jets, die ein Kunstflugprogramm mit Rauch nach Musik vorf\u00fchren &hellip; <a href=\"https:\/\/wp.1dfh.de\/wordpress\/flugtag-beim-mfm-mullheim-28-07-29-07-2012\/\" class=\"more-link\"><span class=\"screen-reader-text\">Flugtag beim MFM M\u00fcllheim 28.07. &#8211; 29.07.2012<\/span> weiterlesen <span class=\"meta-nav\">&rarr;<\/span><\/a><\/p>\n","protected":false},"author":2,"featured_media":0,"comment_status":"open","ping_status":"open","sticky":false,"template":"","format":"standard","meta":{"ngg_post_thumbnail":0,"footnotes":""},"categories":[18,9,11],"tags":[6359,8285,11224,1322,11228,1956,8249,11251,11775,6406,11774,11713,11318,6405],"class_list":["post-20287","post","type-post","status-publish","format-standard","hentry","category-flugveranstaltungen","category-termine","category-videos","tag-eric-viret","tag-formations-kunstflugteam-futura","tag-modellflugtag","tag-modellflugverein-markgraflerland","tag-mr-marchetti","tag-mullheim","tag-nico-niebergall","tag-ralf-niebergall","tag-sf-260","tag-sf260","tag-siai-marchetti","tag-siai-marchetti-260","tag-siai-marchetti-sf-260","tag-siai-marchetti-sf260"],"_links":{"self":[{"href":"https:\/\/wp.1dfh.de\/wordpress\/wp-json\/wp\/v2\/posts\/20287","targetHints":{"allow":["GET"]}}],"collection":[{"href":"https:\/\/wp.1dfh.de\/wordpress\/wp-json\/wp\/v2\/posts"}],"about":[{"href":"https:\/\/wp.1dfh.de\/wordpress\/wp-json\/wp\/v2\/types\/post"}],"author":[{"embeddable":true,"href":"https:\/\/wp.1dfh.de\/wordpress\/wp-json\/wp\/v2\/users\/2"}],"replies":[{"embeddable":true,"href":"https:\/\/wp.1dfh.de\/wordpress\/wp-json\/wp\/v2\/comments?post=20287"}],"version-history":[{"count":0,"href":"https:\/\/wp.1dfh.de\/wordpress\/wp-json\/wp\/v2\/posts\/20287\/revisions"}],"wp:attachment":[{"href":"https:\/\/wp.1dfh.de\/wordpress\/wp-json\/wp\/v2\/media?parent=20287"}],"wp:term":[{"taxonomy":"category","embeddable":true,"href":"https:\/\/wp.1dfh.de\/wordpress\/wp-json\/wp\/v2\/categories?post=20287"},{"taxonomy":"post_tag","embeddable":true,"href":"https:\/\/wp.1dfh.de\/wordpress\/wp-json\/wp\/v2\/tags?post=20287"}],"curies":[{"name":"wp","href":"https:\/\/api.w.org\/{rel}","templated":true}]}}