{"id":20630,"date":"2012-08-17T09:48:53","date_gmt":"2012-08-17T07:48:53","guid":{"rendered":"http:\/\/wp.1dfh.de\/wordpress\/?p=20630"},"modified":"2012-08-17T09:48:53","modified_gmt":"2012-08-17T07:48:53","slug":"flugplatzfest-blaubeuren-02-09-2012","status":"publish","type":"post","link":"https:\/\/wp.1dfh.de\/wordpress\/flugplatzfest-blaubeuren-02-09-2012\/","title":{"rendered":"Flugplatzfest Blaubeuren 02.09.2012"},"content":{"rendered":"<div id=\"container\">\n<div>\n<figure id=\"attachment_20632\" aria-describedby=\"caption-attachment-20632\" style=\"width: 181px\" class=\"wp-caption alignright\"><a href=\"http:\/\/www.flgblaubeuren.de\/\" target=\"_blank\"><img loading=\"lazy\" decoding=\"async\" class=\"size-medium wp-image-20632\" title=\"Fliegergruppe Blaubeuren\" src=\"http:\/\/wp.1dfh.de\/wordpress\/wp-content\/uploads\/logo.72054.jpg.720621-181x300.jpg\" alt=\"Fliegergruppe Blaubeuren\" width=\"181\" height=\"300\" srcset=\"https:\/\/wp.1dfh.de\/wordpress\/wp-content\/uploads\/logo.72054.jpg.720621-181x300.jpg 181w, https:\/\/wp.1dfh.de\/wordpress\/wp-content\/uploads\/logo.72054.jpg.720621-90x150.jpg 90w, https:\/\/wp.1dfh.de\/wordpress\/wp-content\/uploads\/logo.72054.jpg.720621.jpg 300w\" sizes=\"auto, (max-width: 181px) 100vw, 181px\" \/><\/a><figcaption id=\"caption-attachment-20632\" class=\"wp-caption-text\"><a href=\"http:\/\/www.flgblaubeuren.de\/\" target=\"_blank\">Fliegergruppe Blaubeuren<\/a><\/figcaption><\/figure>\n<h2>Flugplatzfest 2012 &#8211; 2.9.2012<\/h2>\n<p>Am Samstag dem 01. und Sonntag dem 02. September 2012 findet auf dem Flugplatz in Sonderbuch das allj\u00e4hrliche Flugplatzfest der Fliegergruppe Blaubeuren statt.<\/p>\n<p>Am Samstag bekommen Besucher ab 10 Uhr die M\u00f6glichkeit, Segelrundfl\u00fcge zu absolvieren und somit die Stadt Blaubeuren aus der Luft zu begutachten.<\/p>\n<p>Auch am Sonntag kann man ab 10 Uhr an Rundfl\u00fcgen teilnehmen, diese werden jedoch mit Motorflugzeugen durchgef\u00fchrt. In ihnen finden 3-4 Personen Platz, so dass einem gemeinsamen Familienausflug nichts im Wege steht.<\/p>\n<p>Neben Rundfl\u00fcgen wird dem Besucher in Form von Motor-, Modell- und Segelkunstflug ein atemberaubendes Flugprogramm geboten.<\/p>\n<p>Auch f\u00fcr Verpflegung aller Art ist gesorgt.<\/p>\n<p>Die Fliegergruppe Blaubeuren freut sich auf Ihren Besuch<\/p>\n<p>[gmap]<\/p>\n<\/div>\n<\/div>\n<div class=\"ngg-related-gallery\">\n\t\t\t<a href=\"https:\/\/wp.1dfh.de\/wordpress\/wp-content\/gallery\/flugplatzfest-degerfeld-2009\/1dfh-degerfeld-290809-024.jpg?t=1770668311\"\n\t\t\ttitle=\" \"\n\t\t\t\t\t\t\t\t\t\t\t\t\t\t\t data-image-id=\"2421\" data-src=\"https:\/\/wp.1dfh.de\/wordpress\/wp-content\/gallery\/flugplatzfest-degerfeld-2009\/1dfh-degerfeld-290809-024.jpg?t=1770668311\" data-thumbnail=\"https:\/\/wp.1dfh.de\/wordpress\/wp-content\/gallery\/flugplatzfest-degerfeld-2009\/cache\/1dfh-degerfeld-290809-024.jpg-nggid042421-ngg0dyn-100x100x100-00f0w010c011r110f110r010t010.jpg?t=1770668311\" data-title=\"1dfh-degerfeld-290809-024\" data-description=\" \">\n\t\t\t<img title=\"1dfh-degerfeld-290809-024\"\n\t\t\t\talt=\"1dfh-degerfeld-290809-024\"\n\t\t\t\tdata-image-id=\"2421\"\n\t\t\t\tsrc=\"\"\/>\n\t\t<\/a>\n\t\t\t<a href=\"https:\/\/wp.1dfh.de\/wordpress\/wp-content\/gallery\/flugplatzfest-illertissen-19-06-2011\/illertissen11.jpg?t=1773396784\"\n\t\t\ttitle=\"Collage\"\n\t\t\t\t\t\t\t\t\t\t\t\t\t\t\t data-image-id=\"12140\" data-src=\"https:\/\/wp.1dfh.de\/wordpress\/wp-content\/gallery\/flugplatzfest-illertissen-19-06-2011\/illertissen11.jpg?t=1773396784\" data-thumbnail=\"https:\/\/wp.1dfh.de\/wordpress\/wp-content\/gallery\/flugplatzfest-illertissen-19-06-2011\/cache\/illertissen11.jpg-nggid0512140-ngg0dyn-100x100x100-00f0w010c011r110f110r010t010.jpg?t=1773396784\" data-title=\"Flugplatzfest Illertissen 19.06.2011\" data-description=\"Collage\">\n\t\t\t<img title=\"Flugplatzfest Illertissen 19.06.2011\"\n\t\t\t\talt=\"Flugplatzfest Illertissen 19.06.2011\"\n\t\t\t\tdata-image-id=\"12140\"\n\t\t\t\tsrc=\"\"\/>\n\t\t<\/a>\n\t\t\t<a href=\"https:\/\/wp.1dfh.de\/wordpress\/wp-content\/gallery\/flugplatzfest-illertissen-19-06-2011\/cg-illertissen-dsc01172.jpg?t=1773396784\"\n\t\t\ttitle=\"Foto: Colin Gminder\"\n\t\t\t\t\t\t\t\t\t\t\t\t\t\t\t data-image-id=\"12141\" data-src=\"https:\/\/wp.1dfh.de\/wordpress\/wp-content\/gallery\/flugplatzfest-illertissen-19-06-2011\/cg-illertissen-dsc01172.jpg?t=1773396784\" data-thumbnail=\"https:\/\/wp.1dfh.de\/wordpress\/wp-content\/gallery\/flugplatzfest-illertissen-19-06-2011\/cache\/cg-illertissen-dsc01172.jpg-nggid0512141-ngg0dyn-100x100x100-00f0w010c011r110f110r010t010.jpg?t=1773396784\" data-title=\"Flugplatzfest Illertissen 19.06.2011\" data-description=\"Foto: Colin Gminder\">\n\t\t\t<img title=\"Flugplatzfest Illertissen 19.06.2011\"\n\t\t\t\talt=\"Flugplatzfest Illertissen 19.06.2011\"\n\t\t\t\tdata-image-id=\"12141\"\n\t\t\t\tsrc=\"\"\/>\n\t\t<\/a>\n\t\t\t<a href=\"https:\/\/wp.1dfh.de\/wordpress\/wp-content\/gallery\/flugplatzfest-illertissen-19-06-2011\/lg_illertissen-dsc_0211.jpg?t=1773396784\"\n\t\t\ttitle=\"Foto: Lisa Gminder\"\n\t\t\t\t\t\t\t\t\t\t\t\t\t\t\t data-image-id=\"12142\" data-src=\"https:\/\/wp.1dfh.de\/wordpress\/wp-content\/gallery\/flugplatzfest-illertissen-19-06-2011\/lg_illertissen-dsc_0211.jpg?t=1773396784\" data-thumbnail=\"https:\/\/wp.1dfh.de\/wordpress\/wp-content\/gallery\/flugplatzfest-illertissen-19-06-2011\/cache\/lg_illertissen-dsc_0211.jpg-nggid0512142-ngg0dyn-100x100x100-00f0w010c011r110f110r010t010.jpg?t=1773396784\" data-title=\"Flugplatzfest Illertissen 19.06.2011\" data-description=\"Foto: Lisa Gminder\">\n\t\t\t<img title=\"Flugplatzfest Illertissen 19.06.2011\"\n\t\t\t\talt=\"Flugplatzfest Illertissen 19.06.2011\"\n\t\t\t\tdata-image-id=\"12142\"\n\t\t\t\tsrc=\"\"\/>\n\t\t<\/a>\n\t\t\t<a href=\"https:\/\/wp.1dfh.de\/wordpress\/wp-content\/gallery\/flugplatzfest-illertissen-19-06-2011\/dsc00861.jpg?t=1773396784\"\n\t\t\ttitle=\"Foto: Colin Gminder\"\n\t\t\t\t\t\t\t\t\t\t\t\t\t\t\t data-image-id=\"12149\" data-src=\"https:\/\/wp.1dfh.de\/wordpress\/wp-content\/gallery\/flugplatzfest-illertissen-19-06-2011\/dsc00861.jpg?t=1773396784\" data-thumbnail=\"https:\/\/wp.1dfh.de\/wordpress\/wp-content\/gallery\/flugplatzfest-illertissen-19-06-2011\/cache\/dsc00861.jpg-nggid0512149-ngg0dyn-100x100x100-00f0w010c011r110f110r010t010.jpg?t=1773396784\" data-title=\"Flugplatzfest Illertissen 19.06.2011\" data-description=\"Foto: Colin Gminder\">\n\t\t\t<img title=\"Flugplatzfest Illertissen 19.06.2011\"\n\t\t\t\talt=\"Flugplatzfest Illertissen 19.06.2011\"\n\t\t\t\tdata-image-id=\"12149\"\n\t\t\t\tsrc=\"\"\/>\n\t\t<\/a>\n\t\t\t<a href=\"https:\/\/wp.1dfh.de\/wordpress\/wp-content\/gallery\/flugplatzfest-mit-oldtimertreffen-fliegergruppe-huelben-e-v-27-07-2014\/1-gute-huelben.jpg?t=1773792456\"\n\t\t\ttitle=\"Flugplatzfest Fliegergruppe H\u00fclben e.V. 2014\"\n\t\t\t\t\t\t\t\t\t\t\t\t\t\t\t data-image-id=\"40970\" data-src=\"https:\/\/wp.1dfh.de\/wordpress\/wp-content\/gallery\/flugplatzfest-mit-oldtimertreffen-fliegergruppe-huelben-e-v-27-07-2014\/1-gute-huelben.jpg?t=1773792456\" data-thumbnail=\"https:\/\/wp.1dfh.de\/wordpress\/wp-content\/gallery\/flugplatzfest-mit-oldtimertreffen-fliegergruppe-huelben-e-v-27-07-2014\/cache\/1-gute-huelben.jpg-nggid0540970-ngg0dyn-100x100x100-00f0w010c011r110f110r010t010.jpg?t=1773792456\" data-title=\"Flugplatzfest Fliegergruppe H\u00fclben e.V. 2014\" data-description=\"Flugplatzfest Fliegergruppe H\u00fclben e.V. 2014\">\n\t\t\t<img title=\"Flugplatzfest Fliegergruppe H\u00fclben e.V. 2014\"\n\t\t\t\talt=\"Flugplatzfest Fliegergruppe H\u00fclben e.V. 2014\"\n\t\t\t\tdata-image-id=\"40970\"\n\t\t\t\tsrc=\"\"\/>\n\t\t<\/a>\n\t\t\t<a href=\"https:\/\/wp.1dfh.de\/wordpress\/wp-content\/gallery\/dg-1000-dietmar-huttenlocher-flugplatzfest-fliegergruppe-huelben-e-v-2014\/01-vlcsnap-2014-07-27-23h16m48s25.jpg?t=1773396784\"\n\t\t\ttitle=\"Flugplatzfest Fliegergruppe H\u00fclben e.V. 2014\"\n\t\t\t\t\t\t\t\t\t\t\t\t\t\t\t data-image-id=\"40971\" data-src=\"https:\/\/wp.1dfh.de\/wordpress\/wp-content\/gallery\/dg-1000-dietmar-huttenlocher-flugplatzfest-fliegergruppe-huelben-e-v-2014\/01-vlcsnap-2014-07-27-23h16m48s25.jpg?t=1773396784\" data-thumbnail=\"https:\/\/wp.1dfh.de\/wordpress\/wp-content\/gallery\/dg-1000-dietmar-huttenlocher-flugplatzfest-fliegergruppe-huelben-e-v-2014\/cache\/01-vlcsnap-2014-07-27-23h16m48s25.jpg-nggid0540971-ngg0dyn-100x100x100-00f0w010c011r110f110r010t010.jpg?t=1773396784\" data-title=\"Flugplatzfest Fliegergruppe H\u00fclben e.V. 2014\" data-description=\"Flugplatzfest Fliegergruppe H\u00fclben e.V. 2014\">\n\t\t\t<img title=\"Flugplatzfest Fliegergruppe H\u00fclben e.V. 2014\"\n\t\t\t\talt=\"Flugplatzfest Fliegergruppe H\u00fclben e.V. 2014\"\n\t\t\t\tdata-image-id=\"40971\"\n\t\t\t\tsrc=\"\"\/>\n\t\t<\/a>\n\t<\/div>\n","protected":false},"excerpt":{"rendered":"<p>Flugplatzfest 2012 &#8211; 2.9.2012 Am Samstag dem 01. und Sonntag dem 02. September 2012 findet auf dem Flugplatz in Sonderbuch das allj\u00e4hrliche Flugplatzfest der Fliegergruppe Blaubeuren statt. Am Samstag bekommen Besucher ab 10 Uhr die M\u00f6glichkeit, Segelrundfl\u00fcge zu absolvieren und somit die Stadt Blaubeuren aus der Luft zu begutachten. Auch am Sonntag kann man ab &hellip; <a href=\"https:\/\/wp.1dfh.de\/wordpress\/flugplatzfest-blaubeuren-02-09-2012\/\" class=\"more-link\"><span class=\"screen-reader-text\">Flugplatzfest Blaubeuren 02.09.2012<\/span> weiterlesen <span class=\"meta-nav\">&rarr;<\/span><\/a><\/p>\n","protected":false},"author":2,"featured_media":20632,"comment_status":"open","ping_status":"open","sticky":false,"template":"","format":"standard","meta":{"ngg_post_thumbnail":0,"footnotes":""},"categories":[18,9],"tags":[11707,11147],"class_list":["post-20630","post","type-post","status-publish","format-standard","has-post-thumbnail","hentry","category-flugveranstaltungen","category-termine","tag-fliegergruppe-blaubeuren-e-v","tag-flugplatzfest"],"_links":{"self":[{"href":"https:\/\/wp.1dfh.de\/wordpress\/wp-json\/wp\/v2\/posts\/20630","targetHints":{"allow":["GET"]}}],"collection":[{"href":"https:\/\/wp.1dfh.de\/wordpress\/wp-json\/wp\/v2\/posts"}],"about":[{"href":"https:\/\/wp.1dfh.de\/wordpress\/wp-json\/wp\/v2\/types\/post"}],"author":[{"embeddable":true,"href":"https:\/\/wp.1dfh.de\/wordpress\/wp-json\/wp\/v2\/users\/2"}],"replies":[{"embeddable":true,"href":"https:\/\/wp.1dfh.de\/wordpress\/wp-json\/wp\/v2\/comments?post=20630"}],"version-history":[{"count":0,"href":"https:\/\/wp.1dfh.de\/wordpress\/wp-json\/wp\/v2\/posts\/20630\/revisions"}],"wp:featuredmedia":[{"embeddable":true,"href":"https:\/\/wp.1dfh.de\/wordpress\/wp-json\/wp\/v2\/media\/20632"}],"wp:attachment":[{"href":"https:\/\/wp.1dfh.de\/wordpress\/wp-json\/wp\/v2\/media?parent=20630"}],"wp:term":[{"taxonomy":"category","embeddable":true,"href":"https:\/\/wp.1dfh.de\/wordpress\/wp-json\/wp\/v2\/categories?post=20630"},{"taxonomy":"post_tag","embeddable":true,"href":"https:\/\/wp.1dfh.de\/wordpress\/wp-json\/wp\/v2\/tags?post=20630"}],"curies":[{"name":"wp","href":"https:\/\/api.w.org\/{rel}","templated":true}]}}