{"id":20827,"date":"2012-09-06T11:14:26","date_gmt":"2012-09-06T09:14:26","guid":{"rendered":"http:\/\/wp.1dfh.de\/wordpress\/?p=20827"},"modified":"2012-09-06T19:31:49","modified_gmt":"2012-09-06T17:31:49","slug":"n-tv-magazintake-off-scalaria-air-challenge","status":"publish","type":"post","link":"https:\/\/wp.1dfh.de\/wordpress\/n-tv-magazintake-off-scalaria-air-challenge\/","title":{"rendered":"n-tv: MagazinTake Off &#8211; Scalaria Air Challenge"},"content":{"rendered":"<figure id=\"attachment_15956\" aria-describedby=\"caption-attachment-15956\" style=\"width: 200px\" class=\"wp-caption alignright\"><a href=\"http:\/\/www.n-tv.de\/\" target=\"_blank\"><img loading=\"lazy\" decoding=\"async\" class=\"size-full wp-image-15956 \" title=\"n-tv\" src=\"http:\/\/wp.1dfh.de\/wordpress\/wp-content\/uploads\/200px-N-tv_Logo_2011.svg1_.png\" alt=\"n-tv\" width=\"200\" height=\"92\" srcset=\"https:\/\/wp.1dfh.de\/wordpress\/wp-content\/uploads\/200px-N-tv_Logo_2011.svg1_.png 200w, https:\/\/wp.1dfh.de\/wordpress\/wp-content\/uploads\/200px-N-tv_Logo_2011.svg1_-150x69.png 150w\" sizes=\"auto, (max-width: 200px) 100vw, 200px\" \/><\/a><figcaption id=\"caption-attachment-15956\" class=\"wp-caption-text\">n-tv<\/figcaption><\/figure>\n<p>Die &#8222;Scalaria Air Challenge&#8220; am Wolfgangsee in \u00d6sterreich geh\u00f6rt zu den ungew\u00f6hnlichsten Luftfahrtveranstaltungen des Jahres. Was 2005 als ein kleines Treffen von Wasserflugzeugen begann, ist zu einer mutigen Flugshow geworden. Bei der abendlichen Vorf\u00fchrung ziehen Flugzeuge, Hubschrauber, Drachen, Gleitschirmflieger und Fallschirmspringer ihre Bahnen in den Himmel \u2013 und werden dabei unterst\u00fctzt von Extremsportlern, T\u00e4nzern und Pyrotechnik. Der sonst so beschauliche Wolfgangsee bildet die passende Kulisse.<\/p>\n<p>[media id=795 width=320 height=176]<\/p>\n<p>&#8222;Konventionelle&#8220; Flugvorf\u00fchrungen gibt es ebenfalls zu sehen, und beeindruckende Wasserflugzeuge sind nach wie vor auch da&#8230;<\/p>\n<ul>\n<li>Redaktion: Frank Zwecker<\/li>\n<li>Bildmaterial: Blanix-Team, Dornier Museum Friedrichshafen, Red Bull Media House, Scalaria, Wick Media<\/li>\n<li>Schnitt: Anja Beckmann<\/li>\n<li>Sprecher: Martin Wehrmann<\/li>\n<\/ul>\n<p>Sendetermine auf dem Nachrichtensender n-tv:<\/p>\n<p>Donnerstag, 06. September, 20.05 Uhr<br \/>\nFreitag, 07. September, 4.30 Uhr<br \/>\nFreitag, 07. September, 0.30 Uhr<br \/>\nSonntag, 09. September, 12.10 Uhr<\/p>\n<p>\u00c4nderungen vorbehalten.<br \/>\nDie tagesaktuellen Sendetermine finden Sie unter www.n-tv.de\/mediathek\/tvprogramm.<\/p>\n<p>Ab Montag, 10. September, hier online bei <a href=\"http:\/\/www.takeoff-tv.net\" target=\"_blank\">www.takeoff-tv.net<\/a>.<\/p>\n<div class=\"ngg-related-gallery\">\n\t\t\t<a href=\"https:\/\/wp.1dfh.de\/wordpress\/wp-content\/gallery\/dieter-f-heinlin\/1dfh-blanik-spiegelflugteam-tann08.jpg?t=1775923203\"\n\t\t\ttitle=\"Blanik-Spiegelflugteam\"\n\t\t\t\t\t\t\t\t\t\t\t\t\t\t\t data-image-id=\"1806\" data-src=\"https:\/\/wp.1dfh.de\/wordpress\/wp-content\/gallery\/dieter-f-heinlin\/1dfh-blanik-spiegelflugteam-tann08.jpg?t=1775923203\" data-thumbnail=\"https:\/\/wp.1dfh.de\/wordpress\/wp-content\/gallery\/dieter-f-heinlin\/cache\/1dfh-blanik-spiegelflugteam-tann08.jpg-nggid041806-ngg0dyn-100x100x100-00f0w010c011r110f110r010t010.jpg?t=1775923203\" data-title=\"1dfh-blanik-spiegelflugteam-tann08\" data-description=\"Blanik-Spiegelflugteam\">\n\t\t\t<img title=\"1dfh-blanik-spiegelflugteam-tann08\"\n\t\t\t\talt=\"1dfh-blanik-spiegelflugteam-tann08\"\n\t\t\t\tdata-image-id=\"1806\"\n\t\t\t\tsrc=\"\"\/>\n\t\t<\/a>\n\t\t\t<a href=\"https:\/\/wp.1dfh.de\/wordpress\/wp-content\/gallery\/air-meet-20-08-2011\/1dfh-airmeet11-182.jpg\"\n\t\t\ttitle=\"Air Meet 2011\"\n\t\t\t\t\t\t\t\t\t\t\t\t\t\t\t data-image-id=\"13291\" data-src=\"https:\/\/wp.1dfh.de\/wordpress\/wp-content\/gallery\/air-meet-20-08-2011\/1dfh-airmeet11-182.jpg\" data-thumbnail=\"https:\/\/wp.1dfh.de\/wordpress\/nextgen-image\/13291\/100x100x100\/crop\/c14a7ecdd57bc6601c25f6b9ac42b278\" data-title=\"Air Meet 2011\" data-description=\"Air Meet 2011\">\n\t\t\t<img title=\"Air Meet 2011\"\n\t\t\t\talt=\"Air Meet 2011\"\n\t\t\t\tdata-image-id=\"13291\"\n\t\t\t\tsrc=\"\"\/>\n\t\t<\/a>\n\t\t\t<a href=\"https:\/\/wp.1dfh.de\/wordpress\/wp-content\/gallery\/air-meet-20-08-2011\/1dfh-airmeet11-183.jpg\"\n\t\t\ttitle=\"Air Meet 2011\"\n\t\t\t\t\t\t\t\t\t\t\t\t\t\t\t data-image-id=\"13292\" data-src=\"https:\/\/wp.1dfh.de\/wordpress\/wp-content\/gallery\/air-meet-20-08-2011\/1dfh-airmeet11-183.jpg\" data-thumbnail=\"https:\/\/wp.1dfh.de\/wordpress\/nextgen-image\/13292\/100x100x100\/crop\/e788e96a11352c3f4e13d250f19e0a6c\" data-title=\"Air Meet 2011\" data-description=\"Air Meet 2011\">\n\t\t\t<img title=\"Air Meet 2011\"\n\t\t\t\talt=\"Air Meet 2011\"\n\t\t\t\tdata-image-id=\"13292\"\n\t\t\t\tsrc=\"\"\/>\n\t\t<\/a>\n\t\t\t<a href=\"https:\/\/wp.1dfh.de\/wordpress\/wp-content\/gallery\/air-meet-20-08-2011\/1dfh-airmeet11-184.jpg\"\n\t\t\ttitle=\"Air Meet 2011\"\n\t\t\t\t\t\t\t\t\t\t\t\t\t\t\t data-image-id=\"13293\" data-src=\"https:\/\/wp.1dfh.de\/wordpress\/wp-content\/gallery\/air-meet-20-08-2011\/1dfh-airmeet11-184.jpg\" data-thumbnail=\"https:\/\/wp.1dfh.de\/wordpress\/nextgen-image\/13293\/100x100x100\/crop\/835f6e98c828139cb31bccb72dd65408\" data-title=\"Air Meet 2011\" data-description=\"Air Meet 2011\">\n\t\t\t<img title=\"Air Meet 2011\"\n\t\t\t\talt=\"Air Meet 2011\"\n\t\t\t\tdata-image-id=\"13293\"\n\t\t\t\tsrc=\"\"\/>\n\t\t<\/a>\n\t\t\t<a href=\"https:\/\/wp.1dfh.de\/wordpress\/wp-content\/gallery\/air-meet-20-08-2011\/1dfh-airmeet11-185.jpg\"\n\t\t\ttitle=\"Air Meet 2011\"\n\t\t\t\t\t\t\t\t\t\t\t\t\t\t\t data-image-id=\"13294\" data-src=\"https:\/\/wp.1dfh.de\/wordpress\/wp-content\/gallery\/air-meet-20-08-2011\/1dfh-airmeet11-185.jpg\" data-thumbnail=\"https:\/\/wp.1dfh.de\/wordpress\/nextgen-image\/13294\/100x100x100\/crop\/7fbf5c36e653ddfce22d0c824b00ab64\" data-title=\"Air Meet 2011\" data-description=\"Air Meet 2011\">\n\t\t\t<img title=\"Air Meet 2011\"\n\t\t\t\talt=\"Air Meet 2011\"\n\t\t\t\tdata-image-id=\"13294\"\n\t\t\t\tsrc=\"\"\/>\n\t\t<\/a>\n\t\t\t<a href=\"https:\/\/wp.1dfh.de\/wordpress\/wp-content\/gallery\/air-meet-20-08-2011\/1dfh-airmeet11-186.jpg\"\n\t\t\ttitle=\"Air Meet 2011\"\n\t\t\t\t\t\t\t\t\t\t\t\t\t\t\t data-image-id=\"13295\" data-src=\"https:\/\/wp.1dfh.de\/wordpress\/wp-content\/gallery\/air-meet-20-08-2011\/1dfh-airmeet11-186.jpg\" data-thumbnail=\"https:\/\/wp.1dfh.de\/wordpress\/nextgen-image\/13295\/100x100x100\/crop\/6475d71dcc69e38897cc0c6a3c11a127\" data-title=\"Air Meet 2011\" data-description=\"Air Meet 2011\">\n\t\t\t<img title=\"Air Meet 2011\"\n\t\t\t\talt=\"Air Meet 2011\"\n\t\t\t\tdata-image-id=\"13295\"\n\t\t\t\tsrc=\"\"\/>\n\t\t<\/a>\n\t\t\t<a href=\"https:\/\/wp.1dfh.de\/wordpress\/wp-content\/gallery\/air-meet-20-08-2011\/1dfh-airmeet11-187.jpg\"\n\t\t\ttitle=\"Air Meet 2011\"\n\t\t\t\t\t\t\t\t\t\t\t\t\t\t\t data-image-id=\"13296\" data-src=\"https:\/\/wp.1dfh.de\/wordpress\/wp-content\/gallery\/air-meet-20-08-2011\/1dfh-airmeet11-187.jpg\" data-thumbnail=\"https:\/\/wp.1dfh.de\/wordpress\/nextgen-image\/13296\/100x100x100\/crop\/57e126355fb5fbe032d7ba1d34d9132a\" data-title=\"Air Meet 2011\" data-description=\"Air Meet 2011\">\n\t\t\t<img title=\"Air Meet 2011\"\n\t\t\t\talt=\"Air Meet 2011\"\n\t\t\t\tdata-image-id=\"13296\"\n\t\t\t\tsrc=\"\"\/>\n\t\t<\/a>\n\t<\/div>\n","protected":false},"excerpt":{"rendered":"<p>Die &#8222;Scalaria Air Challenge&#8220; am Wolfgangsee in \u00d6sterreich geh\u00f6rt zu den ungew\u00f6hnlichsten Luftfahrtveranstaltungen des Jahres. Was 2005 als ein kleines Treffen von Wasserflugzeugen begann, ist zu einer mutigen Flugshow geworden. Bei der abendlichen Vorf\u00fchrung ziehen Flugzeuge, Hubschrauber, Drachen, Gleitschirmflieger und Fallschirmspringer ihre Bahnen in den Himmel \u2013 und werden dabei unterst\u00fctzt von Extremsportlern, T\u00e4nzern und &hellip; <a href=\"https:\/\/wp.1dfh.de\/wordpress\/n-tv-magazintake-off-scalaria-air-challenge\/\" class=\"more-link\"><span class=\"screen-reader-text\">n-tv: MagazinTake Off &#8211; Scalaria Air Challenge<\/span> weiterlesen <span class=\"meta-nav\">&rarr;<\/span><\/a><\/p>\n","protected":false},"author":2,"featured_media":0,"comment_status":"open","ping_status":"open","sticky":false,"template":"","format":"standard","meta":{"ngg_post_thumbnail":0,"footnotes":""},"categories":[9,10,11],"tags":[11711,3669,4521,3222],"class_list":["post-20827","post","type-post","status-publish","format-standard","hentry","category-termine","category-tv-sendungen","category-videos","tag-blanix-team","tag-n-tv","tag-scalaria-air-challenge","tag-take-off"],"_links":{"self":[{"href":"https:\/\/wp.1dfh.de\/wordpress\/wp-json\/wp\/v2\/posts\/20827","targetHints":{"allow":["GET"]}}],"collection":[{"href":"https:\/\/wp.1dfh.de\/wordpress\/wp-json\/wp\/v2\/posts"}],"about":[{"href":"https:\/\/wp.1dfh.de\/wordpress\/wp-json\/wp\/v2\/types\/post"}],"author":[{"embeddable":true,"href":"https:\/\/wp.1dfh.de\/wordpress\/wp-json\/wp\/v2\/users\/2"}],"replies":[{"embeddable":true,"href":"https:\/\/wp.1dfh.de\/wordpress\/wp-json\/wp\/v2\/comments?post=20827"}],"version-history":[{"count":0,"href":"https:\/\/wp.1dfh.de\/wordpress\/wp-json\/wp\/v2\/posts\/20827\/revisions"}],"wp:attachment":[{"href":"https:\/\/wp.1dfh.de\/wordpress\/wp-json\/wp\/v2\/media?parent=20827"}],"wp:term":[{"taxonomy":"category","embeddable":true,"href":"https:\/\/wp.1dfh.de\/wordpress\/wp-json\/wp\/v2\/categories?post=20827"},{"taxonomy":"post_tag","embeddable":true,"href":"https:\/\/wp.1dfh.de\/wordpress\/wp-json\/wp\/v2\/tags?post=20827"}],"curies":[{"name":"wp","href":"https:\/\/api.w.org\/{rel}","templated":true}]}}