{"id":21678,"date":"2012-05-08T12:21:54","date_gmt":"2012-05-08T10:21:54","guid":{"rendered":"http:\/\/wp.1dfh.de\/wordpress\/?p=21678"},"modified":"2013-05-08T12:42:42","modified_gmt":"2013-05-08T10:42:42","slug":"47-internationalen-hahnweide-segelflugwettbewerb-03-05-11-05-2013","status":"publish","type":"post","link":"https:\/\/wp.1dfh.de\/wordpress\/47-internationalen-hahnweide-segelflugwettbewerb-03-05-11-05-2013\/","title":{"rendered":"47. Internationalen Hahnweide-Segelflugwettbewerb 03.05. &#8211; 11.05.2013"},"content":{"rendered":"<figure id=\"attachment_21679\" aria-describedby=\"caption-attachment-21679\" style=\"width: 403px\" class=\"wp-caption alignright\"><a href=\"http:\/\/www.wettbewerb.wolf-hirth.de\/\" target=\"_blank\"><img loading=\"lazy\" decoding=\"async\" class=\" wp-image-21679   \" title=\"Hahnweide Segelflugwettbewerb\" alt=\"Hahnweide Segelflugwettbewerb\" src=\"http:\/\/wp.1dfh.de\/wordpress\/wp-content\/uploads\/543521_288587657900009_2028226795_n1.jpg\" width=\"403\" height=\"218\" \/><\/a><figcaption id=\"caption-attachment-21679\" class=\"wp-caption-text\">Hahnweide Segelflugwettbewerb<\/figcaption><\/figure>\n<p>Die Fliegergruppe Wolf Hirth l\u00e4dt ein zum 47. Internationalen Hahnweide-Segelflugwettbewerb vom 3. bis 11. Mai 2013.<\/p>\n<p>Es werden wieder f\u00fcnf Wertungsklassen an den Start gehen: Standard-, 15m-, 18m-, Doppelsitzer- und Offene Klasse.<\/p>\n<p>Freut Euch auf sch\u00f6ne Streckenfl\u00fcge \u00fcber der Schw\u00e4bischen Alb und dem Schwarzwald und auf eine, nicht nur fliegerisch, erlebnisreiche Woche auf der Hahnweide!<\/p>\nngg_shortcode_0_placeholder\n<figure style=\"width: 320px\" class=\"wp-caption alignleft\"><a href=\"http:\/\/www.hahnweide.com\/index.php\" target=\"_blank\"><img loading=\"lazy\" decoding=\"async\" style=\"border: 0px;\" title=\"Webcam Hahnweide\" alt=\"Webcam auf der Hahnweide\" src=\"http:\/\/cam1.hahnweide.com\/\" width=\"320\" height=\"240\" border=\"0\" \/><\/a><figcaption class=\"wp-caption-text\">Webcam Hahnweide<\/figcaption><\/figure>\n<p>[gmap]<\/p>\n<div class=\"ngg-related-gallery\">\n\t\t\t<a href=\"https:\/\/wp.1dfh.de\/wordpress\/wp-content\/gallery\/16-oldtimer-fliegertreffen-hahnweide-03-09-2011\/1dfh-ott11_0158.jpg\"\n\t\t\ttitle=\"16. OTT Hahnweide 03.09. - 04.09.2011\"\n\t\t\t\t\t\t\t\t\t\t\t\t\t\t\t data-image-id=\"14121\" data-src=\"https:\/\/wp.1dfh.de\/wordpress\/wp-content\/gallery\/16-oldtimer-fliegertreffen-hahnweide-03-09-2011\/1dfh-ott11_0158.jpg\" data-thumbnail=\"https:\/\/wp.1dfh.de\/wordpress\/nextgen-image\/14121\/100x100x100\/crop\/45d410001a68be6f3828439618e877a8\" data-title=\"16. OTT Hahnweide 03.09. - 04.09.2011\" data-description=\"16. OTT Hahnweide 03.09. - 04.09.2011\">\n\t\t\t<img title=\"16. OTT Hahnweide 03.09. - 04.09.2011\"\n\t\t\t\talt=\"16. OTT Hahnweide 03.09. - 04.09.2011\"\n\t\t\t\tdata-image-id=\"14121\"\n\t\t\t\tsrc=\"\"\/>\n\t\t<\/a>\n\t\t\t<a href=\"https:\/\/wp.1dfh.de\/wordpress\/wp-content\/gallery\/16-oldtimer-fliegertreffen-hahnweide-03-09-2011\/1dfh-ott11_0159.jpg\"\n\t\t\ttitle=\"16. OTT Hahnweide 03.09. - 04.09.2011\"\n\t\t\t\t\t\t\t\t\t\t\t\t\t\t\t data-image-id=\"14122\" data-src=\"https:\/\/wp.1dfh.de\/wordpress\/wp-content\/gallery\/16-oldtimer-fliegertreffen-hahnweide-03-09-2011\/1dfh-ott11_0159.jpg\" data-thumbnail=\"https:\/\/wp.1dfh.de\/wordpress\/nextgen-image\/14122\/100x100x100\/crop\/dfe561768afdb70c619d37a6aaebb879\" data-title=\"16. OTT Hahnweide 03.09. - 04.09.2011\" data-description=\"16. OTT Hahnweide 03.09. - 04.09.2011\">\n\t\t\t<img title=\"16. OTT Hahnweide 03.09. - 04.09.2011\"\n\t\t\t\talt=\"16. OTT Hahnweide 03.09. - 04.09.2011\"\n\t\t\t\tdata-image-id=\"14122\"\n\t\t\t\tsrc=\"\"\/>\n\t\t<\/a>\n\t\t\t<a href=\"https:\/\/wp.1dfh.de\/wordpress\/wp-content\/gallery\/16-oldtimer-fliegertreffen-hahnweide-03-09-2011\/1dfh-ott11_0160.jpg\"\n\t\t\ttitle=\"16. OTT Hahnweide 03.09. - 04.09.2011\"\n\t\t\t\t\t\t\t\t\t\t\t\t\t\t\t data-image-id=\"14123\" data-src=\"https:\/\/wp.1dfh.de\/wordpress\/wp-content\/gallery\/16-oldtimer-fliegertreffen-hahnweide-03-09-2011\/1dfh-ott11_0160.jpg\" data-thumbnail=\"https:\/\/wp.1dfh.de\/wordpress\/nextgen-image\/14123\/100x100x100\/crop\/b6417396a5a657f90409cfb7453e915f\" data-title=\"16. OTT Hahnweide 03.09. - 04.09.2011\" data-description=\"16. OTT Hahnweide 03.09. - 04.09.2011\">\n\t\t\t<img title=\"16. OTT Hahnweide 03.09. - 04.09.2011\"\n\t\t\t\talt=\"16. OTT Hahnweide 03.09. - 04.09.2011\"\n\t\t\t\tdata-image-id=\"14123\"\n\t\t\t\tsrc=\"\"\/>\n\t\t<\/a>\n\t\t\t<a href=\"https:\/\/wp.1dfh.de\/wordpress\/wp-content\/gallery\/16-oldtimer-fliegertreffen-hahnweide-03-09-2011\/1dfh-ott11_0161.jpg\"\n\t\t\ttitle=\"16. OTT Hahnweide 03.09. - 04.09.2011\"\n\t\t\t\t\t\t\t\t\t\t\t\t\t\t\t data-image-id=\"14124\" data-src=\"https:\/\/wp.1dfh.de\/wordpress\/wp-content\/gallery\/16-oldtimer-fliegertreffen-hahnweide-03-09-2011\/1dfh-ott11_0161.jpg\" data-thumbnail=\"https:\/\/wp.1dfh.de\/wordpress\/nextgen-image\/14124\/100x100x100\/crop\/7625f9628dc0e5a8cc3fbf0443a64a42\" data-title=\"16. OTT Hahnweide 03.09. - 04.09.2011\" data-description=\"16. OTT Hahnweide 03.09. - 04.09.2011\">\n\t\t\t<img title=\"16. OTT Hahnweide 03.09. - 04.09.2011\"\n\t\t\t\talt=\"16. OTT Hahnweide 03.09. - 04.09.2011\"\n\t\t\t\tdata-image-id=\"14124\"\n\t\t\t\tsrc=\"\"\/>\n\t\t<\/a>\n\t\t\t<a href=\"https:\/\/wp.1dfh.de\/wordpress\/wp-content\/gallery\/16-oldtimer-fliegertreffen-hahnweide-03-09-2011\/1dfh-ott11_0162.jpg\"\n\t\t\ttitle=\"16. OTT Hahnweide 03.09. - 04.09.2011\"\n\t\t\t\t\t\t\t\t\t\t\t\t\t\t\t data-image-id=\"14125\" data-src=\"https:\/\/wp.1dfh.de\/wordpress\/wp-content\/gallery\/16-oldtimer-fliegertreffen-hahnweide-03-09-2011\/1dfh-ott11_0162.jpg\" data-thumbnail=\"https:\/\/wp.1dfh.de\/wordpress\/nextgen-image\/14125\/100x100x100\/crop\/9f4c9dc805e8efa0471657cad240803e\" data-title=\"16. OTT Hahnweide 03.09. - 04.09.2011\" data-description=\"16. OTT Hahnweide 03.09. - 04.09.2011\">\n\t\t\t<img title=\"16. OTT Hahnweide 03.09. - 04.09.2011\"\n\t\t\t\talt=\"16. OTT Hahnweide 03.09. - 04.09.2011\"\n\t\t\t\tdata-image-id=\"14125\"\n\t\t\t\tsrc=\"\"\/>\n\t\t<\/a>\n\t\t\t<a href=\"https:\/\/wp.1dfh.de\/wordpress\/wp-content\/gallery\/16-oldtimer-fliegertreffen-hahnweide-03-09-2011\/1dfh-ott11_0163.jpg\"\n\t\t\ttitle=\"16. OTT Hahnweide 03.09. - 04.09.2011\"\n\t\t\t\t\t\t\t\t\t\t\t\t\t\t\t data-image-id=\"14126\" data-src=\"https:\/\/wp.1dfh.de\/wordpress\/wp-content\/gallery\/16-oldtimer-fliegertreffen-hahnweide-03-09-2011\/1dfh-ott11_0163.jpg\" data-thumbnail=\"https:\/\/wp.1dfh.de\/wordpress\/nextgen-image\/14126\/100x100x100\/crop\/3ae53f8ef3921140424badd49a3d717d\" data-title=\"16. OTT Hahnweide 03.09. - 04.09.2011\" data-description=\"16. OTT Hahnweide 03.09. - 04.09.2011\">\n\t\t\t<img title=\"16. OTT Hahnweide 03.09. - 04.09.2011\"\n\t\t\t\talt=\"16. OTT Hahnweide 03.09. - 04.09.2011\"\n\t\t\t\tdata-image-id=\"14126\"\n\t\t\t\tsrc=\"\"\/>\n\t\t<\/a>\n\t\t\t<a href=\"https:\/\/wp.1dfh.de\/wordpress\/wp-content\/gallery\/16-oldtimer-fliegertreffen-hahnweide-03-09-2011\/1dfh-ott11_0164.jpg\"\n\t\t\ttitle=\"16. OTT Hahnweide 03.09. - 04.09.2011\"\n\t\t\t\t\t\t\t\t\t\t\t\t\t\t\t data-image-id=\"14127\" data-src=\"https:\/\/wp.1dfh.de\/wordpress\/wp-content\/gallery\/16-oldtimer-fliegertreffen-hahnweide-03-09-2011\/1dfh-ott11_0164.jpg\" data-thumbnail=\"https:\/\/wp.1dfh.de\/wordpress\/nextgen-image\/14127\/100x100x100\/crop\/ce9be88a58fe0fbe97a58e7761be0800\" data-title=\"16. OTT Hahnweide 03.09. - 04.09.2011\" data-description=\"16. OTT Hahnweide 03.09. - 04.09.2011\">\n\t\t\t<img title=\"16. OTT Hahnweide 03.09. - 04.09.2011\"\n\t\t\t\talt=\"16. OTT Hahnweide 03.09. - 04.09.2011\"\n\t\t\t\tdata-image-id=\"14127\"\n\t\t\t\tsrc=\"\"\/>\n\t\t<\/a>\n\t<\/div>\n","protected":false},"excerpt":{"rendered":"<p>Die Fliegergruppe Wolf Hirth l\u00e4dt ein zum 47. Internationalen Hahnweide-Segelflugwettbewerb vom 3. bis 11. Mai 2013. Es werden wieder f\u00fcnf Wertungsklassen an den Start gehen: Standard-, 15m-, 18m-, Doppelsitzer- und Offene Klasse. Freut Euch auf sch\u00f6ne Streckenfl\u00fcge \u00fcber der Schw\u00e4bischen Alb und dem Schwarzwald und auf eine, nicht nur fliegerisch, erlebnisreiche Woche auf der Hahnweide! &hellip; <a href=\"https:\/\/wp.1dfh.de\/wordpress\/47-internationalen-hahnweide-segelflugwettbewerb-03-05-11-05-2013\/\" class=\"more-link\"><span class=\"screen-reader-text\">47. Internationalen Hahnweide-Segelflugwettbewerb 03.05. &#8211; 11.05.2013<\/span> weiterlesen <span class=\"meta-nav\">&rarr;<\/span><\/a><\/p>\n","protected":false},"author":2,"featured_media":21679,"comment_status":"open","ping_status":"open","sticky":false,"template":"","format":"standard","meta":{"ngg_post_thumbnail":0,"footnotes":""},"categories":[18,9,13],"tags":[12619,11582,12011,11170,11581,12620,11262],"class_list":["post-21678","post","type-post","status-publish","format-standard","has-post-thumbnail","hentry","category-flugveranstaltungen","category-termine","category-wettbewerbe","tag-47-hahnweide-segelflugwettbewerb","tag-fliegergruppe-wolf-hirth-e-v","tag-fliegergruppe-wolf-hirth-e-v-kirchheim-unter-teck","tag-hahnweide","tag-hahnweide-segelflugwettbewerb","tag-hww13","tag-segelflug"],"_links":{"self":[{"href":"https:\/\/wp.1dfh.de\/wordpress\/wp-json\/wp\/v2\/posts\/21678","targetHints":{"allow":["GET"]}}],"collection":[{"href":"https:\/\/wp.1dfh.de\/wordpress\/wp-json\/wp\/v2\/posts"}],"about":[{"href":"https:\/\/wp.1dfh.de\/wordpress\/wp-json\/wp\/v2\/types\/post"}],"author":[{"embeddable":true,"href":"https:\/\/wp.1dfh.de\/wordpress\/wp-json\/wp\/v2\/users\/2"}],"replies":[{"embeddable":true,"href":"https:\/\/wp.1dfh.de\/wordpress\/wp-json\/wp\/v2\/comments?post=21678"}],"version-history":[{"count":0,"href":"https:\/\/wp.1dfh.de\/wordpress\/wp-json\/wp\/v2\/posts\/21678\/revisions"}],"wp:featuredmedia":[{"embeddable":true,"href":"https:\/\/wp.1dfh.de\/wordpress\/wp-json\/wp\/v2\/media\/21679"}],"wp:attachment":[{"href":"https:\/\/wp.1dfh.de\/wordpress\/wp-json\/wp\/v2\/media?parent=21678"}],"wp:term":[{"taxonomy":"category","embeddable":true,"href":"https:\/\/wp.1dfh.de\/wordpress\/wp-json\/wp\/v2\/categories?post=21678"},{"taxonomy":"post_tag","embeddable":true,"href":"https:\/\/wp.1dfh.de\/wordpress\/wp-json\/wp\/v2\/tags?post=21678"}],"curies":[{"name":"wp","href":"https:\/\/api.w.org\/{rel}","templated":true}]}}