{"id":21770,"date":"2013-01-18T10:28:53","date_gmt":"2013-01-18T09:28:53","guid":{"rendered":"http:\/\/wp.1dfh.de\/wordpress\/?p=21770"},"modified":"2013-01-19T15:12:05","modified_gmt":"2013-01-19T14:12:05","slug":"n24-transporthubschrauber-im-einsatz-nh-90-und-ch-53-30-01-2013","status":"publish","type":"post","link":"https:\/\/wp.1dfh.de\/wordpress\/n24-transporthubschrauber-im-einsatz-nh-90-und-ch-53-30-01-2013\/","title":{"rendered":"n24: Transporthubschrauber im Einsatz &#8211; NH-90 und CH-53 30.01.2013"},"content":{"rendered":"<figure id=\"attachment_14065\" aria-describedby=\"caption-attachment-14065\" style=\"width: 140px\" class=\"wp-caption alignright\"><a href=\"http:\/\/www.n24.de\" target=\"_blank\"><img loading=\"lazy\" decoding=\"async\" class=\"size-full wp-image-14065 \" title=\"N24\" alt=\"N24\" src=\"http:\/\/wp.1dfh.de\/wordpress\/wp-content\/uploads\/logo31.png\" width=\"140\" height=\"97\" \/><\/a><figcaption id=\"caption-attachment-14065\" class=\"wp-caption-text\">N24<\/figcaption><\/figure>\n<p><b>Transporthubschrauber im Einsatz &#8211; NH-90 und CH-53<\/b><\/p>\n<p>23:15<\/p>\n<p>Der NH-90 und die CH-53 sind zwei Hubschrauber der Bundeswehr. Gemeinsam sorgen sie f\u00fcr einen reibungslosen Transport in der Luft. Der Lastenesel der Heeresflieger ist der robuste CH-53. Der Hightech-Helikopter NH-90 ist mit moderner \u00dcberwachungs- und Aufkl\u00e4rungselektronik ausgestattet. Die N24-Dokumentation betrachtet diese beiden Milit\u00e4rhubschrauber aus der N\u00e4he.<\/p>\n<div class=\"ngg-related-gallery\">\n\t\t\t<a href=\"https:\/\/wp.1dfh.de\/wordpress\/wp-content\/gallery\/garten-27-06-2013\/garten-27062013-1dfh000.jpg?t=1773537489\"\n\t\t\ttitle=\"Garten\"\n\t\t\t\t\t\t\t\t\t\t\t\t\t\t\t data-image-id=\"28024\" data-src=\"https:\/\/wp.1dfh.de\/wordpress\/wp-content\/gallery\/garten-27-06-2013\/garten-27062013-1dfh000.jpg?t=1773537489\" data-thumbnail=\"https:\/\/wp.1dfh.de\/wordpress\/wp-content\/gallery\/garten-27-06-2013\/cache\/garten-27062013-1dfh000.jpg-nggid0528024-ngg0dyn-100x100x100-00f0w010c011r110f110r010t010.jpg?t=1773537489\" data-title=\"Garten\" data-description=\"Garten\">\n\t\t\t<img title=\"Garten\"\n\t\t\t\talt=\"Garten\"\n\t\t\t\tdata-image-id=\"28024\"\n\t\t\t\tsrc=\"\"\/>\n\t\t<\/a>\n\t\t\t<a href=\"https:\/\/wp.1dfh.de\/wordpress\/wp-content\/gallery\/garten-27-06-2013\/garten-27062013-1dfh001.jpg?t=1773485341\"\n\t\t\ttitle=\"Garten\"\n\t\t\t\t\t\t\t\t\t\t\t\t\t\t\t data-image-id=\"28025\" data-src=\"https:\/\/wp.1dfh.de\/wordpress\/wp-content\/gallery\/garten-27-06-2013\/garten-27062013-1dfh001.jpg?t=1773485341\" data-thumbnail=\"https:\/\/wp.1dfh.de\/wordpress\/wp-content\/gallery\/garten-27-06-2013\/cache\/garten-27062013-1dfh001.jpg-nggid0528025-ngg0dyn-100x100x100-00f0w010c011r110f110r010t010.jpg?t=1773485341\" data-title=\"Garten\" data-description=\"Garten\">\n\t\t\t<img title=\"Garten\"\n\t\t\t\talt=\"Garten\"\n\t\t\t\tdata-image-id=\"28025\"\n\t\t\t\tsrc=\"\"\/>\n\t\t<\/a>\n\t\t\t<a href=\"https:\/\/wp.1dfh.de\/wordpress\/wp-content\/gallery\/garten-27-06-2013\/garten-27062013-1dfh002.jpg?t=1773485341\"\n\t\t\ttitle=\"Garten\"\n\t\t\t\t\t\t\t\t\t\t\t\t\t\t\t data-image-id=\"28026\" data-src=\"https:\/\/wp.1dfh.de\/wordpress\/wp-content\/gallery\/garten-27-06-2013\/garten-27062013-1dfh002.jpg?t=1773485341\" data-thumbnail=\"https:\/\/wp.1dfh.de\/wordpress\/wp-content\/gallery\/garten-27-06-2013\/cache\/garten-27062013-1dfh002.jpg-nggid0528026-ngg0dyn-100x100x100-00f0w010c011r110f110r010t010.jpg?t=1773485341\" data-title=\"Garten\" data-description=\"Garten\">\n\t\t\t<img title=\"Garten\"\n\t\t\t\talt=\"Garten\"\n\t\t\t\tdata-image-id=\"28026\"\n\t\t\t\tsrc=\"\"\/>\n\t\t<\/a>\n\t\t\t<a href=\"https:\/\/wp.1dfh.de\/wordpress\/wp-content\/gallery\/flugtag-niederstetten-17-09-2011\/1dfh-niederstetten11_0051.jpg\"\n\t\t\ttitle=\"Flugtag Niederstetten\"\n\t\t\t\t\t\t\t\t\t\t\t\t\t\t\t data-image-id=\"14610\" data-src=\"https:\/\/wp.1dfh.de\/wordpress\/wp-content\/gallery\/flugtag-niederstetten-17-09-2011\/1dfh-niederstetten11_0051.jpg\" data-thumbnail=\"https:\/\/wp.1dfh.de\/wordpress\/nextgen-image\/14610\/100x100x100\/crop\/e3032433da2a33d1c513eadcad150b4d\" data-title=\"Flugtag Niederstetten\" data-description=\"Flugtag Niederstetten\">\n\t\t\t<img title=\"Flugtag Niederstetten\"\n\t\t\t\talt=\"Flugtag Niederstetten\"\n\t\t\t\tdata-image-id=\"14610\"\n\t\t\t\tsrc=\"\"\/>\n\t\t<\/a>\n\t\t\t<a href=\"https:\/\/wp.1dfh.de\/wordpress\/wp-content\/gallery\/flugtag-niederstetten-17-09-2011\/1dfh-niederstetten11_0052.jpg\"\n\t\t\ttitle=\"Flugtag Niederstetten\"\n\t\t\t\t\t\t\t\t\t\t\t\t\t\t\t data-image-id=\"14611\" data-src=\"https:\/\/wp.1dfh.de\/wordpress\/wp-content\/gallery\/flugtag-niederstetten-17-09-2011\/1dfh-niederstetten11_0052.jpg\" data-thumbnail=\"https:\/\/wp.1dfh.de\/wordpress\/nextgen-image\/14611\/100x100x100\/crop\/4f4924de2259783864e6771f2370b992\" data-title=\"Flugtag Niederstetten\" data-description=\"Flugtag Niederstetten\">\n\t\t\t<img title=\"Flugtag Niederstetten\"\n\t\t\t\talt=\"Flugtag Niederstetten\"\n\t\t\t\tdata-image-id=\"14611\"\n\t\t\t\tsrc=\"\"\/>\n\t\t<\/a>\n\t\t\t<a href=\"https:\/\/wp.1dfh.de\/wordpress\/wp-content\/gallery\/flugtag-niederstetten-17-09-2011\/1dfh-niederstetten11_0053.jpg\"\n\t\t\ttitle=\"Flugtag Niederstetten\"\n\t\t\t\t\t\t\t\t\t\t\t\t\t\t\t data-image-id=\"14612\" data-src=\"https:\/\/wp.1dfh.de\/wordpress\/wp-content\/gallery\/flugtag-niederstetten-17-09-2011\/1dfh-niederstetten11_0053.jpg\" data-thumbnail=\"https:\/\/wp.1dfh.de\/wordpress\/nextgen-image\/14612\/100x100x100\/crop\/f5ad2216caacf64219b02aa7c3bcc2cb\" data-title=\"Flugtag Niederstetten\" data-description=\"Flugtag Niederstetten\">\n\t\t\t<img title=\"Flugtag Niederstetten\"\n\t\t\t\talt=\"Flugtag Niederstetten\"\n\t\t\t\tdata-image-id=\"14612\"\n\t\t\t\tsrc=\"\"\/>\n\t\t<\/a>\n\t\t\t<a href=\"https:\/\/wp.1dfh.de\/wordpress\/wp-content\/gallery\/flugtag-niederstetten-17-09-2011\/1dfh-niederstetten11_0055.jpg\"\n\t\t\ttitle=\"Flugtag Niederstetten\"\n\t\t\t\t\t\t\t\t\t\t\t\t\t\t\t data-image-id=\"14614\" data-src=\"https:\/\/wp.1dfh.de\/wordpress\/wp-content\/gallery\/flugtag-niederstetten-17-09-2011\/1dfh-niederstetten11_0055.jpg\" data-thumbnail=\"https:\/\/wp.1dfh.de\/wordpress\/nextgen-image\/14614\/100x100x100\/crop\/ac7bcac0ab64827cd65c650f95a564c6\" data-title=\"Flugtag Niederstetten\" data-description=\"Flugtag Niederstetten\">\n\t\t\t<img title=\"Flugtag Niederstetten\"\n\t\t\t\talt=\"Flugtag Niederstetten\"\n\t\t\t\tdata-image-id=\"14614\"\n\t\t\t\tsrc=\"\"\/>\n\t\t<\/a>\n\t<\/div>\n","protected":false},"excerpt":{"rendered":"<p>Transporthubschrauber im Einsatz &#8211; NH-90 und CH-53 23:15 Der NH-90 und die CH-53 sind zwei Hubschrauber der Bundeswehr. Gemeinsam sorgen sie f\u00fcr einen reibungslosen Transport in der Luft. Der Lastenesel der Heeresflieger ist der robuste CH-53. Der Hightech-Helikopter NH-90 ist mit moderner \u00dcberwachungs- und Aufkl\u00e4rungselektronik ausgestattet. Die N24-Dokumentation betrachtet diese beiden Milit\u00e4rhubschrauber aus der N\u00e4he.<\/p>\n","protected":false},"author":2,"featured_media":0,"comment_status":"open","ping_status":"open","sticky":false,"template":"","format":"standard","meta":{"ngg_post_thumbnail":0,"footnotes":""},"categories":[9,10],"tags":[5106,4552,12168],"class_list":["post-21770","post","type-post","status-publish","format-standard","hentry","category-termine","category-tv-sendungen","tag-ch-53-3","tag-n24","tag-nh-90"],"_links":{"self":[{"href":"https:\/\/wp.1dfh.de\/wordpress\/wp-json\/wp\/v2\/posts\/21770","targetHints":{"allow":["GET"]}}],"collection":[{"href":"https:\/\/wp.1dfh.de\/wordpress\/wp-json\/wp\/v2\/posts"}],"about":[{"href":"https:\/\/wp.1dfh.de\/wordpress\/wp-json\/wp\/v2\/types\/post"}],"author":[{"embeddable":true,"href":"https:\/\/wp.1dfh.de\/wordpress\/wp-json\/wp\/v2\/users\/2"}],"replies":[{"embeddable":true,"href":"https:\/\/wp.1dfh.de\/wordpress\/wp-json\/wp\/v2\/comments?post=21770"}],"version-history":[{"count":0,"href":"https:\/\/wp.1dfh.de\/wordpress\/wp-json\/wp\/v2\/posts\/21770\/revisions"}],"wp:attachment":[{"href":"https:\/\/wp.1dfh.de\/wordpress\/wp-json\/wp\/v2\/media?parent=21770"}],"wp:term":[{"taxonomy":"category","embeddable":true,"href":"https:\/\/wp.1dfh.de\/wordpress\/wp-json\/wp\/v2\/categories?post=21770"},{"taxonomy":"post_tag","embeddable":true,"href":"https:\/\/wp.1dfh.de\/wordpress\/wp-json\/wp\/v2\/tags?post=21770"}],"curies":[{"name":"wp","href":"https:\/\/api.w.org\/{rel}","templated":true}]}}