{"id":21773,"date":"2013-01-18T13:21:06","date_gmt":"2013-01-18T12:21:06","guid":{"rendered":"http:\/\/wp.1dfh.de\/wordpress\/?p=21773"},"modified":"2013-01-18T13:24:51","modified_gmt":"2013-01-18T12:24:51","slug":"zdf-neo-terra-x-adventure-x-expedition-kondor-20-01-2013","status":"publish","type":"post","link":"https:\/\/wp.1dfh.de\/wordpress\/zdf-neo-terra-x-adventure-x-expedition-kondor-20-01-2013\/","title":{"rendered":"zdf-neo: Terra X Adventure X: Expedition Kondor  20.01.2013"},"content":{"rendered":"<figure id=\"attachment_17745\" aria-describedby=\"caption-attachment-17745\" style=\"width: 116px\" class=\"wp-caption alignright\"><a href=\"http:\/\/neo.zdf.de\/ZDFde\/inhalt\/1\/0,1872,7620929,00.html\" target=\"_blank\"><img loading=\"lazy\" decoding=\"async\" class=\"size-full wp-image-17745\" title=\"ZDFneo\" alt=\"ZDFneo\" src=\"http:\/\/wp.1dfh.de\/wordpress\/wp-content\/uploads\/069927128758-render-M3001.jpg\" width=\"116\" height=\"54\" \/><\/a><figcaption id=\"caption-attachment-17745\" class=\"wp-caption-text\">ZDFneo<\/figcaption><\/figure>\n<ul>\n<li>Sonntag 20.01.2013, 16:20 &#8211; 17:00 Uhr bild<\/li>\n<li>VPS 20.01.2013, 16:20 Uhr<\/li>\n<li>L\u00e4nge: 40 min.<\/li>\n<li>Dokumentation, Bundesrepublik Deutschland, 2005<\/li>\n<\/ul>\n<p>Gemeinsam mit einem Kondor, dem K\u00f6nig der Anden, will die Weltmeisterin im Drachen- und Gleitschirmfliegen Judy Leden einmal die Aufwinde teilen, mit ihm sein Reich erkunden, die Eis- und Felslandschaften S\u00fcdpatagoniens. Eine fliegerische Herausforderung.<br \/>\nDer Kondor ist mit einer Fl\u00fcgelspanne von bis zu vier Metern der gr\u00f6\u00dfte flugf\u00e4hige Vogel der Erde. Er lebt im unber\u00fchrten, abgelegenen Hochgebirge des s\u00fcdamerikanischen Kontinents, seine Lebensweise ist bisher kaum erforscht. In der Mythologie der Ureinwohner symbolisiert er die Gro\u00dfartigkeit des Geistes und die spirituelle Erleuchtung.<\/p>\n<p>Gemeinsam mit ihrem Mann und einem argentinischen Ornithologen bricht Judy Leden zu einer spannenden Expedition auf. Neben den atemberaubenden Flugerlebnissen soll es gelingen, neue wissenschaftliche Erkenntnisse \u00fcber den Kondor zu sammeln. Unter anderem wird versucht, die bisher noch nie gefilmte Aufzucht der K\u00fcken in einer dunklen H\u00f6hle mit Hilfe von ferngesteuerten Kameras zu beobachten.<\/p>\n<p>Judy will die ersten unsicheren Flugversuche der jungen V\u00f6gel aus der Flugperspektive miterleben. Es w\u00e4ren die ersten &#8222;Air-to-Air&#8220;-Aufnahmen mit Kondoren weltweit. Der au\u00dfergew\u00f6hnliche Film kombiniert Elemente der gro\u00dfen Abenteuerreportage mit einer einmaligen Tier- und Naturgeschichte.<\/p>\n<div class=\"ngg-related-gallery\">\n\t\t\t<a href=\"https:\/\/wp.1dfh.de\/wordpress\/wp-content\/gallery\/garten-25-05-2011\/1dfh-wanne2011-00.jpg?t=1773342409\"\n\t\t\ttitle=\"Gleitschirme und Modellflieger an der Wanne\"\n\t\t\t\t\t\t\t\t\t\t\t\t\t\t\t data-image-id=\"11461\" data-src=\"https:\/\/wp.1dfh.de\/wordpress\/wp-content\/gallery\/garten-25-05-2011\/1dfh-wanne2011-00.jpg?t=1773342409\" data-thumbnail=\"https:\/\/wp.1dfh.de\/wordpress\/wp-content\/gallery\/garten-25-05-2011\/cache\/1dfh-wanne2011-00.jpg-nggid0511461-ngg0dyn-100x100x100-00f0w010c011r110f110r010t010.jpg?t=1773342409\" data-title=\"Gleitschirme und Modellflieger an der Wanne\" data-description=\"Gleitschirme und Modellflieger an der Wanne\">\n\t\t\t<img title=\"Gleitschirme und Modellflieger an der Wanne\"\n\t\t\t\talt=\"Gleitschirme und Modellflieger an der Wanne\"\n\t\t\t\tdata-image-id=\"11461\"\n\t\t\t\tsrc=\"\"\/>\n\t\t<\/a>\n\t\t\t<a href=\"https:\/\/wp.1dfh.de\/wordpress\/wp-content\/gallery\/garten-25-05-2011\/1dfh-wanne2011-01.jpg?t=1773342409\"\n\t\t\ttitle=\"Gleitschirme und Modellflieger an der Wanne\"\n\t\t\t\t\t\t\t\t\t\t\t\t\t\t\t data-image-id=\"11462\" data-src=\"https:\/\/wp.1dfh.de\/wordpress\/wp-content\/gallery\/garten-25-05-2011\/1dfh-wanne2011-01.jpg?t=1773342409\" data-thumbnail=\"https:\/\/wp.1dfh.de\/wordpress\/wp-content\/gallery\/garten-25-05-2011\/cache\/1dfh-wanne2011-01.jpg-nggid0511462-ngg0dyn-100x100x100-00f0w010c011r110f110r010t010.jpg?t=1773342409\" data-title=\"Gleitschirme und Modellflieger an der Wanne\" data-description=\"Gleitschirme und Modellflieger an der Wanne\">\n\t\t\t<img title=\"Gleitschirme und Modellflieger an der Wanne\"\n\t\t\t\talt=\"Gleitschirme und Modellflieger an der Wanne\"\n\t\t\t\tdata-image-id=\"11462\"\n\t\t\t\tsrc=\"\"\/>\n\t\t<\/a>\n\t\t\t<a href=\"https:\/\/wp.1dfh.de\/wordpress\/wp-content\/gallery\/garten-25-05-2011\/1dfh-wanne2011-02.jpg?t=1773342418\"\n\t\t\ttitle=\"Gleitschirme und Modellflieger an der Wanne\"\n\t\t\t\t\t\t\t\t\t\t\t\t\t\t\t data-image-id=\"11463\" data-src=\"https:\/\/wp.1dfh.de\/wordpress\/wp-content\/gallery\/garten-25-05-2011\/1dfh-wanne2011-02.jpg?t=1773342418\" data-thumbnail=\"https:\/\/wp.1dfh.de\/wordpress\/wp-content\/gallery\/garten-25-05-2011\/cache\/1dfh-wanne2011-02.jpg-nggid0511463-ngg0dyn-100x100x100-00f0w010c011r110f110r010t010.jpg?t=1773342418\" data-title=\"Gleitschirme und Modellflieger an der Wanne\" data-description=\"Gleitschirme und Modellflieger an der Wanne\">\n\t\t\t<img title=\"Gleitschirme und Modellflieger an der Wanne\"\n\t\t\t\talt=\"Gleitschirme und Modellflieger an der Wanne\"\n\t\t\t\tdata-image-id=\"11463\"\n\t\t\t\tsrc=\"\"\/>\n\t\t<\/a>\n\t\t\t<a href=\"https:\/\/wp.1dfh.de\/wordpress\/wp-content\/gallery\/garten-25-05-2011\/1dfh-wanne2011-03.jpg?t=1773342409\"\n\t\t\ttitle=\"Gleitschirme und Modellflieger an der Wanne\"\n\t\t\t\t\t\t\t\t\t\t\t\t\t\t\t data-image-id=\"11464\" data-src=\"https:\/\/wp.1dfh.de\/wordpress\/wp-content\/gallery\/garten-25-05-2011\/1dfh-wanne2011-03.jpg?t=1773342409\" data-thumbnail=\"https:\/\/wp.1dfh.de\/wordpress\/wp-content\/gallery\/garten-25-05-2011\/cache\/1dfh-wanne2011-03.jpg-nggid0511464-ngg0dyn-100x100x100-00f0w010c011r110f110r010t010.jpg?t=1773342409\" data-title=\"Gleitschirme und Modellflieger an der Wanne\" data-description=\"Gleitschirme und Modellflieger an der Wanne\">\n\t\t\t<img title=\"Gleitschirme und Modellflieger an der Wanne\"\n\t\t\t\talt=\"Gleitschirme und Modellflieger an der Wanne\"\n\t\t\t\tdata-image-id=\"11464\"\n\t\t\t\tsrc=\"\"\/>\n\t\t<\/a>\n\t<\/div>\n","protected":false},"excerpt":{"rendered":"<p>Sonntag 20.01.2013, 16:20 &#8211; 17:00 Uhr bild VPS 20.01.2013, 16:20 Uhr L\u00e4nge: 40 min. Dokumentation, Bundesrepublik Deutschland, 2005 Gemeinsam mit einem Kondor, dem K\u00f6nig der Anden, will die Weltmeisterin im Drachen- und Gleitschirmfliegen Judy Leden einmal die Aufwinde teilen, mit ihm sein Reich erkunden, die Eis- und Felslandschaften S\u00fcdpatagoniens. Eine fliegerische Herausforderung. Der Kondor ist &hellip; <a href=\"https:\/\/wp.1dfh.de\/wordpress\/zdf-neo-terra-x-adventure-x-expedition-kondor-20-01-2013\/\" class=\"more-link\"><span class=\"screen-reader-text\">zdf-neo: Terra X Adventure X: Expedition Kondor  20.01.2013<\/span> weiterlesen <span class=\"meta-nav\">&rarr;<\/span><\/a><\/p>\n","protected":false},"author":2,"featured_media":0,"comment_status":"open","ping_status":"open","sticky":false,"template":"","format":"standard","meta":{"ngg_post_thumbnail":0,"footnotes":""},"categories":[9,10],"tags":[6016,11738,8724,8725,7027],"class_list":["post-21773","post","type-post","status-publish","format-standard","hentry","category-termine","category-tv-sendungen","tag-drachenflieger","tag-gleitschirmfliegen","tag-judy-leden","tag-kondor","tag-zdf-neo"],"_links":{"self":[{"href":"https:\/\/wp.1dfh.de\/wordpress\/wp-json\/wp\/v2\/posts\/21773","targetHints":{"allow":["GET"]}}],"collection":[{"href":"https:\/\/wp.1dfh.de\/wordpress\/wp-json\/wp\/v2\/posts"}],"about":[{"href":"https:\/\/wp.1dfh.de\/wordpress\/wp-json\/wp\/v2\/types\/post"}],"author":[{"embeddable":true,"href":"https:\/\/wp.1dfh.de\/wordpress\/wp-json\/wp\/v2\/users\/2"}],"replies":[{"embeddable":true,"href":"https:\/\/wp.1dfh.de\/wordpress\/wp-json\/wp\/v2\/comments?post=21773"}],"version-history":[{"count":0,"href":"https:\/\/wp.1dfh.de\/wordpress\/wp-json\/wp\/v2\/posts\/21773\/revisions"}],"wp:attachment":[{"href":"https:\/\/wp.1dfh.de\/wordpress\/wp-json\/wp\/v2\/media?parent=21773"}],"wp:term":[{"taxonomy":"category","embeddable":true,"href":"https:\/\/wp.1dfh.de\/wordpress\/wp-json\/wp\/v2\/categories?post=21773"},{"taxonomy":"post_tag","embeddable":true,"href":"https:\/\/wp.1dfh.de\/wordpress\/wp-json\/wp\/v2\/tags?post=21773"}],"curies":[{"name":"wp","href":"https:\/\/api.w.org\/{rel}","templated":true}]}}