{"id":22244,"date":"2013-06-08T10:17:38","date_gmt":"2013-06-08T08:17:38","guid":{"rendered":"http:\/\/wp.1dfh.de\/wordpress\/?p=22244"},"modified":"2013-07-09T10:36:27","modified_gmt":"2013-07-09T08:36:27","slug":"airshow-aero-club-coburg-e-v-06-07-07-07-2013","status":"publish","type":"post","link":"https:\/\/wp.1dfh.de\/wordpress\/airshow-aero-club-coburg-e-v-06-07-07-07-2013\/","title":{"rendered":"Airshow Aero-Club Coburg e. V. 06.07. &#8211; 07.07.2013"},"content":{"rendered":"<p><a href=\"http:\/\/www.aeroclub-coburg.de\" target=\"_blank\"><img loading=\"lazy\" decoding=\"async\" class=\"size-full wp-image-22245 alignleft\" alt=\"Aero-Club Coburg e. V.\" src=\"http:\/\/wp.1dfh.de\/wordpress\/wp-content\/uploads\/12957_547316585303008_1797732154_n1.jpg\" width=\"160\" height=\"160\" srcset=\"https:\/\/wp.1dfh.de\/wordpress\/wp-content\/uploads\/12957_547316585303008_1797732154_n1.jpg 160w, https:\/\/wp.1dfh.de\/wordpress\/wp-content\/uploads\/12957_547316585303008_1797732154_n1-100x100.jpg 100w, https:\/\/wp.1dfh.de\/wordpress\/wp-content\/uploads\/12957_547316585303008_1797732154_n1-150x150.jpg 150w\" sizes=\"auto, (max-width: 160px) 100vw, 160px\" \/><\/a><\/p>\n<figure id=\"attachment_23433\" aria-describedby=\"caption-attachment-23433\" style=\"width: 407px\" class=\"wp-caption alignright\"><a href=\"http:\/\/www.aeroclub-coburg.de\/airshow\/airshow-coburg.php\" target=\"_blank\"><img loading=\"lazy\" decoding=\"async\" class=\"wp-image-23433 \" alt=\"Airshow Aero-Club Coburg e. V. 2013\" src=\"http:\/\/wp.1dfh.de\/wordpress\/wp-content\/uploads\/coburg-2013.jpg\" width=\"407\" height=\"572\" srcset=\"https:\/\/wp.1dfh.de\/wordpress\/wp-content\/uploads\/coburg-2013.jpg 509w, https:\/\/wp.1dfh.de\/wordpress\/wp-content\/uploads\/coburg-2013-213x300.jpg 213w, https:\/\/wp.1dfh.de\/wordpress\/wp-content\/uploads\/coburg-2013-106x150.jpg 106w, https:\/\/wp.1dfh.de\/wordpress\/wp-content\/uploads\/coburg-2013-400x561.jpg 400w\" sizes=\"auto, (max-width: 407px) 100vw, 407px\" \/><\/a><figcaption id=\"caption-attachment-23433\" class=\"wp-caption-text\">Airshow Aero-Club Coburg e. V. 2013<\/figcaption><\/figure>\n<p><em><strong>Sensationen zwischen Himmel und Erde<\/strong><\/em><\/p>\n<p>Coburg: Am 6. und 7. Juli dr\u00f6hnen rund um die Veste Coburg wieder die Flugmotoren, denn auf der Brandensteinsebene findet an diesem Wochenende die derzeit gr\u00f6\u00dfte Air-Show Bayerns statt. F\u00fcr das himmlische Fest legt sich der Aero Club Coburg seit Monaten m\u00e4chtig ins Zeug, um die legend\u00e4ren Veranstaltungen der vergangenen Jahre noch zu toppen. Wie Organisator Michael Eschenbacher versichert, wird dies auch gelungen, denn so zahlreich seien die Edelsteine des Flugzeugbaus noch nie auf auf dem Flugplatz oberhalb der Veste Coburg eingeschwebt. Verschiedene Jagd-Flugzeuge aus dem Zweiten Weltkrieg geben sich auf der Brandensteinsebene ein Stelldichein, so Eschenbacher. Auch die legend\u00e4re JU 52 wird in diesem Jahr wieder in Coburg sein und mit der Transall der Luftwaffe den Kontrast zwischen Nostalgie und Moderne bilden. F\u00fcr Nervenkitzel wird auch in diesem Jahr wieder Peggy Krainz sorgen, die auf den Tragf\u00e4cher eines Boeing-Stearman-Doppeldeckers eine Mischung aus Wagemut, Anmut, Akrobatik und technischer Perfektion zeigen wird.<\/p>\n<p>Neben der englischen Supermarine Spitfire und der amerikanischen Mustang P 51, die bereits zu den Stammg\u00e4sten der Coburger Air-Show z\u00e4hlen, wird erstmals auch eine Hawker Sea-Fury in Coburg landen. Dieser ehemalige britische J\u00e4ger wurde 1945 entwickelt und gilt als das schnellste einmotorige Jagdflugzeug, das je gebaut wurde.<\/p>\n<p>Ein weiterer Programmh\u00f6hepunkt ist die Kunstfliegerin Yvonne Schoenek, die mit ihrer Extra 330 SCE spektakul\u00e4re Figuren in den Himmel zaubern wird. \u201eFliegen ist meine gro\u00dfe Leidenschaft\u201c, versichert Schoenek, die im beruflichen Alltag als Kapit\u00e4n bei der Lufthansa einen Passagier-Jet steuert.<\/p>\n<p>Jeweils mit einer Extra 300 zeigen Henry Bohlig und Toni Eichhorn Kunstflug in Vollendung. Senior Walter Eichhorn kommt mit einer North American AT-6 nach Coburg, deren 600 PS Sternmotor bei Loopings und Rollen f\u00fcr Musik in den Ohren von Flugbegeisterten sorgt. F\u00fcr die etwas leiseren T\u00f6ne sorgen die Vorf\u00fchrungen von meisterhaften Piloten in ihren Kunstflug-Segelflugzeugen.<\/p>\n<p>Mit von der Partie sind unter anderem der deutsche Meister im Segelkunstflug, Henry Bohlig, sowie die Nationalmannschaftspilotin Andrea Fenzau-Lehmann und Lars Lehmann, die mit ihren Kunstflug-Seglern eine atemberaubende sowie spektakul\u00e4re Pyro-Show in den Himmel zaubern werden.<\/p>\n<p>Synchronflug mit Rauch und Musik zeigt das Kunstflugteam Franken mit Vater Peter Hofmann und Sohn Michael die mit zwei historischen LO-100-Seglern eine anmutige und zugleich atemberaubende Show bieten.<\/p>\n<p>F\u00fcr die Freunde von Hubschraubern ist an beiden Tagen eine Flugvorf\u00fchrung der neuen Agusta A109 von Brose Helikopter Service geplant. Die A109 ist ein Hubschrauber des italienisch-britischen Unternehmens AgustaWestland, ein achtsitziger Mehrzweckhubschrauber mit zwei Turbinen.<\/p>\n<p>Am Samstag, 06. Juli 2013 ab 20:00 Uhr mit \u201copen end\u201d wird es wieder einen ganz besonderen Event im Hangar auf dem Flugplatz Brandensteinsebene geben:<\/p>\n<p>\u201cThe Silhouettes\u201d, die bekannte oberfr\u00e4nkische Kultband wird mit Musik der 60er, 70er und 80er Jahre einheizen. Eine Party zum Kennenlernen der Piloten der Air-Show und die des Aero Club Coburg.<\/p>\n<p>Am Sonntag, 7. Juli, beginnt die Flugshow bereits um 9 Uhr mit dem Start einer Piper PA 18 der ehemaligen Burda-Staffel, die in Coburg stationiert ist. Pilot Stefan Junghans wird im Flug ein Banner aufnehmen und mit gro\u00dfen Lettern auf die Air-Show \u00fcber der Stadt und \u00fcber dem Landkreis aufmerksam machen. Um 10 Uhr er\u00f6ffnen die Fallschirmspringer den Reigen der Sensationen, wobei spektakul\u00e4re Kunstfl\u00fcge und die donnernden Motoren der Jagdflugzeuge nur ein kleiner Teil des Programms sein werden. Auch Rundfl\u00fcge sind im Rahmen der Air-Show m\u00f6glich. F\u00fcr die Freunde des Modellbaus hat der Aero Club Coburg ebenso alle Register gezogen. Wie Organisator Michael Eschenbacher sagt, habe man nicht nur Modellpiloten aus den eigenen Reihen in die Flugschau eingebunden, sondern riesige Jet-Modelle aus allen Ecken der Republik werden ihre pfeilschnellen Flugzeuge auf der Brandensteinsebene im Flug vorf\u00fchren. F\u00fcr die Verpflegung mit Kaffee, Kuchen, verschiedenen Speisen sowie Bier und alkoholfreien Getr\u00e4nken ist ausreichend gesorgt. F\u00fcr die kleinen G\u00e4ste gibt es eine H\u00fcpfburg sowie ein lustiges Kinderschminken. Zudem bieten die Jugendlichen der Modellflugsparte den Kindern an, mit ihnen flugf\u00e4hige Modellflugzeuge zu basteln.<\/p>\n<div class=\"ngg-related-gallery\">\n\t\t\t<a href=\"https:\/\/wp.1dfh.de\/wordpress\/wp-content\/gallery\/dm-jetmodelle-09\/img_1406.jpg?t=1773440124\"\n\t\t\ttitle=\" \"\n\t\t\t\t\t\t\t\t\t\t\t\t\t\t\t data-image-id=\"1876\" data-src=\"https:\/\/wp.1dfh.de\/wordpress\/wp-content\/gallery\/dm-jetmodelle-09\/img_1406.jpg?t=1773440124\" data-thumbnail=\"https:\/\/wp.1dfh.de\/wordpress\/wp-content\/gallery\/dm-jetmodelle-09\/cache\/img_1406.jpg-nggid041876-ngg0dyn-100x100x100-00f0w010c011r110f110r010t010.jpg?t=1773440124\" data-title=\"img_1406\" data-description=\" \">\n\t\t\t<img title=\"img_1406\"\n\t\t\t\talt=\"img_1406\"\n\t\t\t\tdata-image-id=\"1876\"\n\t\t\t\tsrc=\"\"\/>\n\t\t<\/a>\n\t\t\t<a href=\"https:\/\/wp.1dfh.de\/wordpress\/wp-content\/gallery\/dm-jetmodelle-09\/img_1422.jpg?t=1773440124\"\n\t\t\ttitle=\" \"\n\t\t\t\t\t\t\t\t\t\t\t\t\t\t\t data-image-id=\"1877\" data-src=\"https:\/\/wp.1dfh.de\/wordpress\/wp-content\/gallery\/dm-jetmodelle-09\/img_1422.jpg?t=1773440124\" data-thumbnail=\"https:\/\/wp.1dfh.de\/wordpress\/wp-content\/gallery\/dm-jetmodelle-09\/cache\/img_1422.jpg-nggid041877-ngg0dyn-100x100x100-00f0w010c011r110f110r010t010.jpg?t=1773440124\" data-title=\"img_1422\" data-description=\" \">\n\t\t\t<img title=\"img_1422\"\n\t\t\t\talt=\"img_1422\"\n\t\t\t\tdata-image-id=\"1877\"\n\t\t\t\tsrc=\"\"\/>\n\t\t<\/a>\n\t\t\t<a href=\"https:\/\/wp.1dfh.de\/wordpress\/wp-content\/gallery\/dm-jetmodelle-09\/img_1431.jpg?t=1773440124\"\n\t\t\ttitle=\" \"\n\t\t\t\t\t\t\t\t\t\t\t\t\t\t\t data-image-id=\"1878\" data-src=\"https:\/\/wp.1dfh.de\/wordpress\/wp-content\/gallery\/dm-jetmodelle-09\/img_1431.jpg?t=1773440124\" data-thumbnail=\"https:\/\/wp.1dfh.de\/wordpress\/wp-content\/gallery\/dm-jetmodelle-09\/cache\/img_1431.jpg-nggid041878-ngg0dyn-100x100x100-00f0w010c011r110f110r010t010.jpg?t=1773440124\" data-title=\"img_1431\" data-description=\" \">\n\t\t\t<img title=\"img_1431\"\n\t\t\t\talt=\"img_1431\"\n\t\t\t\tdata-image-id=\"1878\"\n\t\t\t\tsrc=\"\"\/>\n\t\t<\/a>\n\t\t\t<a href=\"https:\/\/wp.1dfh.de\/wordpress\/wp-content\/gallery\/dm-jetmodelle-09\/img_1435.jpg?t=1773440124\"\n\t\t\ttitle=\" \"\n\t\t\t\t\t\t\t\t\t\t\t\t\t\t\t data-image-id=\"1879\" data-src=\"https:\/\/wp.1dfh.de\/wordpress\/wp-content\/gallery\/dm-jetmodelle-09\/img_1435.jpg?t=1773440124\" data-thumbnail=\"https:\/\/wp.1dfh.de\/wordpress\/wp-content\/gallery\/dm-jetmodelle-09\/cache\/img_1435.jpg-nggid041879-ngg0dyn-100x100x100-00f0w010c011r110f110r010t010.jpg?t=1773440124\" data-title=\"img_1435\" data-description=\" \">\n\t\t\t<img title=\"img_1435\"\n\t\t\t\talt=\"img_1435\"\n\t\t\t\tdata-image-id=\"1879\"\n\t\t\t\tsrc=\"\"\/>\n\t\t<\/a>\n\t\t\t<a href=\"https:\/\/wp.1dfh.de\/wordpress\/wp-content\/gallery\/1-mengener-airopen-30-09-2012\/1dfh-chi-mengen-12-191.jpg\"\n\t\t\ttitle=\"AirOpen Mengen 12\"\n\t\t\t\t\t\t\t\t\t\t\t\t\t\t\t data-image-id=\"21518\" data-src=\"https:\/\/wp.1dfh.de\/wordpress\/wp-content\/gallery\/1-mengener-airopen-30-09-2012\/1dfh-chi-mengen-12-191.jpg\" data-thumbnail=\"https:\/\/wp.1dfh.de\/wordpress\/nextgen-image\/21518\/100x100x100\/crop\/3bac85d0be05d4de1ee90195615a6bef\" data-title=\"AirOpen Mengen 12\" data-description=\"AirOpen Mengen 12\">\n\t\t\t<img title=\"AirOpen Mengen 12\"\n\t\t\t\talt=\"AirOpen Mengen 12\"\n\t\t\t\tdata-image-id=\"21518\"\n\t\t\t\tsrc=\"\"\/>\n\t\t<\/a>\n\t\t\t<a href=\"https:\/\/wp.1dfh.de\/wordpress\/wp-content\/gallery\/1-mengener-airopen-30-09-2012\/1dfh-chi-mengen-12-192.jpg\"\n\t\t\ttitle=\"AirOpen Mengen 12\"\n\t\t\t\t\t\t\t\t\t\t\t\t\t\t\t data-image-id=\"21519\" data-src=\"https:\/\/wp.1dfh.de\/wordpress\/wp-content\/gallery\/1-mengener-airopen-30-09-2012\/1dfh-chi-mengen-12-192.jpg\" data-thumbnail=\"https:\/\/wp.1dfh.de\/wordpress\/nextgen-image\/21519\/100x100x100\/crop\/3faebac756e6e9f0e36c9cae28b2751a\" data-title=\"AirOpen Mengen 12\" data-description=\"AirOpen Mengen 12\">\n\t\t\t<img title=\"AirOpen Mengen 12\"\n\t\t\t\talt=\"AirOpen Mengen 12\"\n\t\t\t\tdata-image-id=\"21519\"\n\t\t\t\tsrc=\"\"\/>\n\t\t<\/a>\n\t\t\t<a href=\"https:\/\/wp.1dfh.de\/wordpress\/wp-content\/gallery\/1-mengener-airopen-30-09-2012\/1dfh-chi-mengen-12-193.jpg\"\n\t\t\ttitle=\"AirOpen Mengen 12\"\n\t\t\t\t\t\t\t\t\t\t\t\t\t\t\t data-image-id=\"21520\" data-src=\"https:\/\/wp.1dfh.de\/wordpress\/wp-content\/gallery\/1-mengener-airopen-30-09-2012\/1dfh-chi-mengen-12-193.jpg\" data-thumbnail=\"https:\/\/wp.1dfh.de\/wordpress\/nextgen-image\/21520\/100x100x100\/crop\/e90c31fda85cdc5654b95314abd7b9ad\" data-title=\"AirOpen Mengen 12\" data-description=\"AirOpen Mengen 12\">\n\t\t\t<img title=\"AirOpen Mengen 12\"\n\t\t\t\talt=\"AirOpen Mengen 12\"\n\t\t\t\tdata-image-id=\"21520\"\n\t\t\t\tsrc=\"\"\/>\n\t\t<\/a>\n\t<\/div>\n","protected":false},"excerpt":{"rendered":"<p>Sensationen zwischen Himmel und Erde Coburg: Am 6. und 7. Juli dr\u00f6hnen rund um die Veste Coburg wieder die Flugmotoren, denn auf der Brandensteinsebene findet an diesem Wochenende die derzeit gr\u00f6\u00dfte Air-Show Bayerns statt. F\u00fcr das himmlische Fest legt sich der Aero Club Coburg seit Monaten m\u00e4chtig ins Zeug, um die legend\u00e4ren Veranstaltungen der vergangenen &hellip; <a href=\"https:\/\/wp.1dfh.de\/wordpress\/airshow-aero-club-coburg-e-v-06-07-07-07-2013\/\" class=\"more-link\"><span class=\"screen-reader-text\">Airshow Aero-Club Coburg e. V. 06.07. &#8211; 07.07.2013<\/span> weiterlesen <span class=\"meta-nav\">&rarr;<\/span><\/a><\/p>\n","protected":false},"author":2,"featured_media":23433,"comment_status":"open","ping_status":"open","sticky":false,"template":"","format":"standard","meta":{"ngg_post_thumbnail":0,"footnotes":""},"categories":[18,9],"tags":[8790,57,3652,7012,872,11179,11186,11189,12531,11197,9172,11457,8792,11242,8796,3642,11341],"class_list":["post-22244","post","type-post","status-publish","format-standard","has-post-thumbnail","hentry","category-flugveranstaltungen","category-termine","tag-aero-club-coburg-e-v","tag-airshow","tag-andrea-fenzau-lehmann","tag-extra-300xs","tag-extra-330-sc","tag-henry-bohlig","tag-jetmodelle","tag-ju-52","tag-kinderschminken","tag-kunstflugteam-franken","tag-lars-lehmann","tag-mdm-1-fox","tag-north-american-p-51-mustang","tag-peggy-krainz","tag-swift-s1-s","tag-transall-c160","tag-wing-walkers"],"_links":{"self":[{"href":"https:\/\/wp.1dfh.de\/wordpress\/wp-json\/wp\/v2\/posts\/22244","targetHints":{"allow":["GET"]}}],"collection":[{"href":"https:\/\/wp.1dfh.de\/wordpress\/wp-json\/wp\/v2\/posts"}],"about":[{"href":"https:\/\/wp.1dfh.de\/wordpress\/wp-json\/wp\/v2\/types\/post"}],"author":[{"embeddable":true,"href":"https:\/\/wp.1dfh.de\/wordpress\/wp-json\/wp\/v2\/users\/2"}],"replies":[{"embeddable":true,"href":"https:\/\/wp.1dfh.de\/wordpress\/wp-json\/wp\/v2\/comments?post=22244"}],"version-history":[{"count":0,"href":"https:\/\/wp.1dfh.de\/wordpress\/wp-json\/wp\/v2\/posts\/22244\/revisions"}],"wp:featuredmedia":[{"embeddable":true,"href":"https:\/\/wp.1dfh.de\/wordpress\/wp-json\/wp\/v2\/media\/23433"}],"wp:attachment":[{"href":"https:\/\/wp.1dfh.de\/wordpress\/wp-json\/wp\/v2\/media?parent=22244"}],"wp:term":[{"taxonomy":"category","embeddable":true,"href":"https:\/\/wp.1dfh.de\/wordpress\/wp-json\/wp\/v2\/categories?post=22244"},{"taxonomy":"post_tag","embeddable":true,"href":"https:\/\/wp.1dfh.de\/wordpress\/wp-json\/wp\/v2\/tags?post=22244"}],"curies":[{"name":"wp","href":"https:\/\/api.w.org\/{rel}","templated":true}]}}