{"id":22297,"date":"2013-06-24T00:10:19","date_gmt":"2013-06-23T22:10:19","guid":{"rendered":"http:\/\/wp.1dfh.de\/wordpress\/?p=22297"},"modified":"2014-03-04T10:16:43","modified_gmt":"2014-03-04T09:16:43","slug":"baden-wurttemberg-in-fahrt-eutingen-22-06-23-06-2013","status":"publish","type":"post","link":"https:\/\/wp.1dfh.de\/wordpress\/baden-wurttemberg-in-fahrt-eutingen-22-06-23-06-2013\/","title":{"rendered":"Baden-W\u00fcrttemberg in Fahrt  Eutingen 22.06. &#8211; 23.06.2013"},"content":{"rendered":"<figure id=\"attachment_22298\" aria-describedby=\"caption-attachment-22298\" style=\"width: 300px\" class=\"wp-caption alignleft\"><a href=\"http:\/\/www.heimattage-2013.de\/\"><img loading=\"lazy\" decoding=\"async\" class=\"size-medium wp-image-22298 \" alt=\"Heimattage Baden-W\u00fcrttemberg\" src=\"http:\/\/wp.1dfh.de\/wordpress\/wp-content\/uploads\/heimattage_logo_net1-300x71.jpg\" width=\"300\" height=\"71\" srcset=\"https:\/\/wp.1dfh.de\/wordpress\/wp-content\/uploads\/heimattage_logo_net1-300x71.jpg 300w, https:\/\/wp.1dfh.de\/wordpress\/wp-content\/uploads\/heimattage_logo_net1-150x35.jpg 150w, https:\/\/wp.1dfh.de\/wordpress\/wp-content\/uploads\/heimattage_logo_net1-400x95.jpg 400w, https:\/\/wp.1dfh.de\/wordpress\/wp-content\/uploads\/heimattage_logo_net1.jpg 1167w\" sizes=\"auto, (max-width: 300px) 100vw, 300px\" \/><\/a><figcaption id=\"caption-attachment-22298\" class=\"wp-caption-text\">Heimattage Baden-W\u00fcrttemberg<\/figcaption><\/figure>\n<figure id=\"attachment_23371\" aria-describedby=\"caption-attachment-23371\" style=\"width: 182px\" class=\"wp-caption alignright\"><a href=\"http:\/\/www.bw-in-fahrt.de\/\" target=\"_blank\"><img loading=\"lazy\" decoding=\"async\" class=\" wp-image-23371     \" title=\"Baden-W\u00fcrttemberg in Fahrt\" alt=\"Baden-W\u00fcrttemberg in Fahrt\" src=\"http:\/\/wp.1dfh.de\/wordpress\/wp-content\/uploads\/1002966_548770591827824_1664952902_n1.jpg\" width=\"182\" height=\"393\" srcset=\"https:\/\/wp.1dfh.de\/wordpress\/wp-content\/uploads\/1002966_548770591827824_1664952902_n1.jpg 444w, https:\/\/wp.1dfh.de\/wordpress\/wp-content\/uploads\/1002966_548770591827824_1664952902_n1-69x150.jpg 69w, https:\/\/wp.1dfh.de\/wordpress\/wp-content\/uploads\/1002966_548770591827824_1664952902_n1-400x864.jpg 400w\" sizes=\"auto, (max-width: 182px) 100vw, 182px\" \/><\/a><figcaption id=\"caption-attachment-23371\" class=\"wp-caption-text\">Baden-W\u00fcrttemberg in Fahrt<\/figcaption><\/figure>\n<p>Doppeldecker \u00fcber das Kraftrad bis zur Dampflok, vom Automobil \u00fcber den Schlepper bis zum Zeppelin \u2013 hier sind Ende Juni 2013 alle gern gesehene G\u00e4ste. Dass gerade in Eutingen etwas Derartiges geboten werden kann, liegt an der verkehrsg\u00fcnstigen Lage der Kommune. Sie ist Bahnknotenpunkt, liegt nahe der Autobahn und verf\u00fcgt \u00fcber einen Flugplatz. Und so liegt es nahe, ein gro\u00dfes Oldtimerspektakel anzzusetzen, das wohl nicht nur baden &#8211; w\u00fcrttembergweit f\u00fcr Aufmerksamkeit sorgen wird. Hier k\u00f6nnen technisch begeisterte genauso wie nostalgisch veranlagte Besucher ins Staunen und Tr\u00e4umen kommen. Neben der Ausstellung der historischen Fahr &#8211; und Flugger\u00e4te gibt es nat\u00fcrlich auch ein Rahmenprogramm f\u00fcr junge und junggebliebene Besucher \u2013 <del>geplant sind eine Sternfahrt mit historischen Z\u00fcgen<\/del> und eine historische Flugshow. Und nat\u00fcrlich wird es auch musikalische Darbietungen geben genauso wie ein Kinderprogramm. F\u00fcr das leibliche Wohl wird ebenfalls gesorgt. F\u00fcr einen emotionalen H\u00f6hepunkt sorgt ein Ballon &#8211; Massenstart und das anschlie\u00dfende Ballongl\u00fchen.<\/p>\n<ul>\n<li>Ballonfahrer-Meisterschaft<\/li>\n<li>Oldtimertreffen<\/li>\n<li><span>Schleppertreffen<\/span><\/li>\n<li><a href=\"http:\/\/www.bw-in-fahrt.de\/flugprogramm.php\" target=\"_blank\">Formationsfl\u00fcge &amp; Kunstflugshows<\/a><\/li>\n<\/ul>\n<figure id=\"attachment_23477\" aria-describedby=\"caption-attachment-23477\" style=\"width: 170px\" class=\"wp-caption alignright\"><a href=\"http:\/\/www.fsghannsklemm.de\" target=\"_blank\"><img loading=\"lazy\" decoding=\"async\" class=\" wp-image-23477  \" title=\"Flugsportgruppe Hanns Klemm B\u00f6blingen e.V.\" alt=\"Flugsportgruppe Hanns Klemm B\u00f6blingen e.V.\" src=\"http:\/\/wp.1dfh.de\/wordpress\/wp-content\/uploads\/FSG-Vereinslogo.jpg\" width=\"170\" height=\"99\" \/><\/a><figcaption id=\"caption-attachment-23477\" class=\"wp-caption-text\">Flugsportgruppe Hanns Klemm B\u00f6blingen e.V.<\/figcaption><\/figure>\n<figure id=\"attachment_23479\" aria-describedby=\"caption-attachment-23479\" style=\"width: 147px\" class=\"wp-caption alignright\"><a href=\"http:\/\/www.fsv-rottenburg-horb.de\" target=\"_blank\"><img loading=\"lazy\" decoding=\"async\" class=\" wp-image-23479  \" title=\"Flugsportverein Rottenburg-Horb e.V.\" alt=\"Flugsportverein Rottenburg-Horb e.V.\" src=\"http:\/\/wp.1dfh.de\/wordpress\/wp-content\/uploads\/logo-2012-1-roho-ohne-rahmen_sbp1.jpg\" width=\"147\" height=\"99\" srcset=\"https:\/\/wp.1dfh.de\/wordpress\/wp-content\/uploads\/logo-2012-1-roho-ohne-rahmen_sbp1.jpg 210w, https:\/\/wp.1dfh.de\/wordpress\/wp-content\/uploads\/logo-2012-1-roho-ohne-rahmen_sbp1-150x101.jpg 150w\" sizes=\"auto, (max-width: 147px) 100vw, 147px\" \/><\/a><figcaption id=\"caption-attachment-23479\" class=\"wp-caption-text\"><a href=\"http:\/\/www.fsv-rottenburg-horb.de\" target=\"_blank\">Flugsportverein Rottenburg-Horb e.V.<\/a><\/figcaption><\/figure>\n<p>Freunde historischer und zeitgen\u00f6ssischer Flugzeuge werden bei \u201eBaden-W\u00fcrttemberg in Fahrt&#8220; voll auf ihre Kosten kommen. Der\u00a0<a href=\"http:\/\/www.fsv-rottenburg-horb.de\" target=\"_blank\">Flugsportverein-Rottenburg-Horb e.V.<\/a> und die\u00a0<a href=\"http:\/\/www.fsghannsklemm.de\" target=\"_blank\">Flugsportgruppe Hanns Klemm B\u00f6blingen e.V.<\/a> zeigen am Samstag und Sonntag eindrucksvolle Formationsfl\u00fcge und Kunstflugvorf\u00fchrungen. Unter anderem werden eine Diabolo, verschiedene Klemm- und B\u00fccker-Maschinen und eine russische Antonow, der derzeit gr\u00f6\u00dfte Doppeldecker der Welt mit elf Sitzpl\u00e4tzen und 1000 PS, zu sehen sein. F\u00fcr ein weiteres Highlight in luftiger H\u00f6he sorgt das Technikmuseum Sinsheim: Es schickt eine JAK-Staffel, eine Formation alter sowjetischer Kampflugzeuge mit Sternmotor, die ebenfalls Kunstfl\u00fcge zeigen werden.<\/p>\n<p>Die Veranstaltung ist teilweise kostenpflichtig. N\u00e4here Informationen gibt es zeitnah im Internet auf <a href=\"http:\/\/www.bw-in-fahrt.de\/programm.php\" target=\"_blank\">bw-in-fahrt.de<\/a><\/p>\n<p>Samstag:ngg_shortcode_0_placeholder<\/p>\nngg_shortcode_1_placeholder\n<p>Sonntag:ngg_shortcode_2_placeholder<\/p>\nngg_shortcode_3_placeholder\n<p>&nbsp;<\/p>\n<p>&nbsp;<\/p>\n<p>[gmap]<\/p>\n<div class=\"ngg-related-gallery\">\n\t\t\t<a href=\"https:\/\/wp.1dfh.de\/wordpress\/wp-content\/gallery\/kehl09\/1dfh-kehl09_0001.JPG?t=1773429976\"\n\t\t\ttitle=\" \"\n\t\t\t\t\t\t\t\t\t\t\t\t\t\t\t data-image-id=\"707\" data-src=\"https:\/\/wp.1dfh.de\/wordpress\/wp-content\/gallery\/kehl09\/1dfh-kehl09_0001.JPG?t=1773429976\" data-thumbnail=\"https:\/\/wp.1dfh.de\/wordpress\/wp-content\/gallery\/kehl09\/cache\/1dfh-kehl09_0001.JPG-nggid03707-ngg0dyn-100x100x100-00f0w010c011r110f110r010t010.JPG?t=1773429976\" data-title=\"1dfh-kehl09_0001\" data-description=\" \">\n\t\t\t<img title=\"1dfh-kehl09_0001\"\n\t\t\t\talt=\"1dfh-kehl09_0001\"\n\t\t\t\tdata-image-id=\"707\"\n\t\t\t\tsrc=\"\"\/>\n\t\t<\/a>\n\t\t\t<a href=\"https:\/\/wp.1dfh.de\/wordpress\/wp-content\/gallery\/kehl09\/1dfh-kehl09_0002.JPG?t=1773429976\"\n\t\t\ttitle=\" \"\n\t\t\t\t\t\t\t\t\t\t\t\t\t\t\t data-image-id=\"708\" data-src=\"https:\/\/wp.1dfh.de\/wordpress\/wp-content\/gallery\/kehl09\/1dfh-kehl09_0002.JPG?t=1773429976\" data-thumbnail=\"https:\/\/wp.1dfh.de\/wordpress\/wp-content\/gallery\/kehl09\/cache\/1dfh-kehl09_0002.JPG-nggid03708-ngg0dyn-100x100x100-00f0w010c011r110f110r010t010.JPG?t=1773429976\" data-title=\"1dfh-kehl09_0002\" data-description=\" \">\n\t\t\t<img title=\"1dfh-kehl09_0002\"\n\t\t\t\talt=\"1dfh-kehl09_0002\"\n\t\t\t\tdata-image-id=\"708\"\n\t\t\t\tsrc=\"\"\/>\n\t\t<\/a>\n\t\t\t<a href=\"https:\/\/wp.1dfh.de\/wordpress\/wp-content\/gallery\/kehl09\/1dfh-kehl09_0003.JPG?t=1773429976\"\n\t\t\ttitle=\" \"\n\t\t\t\t\t\t\t\t\t\t\t\t\t\t\t data-image-id=\"709\" data-src=\"https:\/\/wp.1dfh.de\/wordpress\/wp-content\/gallery\/kehl09\/1dfh-kehl09_0003.JPG?t=1773429976\" data-thumbnail=\"https:\/\/wp.1dfh.de\/wordpress\/wp-content\/gallery\/kehl09\/cache\/1dfh-kehl09_0003.JPG-nggid03709-ngg0dyn-100x100x100-00f0w010c011r110f110r010t010.JPG?t=1773429976\" data-title=\"1dfh-kehl09_0003\" data-description=\" \">\n\t\t\t<img title=\"1dfh-kehl09_0003\"\n\t\t\t\talt=\"1dfh-kehl09_0003\"\n\t\t\t\tdata-image-id=\"709\"\n\t\t\t\tsrc=\"\"\/>\n\t\t<\/a>\n\t\t\t<a href=\"https:\/\/wp.1dfh.de\/wordpress\/wp-content\/gallery\/kehl09\/1dfh-kehl09_0004.JPG?t=1773429976\"\n\t\t\ttitle=\" \"\n\t\t\t\t\t\t\t\t\t\t\t\t\t\t\t data-image-id=\"710\" data-src=\"https:\/\/wp.1dfh.de\/wordpress\/wp-content\/gallery\/kehl09\/1dfh-kehl09_0004.JPG?t=1773429976\" data-thumbnail=\"https:\/\/wp.1dfh.de\/wordpress\/wp-content\/gallery\/kehl09\/cache\/1dfh-kehl09_0004.JPG-nggid03710-ngg0dyn-100x100x100-00f0w010c011r110f110r010t010.JPG?t=1773429976\" data-title=\"1dfh-kehl09_0004\" data-description=\" \">\n\t\t\t<img title=\"1dfh-kehl09_0004\"\n\t\t\t\talt=\"1dfh-kehl09_0004\"\n\t\t\t\tdata-image-id=\"710\"\n\t\t\t\tsrc=\"\"\/>\n\t\t<\/a>\n\t\t\t<a href=\"https:\/\/wp.1dfh.de\/wordpress\/wp-content\/gallery\/kehl09\/1dfh-kehl09_0011.JPG?t=1773302596\"\n\t\t\ttitle=\" \"\n\t\t\t\t\t\t\t\t\t\t\t\t\t\t\t data-image-id=\"717\" data-src=\"https:\/\/wp.1dfh.de\/wordpress\/wp-content\/gallery\/kehl09\/1dfh-kehl09_0011.JPG?t=1773302596\" data-thumbnail=\"https:\/\/wp.1dfh.de\/wordpress\/wp-content\/gallery\/kehl09\/cache\/1dfh-kehl09_0011.JPG-nggid03717-ngg0dyn-100x100x100-00f0w010c011r110f110r010t010.JPG?t=1773302596\" data-title=\"1dfh-kehl09_0011\" data-description=\" \">\n\t\t\t<img title=\"1dfh-kehl09_0011\"\n\t\t\t\talt=\"1dfh-kehl09_0011\"\n\t\t\t\tdata-image-id=\"717\"\n\t\t\t\tsrc=\"\"\/>\n\t\t<\/a>\n\t\t\t<a href=\"https:\/\/wp.1dfh.de\/wordpress\/wp-content\/gallery\/kehl09\/1dfh-kehl09_0019.JPG?t=1773302597\"\n\t\t\ttitle=\" \"\n\t\t\t\t\t\t\t\t\t\t\t\t\t\t\t data-image-id=\"725\" data-src=\"https:\/\/wp.1dfh.de\/wordpress\/wp-content\/gallery\/kehl09\/1dfh-kehl09_0019.JPG?t=1773302597\" data-thumbnail=\"https:\/\/wp.1dfh.de\/wordpress\/wp-content\/gallery\/kehl09\/cache\/1dfh-kehl09_0019.JPG-nggid03725-ngg0dyn-100x100x100-00f0w010c011r110f110r010t010.JPG?t=1773302597\" data-title=\"1dfh-kehl09_0019\" data-description=\" \">\n\t\t\t<img title=\"1dfh-kehl09_0019\"\n\t\t\t\talt=\"1dfh-kehl09_0019\"\n\t\t\t\tdata-image-id=\"725\"\n\t\t\t\tsrc=\"\"\/>\n\t\t<\/a>\n\t\t\t<a href=\"https:\/\/wp.1dfh.de\/wordpress\/wp-content\/gallery\/kehl09\/1dfh-kehl09_0020.JPG?t=1773302596\"\n\t\t\ttitle=\" \"\n\t\t\t\t\t\t\t\t\t\t\t\t\t\t\t data-image-id=\"726\" data-src=\"https:\/\/wp.1dfh.de\/wordpress\/wp-content\/gallery\/kehl09\/1dfh-kehl09_0020.JPG?t=1773302596\" data-thumbnail=\"https:\/\/wp.1dfh.de\/wordpress\/wp-content\/gallery\/kehl09\/cache\/1dfh-kehl09_0020.JPG-nggid03726-ngg0dyn-100x100x100-00f0w010c011r110f110r010t010.JPG?t=1773302596\" data-title=\"1dfh-kehl09_0020\" data-description=\" \">\n\t\t\t<img title=\"1dfh-kehl09_0020\"\n\t\t\t\talt=\"1dfh-kehl09_0020\"\n\t\t\t\tdata-image-id=\"726\"\n\t\t\t\tsrc=\"\"\/>\n\t\t<\/a>\n\t<\/div>\n","protected":false},"excerpt":{"rendered":"<p>Doppeldecker \u00fcber das Kraftrad bis zur Dampflok, vom Automobil \u00fcber den Schlepper bis zum Zeppelin \u2013 hier sind Ende Juni 2013 alle gern gesehene G\u00e4ste. Dass gerade in Eutingen etwas Derartiges geboten werden kann, liegt an der verkehrsg\u00fcnstigen Lage der Kommune. Sie ist Bahnknotenpunkt, liegt nahe der Autobahn und verf\u00fcgt \u00fcber einen Flugplatz. Und so &hellip; <a href=\"https:\/\/wp.1dfh.de\/wordpress\/baden-wurttemberg-in-fahrt-eutingen-22-06-23-06-2013\/\" class=\"more-link\"><span class=\"screen-reader-text\">Baden-W\u00fcrttemberg in Fahrt  Eutingen 22.06. &#8211; 23.06.2013<\/span> weiterlesen <span class=\"meta-nav\">&rarr;<\/span><\/a><\/p>\n","protected":false},"author":2,"featured_media":23371,"comment_status":"open","ping_status":"open","sticky":false,"template":"","format":"standard","meta":{"ngg_post_thumbnail":0,"footnotes":""},"categories":[3,15,18,6,9],"tags":[11479,2067,760,11372,67,11366,644,680,12673,3575,3590,12675,877,9080,11385,11369,11125,12125,12634,12111,11137,12635,12636,12668,5413,9087,8805,11497,9014,11195,12640,12674,12671,12641,3849,398,9511,12647,11314,5792,12331,9013,9082,12108,12605,5984,12604,11290,898,812],"class_list":["post-22297","post","type-post","status-publish","format-standard","has-post-thumbnail","hentry","category-aktuelles","category-ausstellungen","category-flugveranstaltungen","category-fotos","category-termine","tag-acrostar","tag-an-ii","tag-an-2","tag-antonov-an-2","tag-antonov-an-ii","tag-antonow","tag-antonow-an-ii","tag-av-36","tag-baden-wurttemberg-in-fahrt","tag-ballonflug","tag-ballongluhen","tag-bernd-brodbeck","tag-bucker-131-jungmann","tag-d-eegn","tag-d-exew","tag-d-fkme","tag-diabolo","tag-dietmar-eger","tag-eutingen","tag-extra-300-l","tag-extra-300","tag-flugsportgruppe-hanns-klemm-boblingen-e-v","tag-flugsportverein-rottenburg-horb-e-v","tag-gert-bender","tag-havard-at6","tag-heimattage-2013","tag-heimattage-baden-wurttemberg","tag-hirth-hi-27-akrostar-mkii","tag-klemm-kl-25","tag-kunstflug","tag-louisiana-kid","tag-mobile-legenden","tag-musikfeuerwerk","tag-mustang-p-51-d","tag-north-american-p-51d-mustang-2","tag-north-american-super-six","tag-oldtimer-und-luftfahrtfestival","tag-p-51d-mustang","tag-petra-mogg","tag-pilatus-b4","tag-rf-4d","tag-stefan-saile","tag-t-6-2","tag-thomas-neudel","tag-urs-meyer","tag-volker-erndt","tag-wilhelm-heinz","tag-wolfgang-dallach","tag-yak-50","tag-yak-52"],"_links":{"self":[{"href":"https:\/\/wp.1dfh.de\/wordpress\/wp-json\/wp\/v2\/posts\/22297","targetHints":{"allow":["GET"]}}],"collection":[{"href":"https:\/\/wp.1dfh.de\/wordpress\/wp-json\/wp\/v2\/posts"}],"about":[{"href":"https:\/\/wp.1dfh.de\/wordpress\/wp-json\/wp\/v2\/types\/post"}],"author":[{"embeddable":true,"href":"https:\/\/wp.1dfh.de\/wordpress\/wp-json\/wp\/v2\/users\/2"}],"replies":[{"embeddable":true,"href":"https:\/\/wp.1dfh.de\/wordpress\/wp-json\/wp\/v2\/comments?post=22297"}],"version-history":[{"count":0,"href":"https:\/\/wp.1dfh.de\/wordpress\/wp-json\/wp\/v2\/posts\/22297\/revisions"}],"wp:featuredmedia":[{"embeddable":true,"href":"https:\/\/wp.1dfh.de\/wordpress\/wp-json\/wp\/v2\/media\/23371"}],"wp:attachment":[{"href":"https:\/\/wp.1dfh.de\/wordpress\/wp-json\/wp\/v2\/media?parent=22297"}],"wp:term":[{"taxonomy":"category","embeddable":true,"href":"https:\/\/wp.1dfh.de\/wordpress\/wp-json\/wp\/v2\/categories?post=22297"},{"taxonomy":"post_tag","embeddable":true,"href":"https:\/\/wp.1dfh.de\/wordpress\/wp-json\/wp\/v2\/tags?post=22297"}],"curies":[{"name":"wp","href":"https:\/\/api.w.org\/{rel}","templated":true}]}}