{"id":22405,"date":"2013-03-13T10:14:10","date_gmt":"2013-03-13T09:14:10","guid":{"rendered":"http:\/\/wp.1dfh.de\/wordpress\/?p=22405"},"modified":"2015-09-06T21:36:36","modified_gmt":"2015-09-06T19:36:36","slug":"arte-xenius-der-traum-vom-fliegen-13-03-2013","status":"publish","type":"post","link":"https:\/\/wp.1dfh.de\/wordpress\/arte-xenius-der-traum-vom-fliegen-13-03-2013\/","title":{"rendered":"arte: X:enius Der Traum vom Fliegen 13.03.2013"},"content":{"rendered":"<figure id=\"attachment_14762\" aria-describedby=\"caption-attachment-14762\" style=\"width: 160px\" class=\"wp-caption alignright\"><a href=\"http:\/\/www.arte.de\" target=\"_blank\"><img loading=\"lazy\" decoding=\"async\" class=\"size-full wp-image-14762 \" alt=\"Arte\" src=\"http:\/\/wp.1dfh.de\/wordpress\/wp-content\/uploads\/logo_arte_tv_6-3277342-data-48523411.png\" width=\"160\" height=\"38\" srcset=\"https:\/\/wp.1dfh.de\/wordpress\/wp-content\/uploads\/logo_arte_tv_6-3277342-data-48523411.png 160w, https:\/\/wp.1dfh.de\/wordpress\/wp-content\/uploads\/logo_arte_tv_6-3277342-data-48523411-150x35.png 150w\" sizes=\"auto, (max-width: 160px) 100vw, 160px\" \/><\/a><figcaption id=\"caption-attachment-14762\" class=\"wp-caption-text\">Arte<\/figcaption><\/figure>\n<p>X:enius<br \/>\nDer Traum vom Fliegen<br \/>\nMittwoch, 13. M\u00e4rz um 16:05 Uhr, 26 Min.<\/p>\n<p>DER TRAUM VOM FLIEGEN Heute kann sich jeder den Traum vom Fliegen erf\u00fcllen, indem er in ein Flugzeug steigt. Aber wer hat schon ein eigenes Ger\u00e4t, mit dem er abheben kann? Auch dieser Traum k\u00f6nnte bald wahr werden &#8211; und das ohne gro\u00dfen Aufwand und Kosten. Das versprechen zumindest drei Forscher aus Karlsruhe. Sie entwickelten den &#8218;Volocopter&#8216;<\/p>\n<p><object classid=\"clsid:D27CDB6E-AE6D-11cf-96B8-444553540000\" codebase=\"http:\/\/download.macromedia.com\/pub\/shockwave\/cabs\/flash\/swflash.cab#version=10,0,0,0\" id=\"playerArte\" allowScriptAccess=\"always\" width=\"450\" height=\"303\" ><param name=\"allowFullScreen\" value=\"true\" \/><param name=\"allowScriptAccess\" value=\"always\" \/><param name=\"quality\" value=\"high\"\/><param name=\"movie\" value=\"http:\/\/videos.arte.tv\/videoplayer.swf?admin=false&#038;autoPlay=true&#038;localizedPathUrl=http%3A%2F%2Fvideos%2Earte%2Etv%2Fcae%2Fstatic%2Fflash%2Fplayer%2F&#038;mode=prod&#038;configFileUrl=http%3A%2F%2Fvideos%2Earte%2Etv%2Fcae%2Fstatic%2Fflash%2Fplayer%2Fconfig%2Exml&#038;videoId=7372216&#038;lang=de&#038;videorefFileUrl=http%3A%2F%2Fvideos%2Earte%2Etv%2Fde%2Fdo%5Fdelegate%2Fvideos%2Fx%2Denius%2D%2D7372216%2Cview%2CasPlayerXml%2Exml&#038;embed=true&#038;autoPlay=false\"\/><embed src=\"http:\/\/videos.arte.tv\/videoplayer.swf?admin=false&#038;autoPlay=true&#038;localizedPathUrl=http%3A%2F%2Fvideos%2Earte%2Etv%2Fcae%2Fstatic%2Fflash%2Fplayer%2F&#038;mode=prod&#038;configFileUrl=http%3A%2F%2Fvideos%2Earte%2Etv%2Fcae%2Fstatic%2Fflash%2Fplayer%2Fconfig%2Exml&#038;videoId=7372216&#038;lang=de&#038;videorefFileUrl=http%3A%2F%2Fvideos%2Earte%2Etv%2Fde%2Fdo%5Fdelegate%2Fvideos%2Fx%2Denius%2D%2D7372216%2Cview%2CasPlayerXml%2Exml&#038;embed=true&#038;autoPlay=false\" width=\"450\" height=\"303\" allowFullScreen=\"true\" name=\"playerArte\" quality=\"high\" allowScriptAccess=\"always\" pluginspage=\"http:\/\/www.macromedia.com\/go\/getflashplayer\" type=\"application\/x-shockwave-flash\"\/><\/object><\/p>\n<p>Frei wie ein Vogel durch die L\u00fcfte gleiten \u2013 bereits vor Jahrhunderten hatten die Menschen diesen Traum vom Fliegen. Dem deutschen Ingenieur Otto Lilienthal gelang Ende des 19. Jahrhunderts ein entscheidender Fortschritt bei der Eroberung des Luftraums. Jahrelang bastelte er verschiedene Flugapparate und schaffte es schlie\u00dflich, 250 Meter weit zu gleiten \u2013 damals eine Sensation. Im Jahr 1896 verungl\u00fcckte er t\u00f6dlich bei einem Flugversuch. Als das weltweit erste Motorflugzeug der Gebr\u00fcder Wright sieben Jahre sp\u00e4ter abhob, war es auch Lilienthals Verdienst, denn die Konstruktion ging auf seine Entw\u00fcrfe zur\u00fcck. Heute kann sich jeder den Traum vom Fliegen erf\u00fcllen, indem er in ein Flugzeug steigt. Aber wer hat schon ein eigenes Ger\u00e4t, mit dem er abheben kann? Auch dieser Traum k\u00f6nnte bald wahr werden \u2013 und das ohne gro\u00dfen Aufwand und Kosten. Das versprechen zumindest drei Forscher aus Karlsruhe. Bis ihr \u201eVolocopter\u201c in Serie gehen kann, stehen allerdings noch viele Tests an. Auch die \u201eX:enius\u201c-Moderatoren D\u00f6rthe Eickelberg und Pierre Girard gehen heute in die L\u00fcfte. D\u00f6rthe Eickelberg steigt mit der Fluglehrerin Chrysanthi Funke in ein Segelflugzeug, Pierre kontrolliert vom Motorflugzeug aus die Lage.<\/p>\n<div class=\"ngg-related-gallery\">\n\t\t\t<a href=\"https:\/\/wp.1dfh.de\/wordpress\/wp-content\/gallery\/30-interex-hmsv-vaihingen-enz-05-09-2015\/interex15.jpg?t=1775697351\"\n\t\t\ttitle=\"30. InterEx HMSV \u2013 Vaihingen\/Enz 05.09.2015\"\n\t\t\t\t\t\t\t\t\t\t\t\t\t\t\t data-image-id=\"50651\" data-src=\"https:\/\/wp.1dfh.de\/wordpress\/wp-content\/gallery\/30-interex-hmsv-vaihingen-enz-05-09-2015\/interex15.jpg?t=1775697351\" data-thumbnail=\"https:\/\/wp.1dfh.de\/wordpress\/wp-content\/gallery\/30-interex-hmsv-vaihingen-enz-05-09-2015\/cache\/interex15.jpg-nggid0550651-ngg0dyn-100x100x100-00f0w010c011r110f110r010t010.jpg?t=1775697351\" data-title=\"30. InterEx HMSV \u2013 Vaihingen\/Enz 05.09.2015\" data-description=\"30. InterEx HMSV \u2013 Vaihingen\/Enz 05.09.2015\">\n\t\t\t<img title=\"30. InterEx HMSV \u2013 Vaihingen\/Enz 05.09.2015\"\n\t\t\t\talt=\"30. InterEx HMSV \u2013 Vaihingen\/Enz 05.09.2015\"\n\t\t\t\tdata-image-id=\"50651\"\n\t\t\t\tsrc=\"\"\/>\n\t\t<\/a>\n\t\t\t<a href=\"https:\/\/wp.1dfh.de\/wordpress\/wp-content\/gallery\/30-interex-hmsv-vaihingen-enz-05-09-2015\/1dfh34191dfh-05092015.jpg?t=1773575145\"\n\t\t\ttitle=\"30. InterEx HMSV \u2013 Vaihingen\/Enz 05.09.2015\"\n\t\t\t\t\t\t\t\t\t\t\t\t\t\t\t data-image-id=\"50652\" data-src=\"https:\/\/wp.1dfh.de\/wordpress\/wp-content\/gallery\/30-interex-hmsv-vaihingen-enz-05-09-2015\/1dfh34191dfh-05092015.jpg?t=1773575145\" data-thumbnail=\"https:\/\/wp.1dfh.de\/wordpress\/wp-content\/gallery\/30-interex-hmsv-vaihingen-enz-05-09-2015\/cache\/1dfh34191dfh-05092015.jpg-nggid0550652-ngg0dyn-100x100x100-00f0w010c011r110f110r010t010.jpg?t=1773575145\" data-title=\"30. InterEx HMSV \u2013 Vaihingen\/Enz 05.09.2015\" data-description=\"30. InterEx HMSV \u2013 Vaihingen\/Enz 05.09.2015\">\n\t\t\t<img title=\"30. InterEx HMSV \u2013 Vaihingen\/Enz 05.09.2015\"\n\t\t\t\talt=\"30. InterEx HMSV \u2013 Vaihingen\/Enz 05.09.2015\"\n\t\t\t\tdata-image-id=\"50652\"\n\t\t\t\tsrc=\"\"\/>\n\t\t<\/a>\n\t\t\t<a href=\"https:\/\/wp.1dfh.de\/wordpress\/wp-content\/gallery\/30-interex-hmsv-vaihingen-enz-05-09-2015\/1dfh34211dfh-05092015.jpg?t=1773575145\"\n\t\t\ttitle=\"30. InterEx HMSV \u2013 Vaihingen\/Enz 05.09.2015\"\n\t\t\t\t\t\t\t\t\t\t\t\t\t\t\t data-image-id=\"50653\" data-src=\"https:\/\/wp.1dfh.de\/wordpress\/wp-content\/gallery\/30-interex-hmsv-vaihingen-enz-05-09-2015\/1dfh34211dfh-05092015.jpg?t=1773575145\" data-thumbnail=\"https:\/\/wp.1dfh.de\/wordpress\/wp-content\/gallery\/30-interex-hmsv-vaihingen-enz-05-09-2015\/cache\/1dfh34211dfh-05092015.jpg-nggid0550653-ngg0dyn-100x100x100-00f0w010c011r110f110r010t010.jpg?t=1773575145\" data-title=\"30. InterEx HMSV \u2013 Vaihingen\/Enz 05.09.2015\" data-description=\"30. InterEx HMSV \u2013 Vaihingen\/Enz 05.09.2015\">\n\t\t\t<img title=\"30. InterEx HMSV \u2013 Vaihingen\/Enz 05.09.2015\"\n\t\t\t\talt=\"30. InterEx HMSV \u2013 Vaihingen\/Enz 05.09.2015\"\n\t\t\t\tdata-image-id=\"50653\"\n\t\t\t\tsrc=\"\"\/>\n\t\t<\/a>\n\t\t\t<a href=\"https:\/\/wp.1dfh.de\/wordpress\/wp-content\/gallery\/30-interex-hmsv-vaihingen-enz-05-09-2015\/1dfh34251dfh-05092015.jpg?t=1773575145\"\n\t\t\ttitle=\"30. InterEx HMSV \u2013 Vaihingen\/Enz 05.09.2015\"\n\t\t\t\t\t\t\t\t\t\t\t\t\t\t\t data-image-id=\"50654\" data-src=\"https:\/\/wp.1dfh.de\/wordpress\/wp-content\/gallery\/30-interex-hmsv-vaihingen-enz-05-09-2015\/1dfh34251dfh-05092015.jpg?t=1773575145\" data-thumbnail=\"https:\/\/wp.1dfh.de\/wordpress\/wp-content\/gallery\/30-interex-hmsv-vaihingen-enz-05-09-2015\/cache\/1dfh34251dfh-05092015.jpg-nggid0550654-ngg0dyn-100x100x100-00f0w010c011r110f110r010t010.jpg?t=1773575145\" data-title=\"30. InterEx HMSV \u2013 Vaihingen\/Enz 05.09.2015\" data-description=\"30. InterEx HMSV \u2013 Vaihingen\/Enz 05.09.2015\">\n\t\t\t<img title=\"30. InterEx HMSV \u2013 Vaihingen\/Enz 05.09.2015\"\n\t\t\t\talt=\"30. InterEx HMSV \u2013 Vaihingen\/Enz 05.09.2015\"\n\t\t\t\tdata-image-id=\"50654\"\n\t\t\t\tsrc=\"\"\/>\n\t\t<\/a>\n\t\t\t<a href=\"https:\/\/wp.1dfh.de\/wordpress\/wp-content\/gallery\/30-interex-hmsv-vaihingen-enz-05-09-2015\/1dfh34271dfh-05092015.jpg?t=1773575155\"\n\t\t\ttitle=\"30. InterEx HMSV \u2013 Vaihingen\/Enz 05.09.2015\"\n\t\t\t\t\t\t\t\t\t\t\t\t\t\t\t data-image-id=\"50655\" data-src=\"https:\/\/wp.1dfh.de\/wordpress\/wp-content\/gallery\/30-interex-hmsv-vaihingen-enz-05-09-2015\/1dfh34271dfh-05092015.jpg?t=1773575155\" data-thumbnail=\"https:\/\/wp.1dfh.de\/wordpress\/wp-content\/gallery\/30-interex-hmsv-vaihingen-enz-05-09-2015\/cache\/1dfh34271dfh-05092015.jpg-nggid0550655-ngg0dyn-100x100x100-00f0w010c011r110f110r010t010.jpg?t=1773575155\" data-title=\"30. InterEx HMSV \u2013 Vaihingen\/Enz 05.09.2015\" data-description=\"30. InterEx HMSV \u2013 Vaihingen\/Enz 05.09.2015\">\n\t\t\t<img title=\"30. InterEx HMSV \u2013 Vaihingen\/Enz 05.09.2015\"\n\t\t\t\talt=\"30. InterEx HMSV \u2013 Vaihingen\/Enz 05.09.2015\"\n\t\t\t\tdata-image-id=\"50655\"\n\t\t\t\tsrc=\"\"\/>\n\t\t<\/a>\n\t\t\t<a href=\"https:\/\/wp.1dfh.de\/wordpress\/wp-content\/gallery\/30-interex-hmsv-vaihingen-enz-05-09-2015\/1dfh34291dfh-05092015.jpg?t=1773575145\"\n\t\t\ttitle=\"30. InterEx HMSV \u2013 Vaihingen\/Enz 05.09.2015\"\n\t\t\t\t\t\t\t\t\t\t\t\t\t\t\t data-image-id=\"50656\" data-src=\"https:\/\/wp.1dfh.de\/wordpress\/wp-content\/gallery\/30-interex-hmsv-vaihingen-enz-05-09-2015\/1dfh34291dfh-05092015.jpg?t=1773575145\" data-thumbnail=\"https:\/\/wp.1dfh.de\/wordpress\/wp-content\/gallery\/30-interex-hmsv-vaihingen-enz-05-09-2015\/cache\/1dfh34291dfh-05092015.jpg-nggid0550656-ngg0dyn-100x100x100-00f0w010c011r110f110r010t010.jpg?t=1773575145\" data-title=\"30. InterEx HMSV \u2013 Vaihingen\/Enz 05.09.2015\" data-description=\"30. InterEx HMSV \u2013 Vaihingen\/Enz 05.09.2015\">\n\t\t\t<img title=\"30. InterEx HMSV \u2013 Vaihingen\/Enz 05.09.2015\"\n\t\t\t\talt=\"30. InterEx HMSV \u2013 Vaihingen\/Enz 05.09.2015\"\n\t\t\t\tdata-image-id=\"50656\"\n\t\t\t\tsrc=\"\"\/>\n\t\t<\/a>\n\t\t\t<a href=\"https:\/\/wp.1dfh.de\/wordpress\/wp-content\/gallery\/30-interex-hmsv-vaihingen-enz-05-09-2015\/1dfh34381dfh-05092015.jpg?t=1773575145\"\n\t\t\ttitle=\"30. InterEx HMSV \u2013 Vaihingen\/Enz 05.09.2015\"\n\t\t\t\t\t\t\t\t\t\t\t\t\t\t\t data-image-id=\"50657\" data-src=\"https:\/\/wp.1dfh.de\/wordpress\/wp-content\/gallery\/30-interex-hmsv-vaihingen-enz-05-09-2015\/1dfh34381dfh-05092015.jpg?t=1773575145\" data-thumbnail=\"https:\/\/wp.1dfh.de\/wordpress\/wp-content\/gallery\/30-interex-hmsv-vaihingen-enz-05-09-2015\/cache\/1dfh34381dfh-05092015.jpg-nggid0550657-ngg0dyn-100x100x100-00f0w010c011r110f110r010t010.jpg?t=1773575145\" data-title=\"30. InterEx HMSV \u2013 Vaihingen\/Enz 05.09.2015\" data-description=\"30. InterEx HMSV \u2013 Vaihingen\/Enz 05.09.2015\">\n\t\t\t<img title=\"30. InterEx HMSV \u2013 Vaihingen\/Enz 05.09.2015\"\n\t\t\t\talt=\"30. InterEx HMSV \u2013 Vaihingen\/Enz 05.09.2015\"\n\t\t\t\tdata-image-id=\"50657\"\n\t\t\t\tsrc=\"\"\/>\n\t\t<\/a>\n\t<\/div>\n","protected":false},"excerpt":{"rendered":"<p>X:enius Der Traum vom Fliegen Mittwoch, 13. M\u00e4rz um 16:05 Uhr, 26 Min. DER TRAUM VOM FLIEGEN Heute kann sich jeder den Traum vom Fliegen erf\u00fcllen, indem er in ein Flugzeug steigt. Aber wer hat schon ein eigenes Ger\u00e4t, mit dem er abheben kann? Auch dieser Traum k\u00f6nnte bald wahr werden &#8211; und das ohne &hellip; <a href=\"https:\/\/wp.1dfh.de\/wordpress\/arte-xenius-der-traum-vom-fliegen-13-03-2013\/\" class=\"more-link\"><span class=\"screen-reader-text\">arte: X:enius Der Traum vom Fliegen 13.03.2013<\/span> weiterlesen <span class=\"meta-nav\">&rarr;<\/span><\/a><\/p>\n","protected":false},"author":2,"featured_media":0,"comment_status":"open","ping_status":"open","sticky":false,"template":"","format":"standard","meta":{"ngg_post_thumbnail":0,"footnotes":""},"categories":[9,10,11],"tags":[72,12839,8856,11260,8697],"class_list":["post-22405","post","type-post","status-publish","format-standard","hentry","category-termine","category-tv-sendungen","category-videos","tag-arte","tag-interex","tag-otto-lilienthal","tag-segelfliegen","tag-volocopter"],"_links":{"self":[{"href":"https:\/\/wp.1dfh.de\/wordpress\/wp-json\/wp\/v2\/posts\/22405","targetHints":{"allow":["GET"]}}],"collection":[{"href":"https:\/\/wp.1dfh.de\/wordpress\/wp-json\/wp\/v2\/posts"}],"about":[{"href":"https:\/\/wp.1dfh.de\/wordpress\/wp-json\/wp\/v2\/types\/post"}],"author":[{"embeddable":true,"href":"https:\/\/wp.1dfh.de\/wordpress\/wp-json\/wp\/v2\/users\/2"}],"replies":[{"embeddable":true,"href":"https:\/\/wp.1dfh.de\/wordpress\/wp-json\/wp\/v2\/comments?post=22405"}],"version-history":[{"count":0,"href":"https:\/\/wp.1dfh.de\/wordpress\/wp-json\/wp\/v2\/posts\/22405\/revisions"}],"wp:attachment":[{"href":"https:\/\/wp.1dfh.de\/wordpress\/wp-json\/wp\/v2\/media?parent=22405"}],"wp:term":[{"taxonomy":"category","embeddable":true,"href":"https:\/\/wp.1dfh.de\/wordpress\/wp-json\/wp\/v2\/categories?post=22405"},{"taxonomy":"post_tag","embeddable":true,"href":"https:\/\/wp.1dfh.de\/wordpress\/wp-json\/wp\/v2\/tags?post=22405"}],"curies":[{"name":"wp","href":"https:\/\/api.w.org\/{rel}","templated":true}]}}