{"id":22463,"date":"2013-03-14T11:11:26","date_gmt":"2013-03-14T10:11:26","guid":{"rendered":"http:\/\/wp.1dfh.de\/wordpress\/?p=22463"},"modified":"2013-03-14T11:42:22","modified_gmt":"2013-03-14T10:42:22","slug":"helikopter-auf-der-aero-2013-stark-vertreten-vom-ultraleichten-gyro-und-helikopter-bis-zum-turbinen-groshubschrauber","status":"publish","type":"post","link":"https:\/\/wp.1dfh.de\/wordpress\/helikopter-auf-der-aero-2013-stark-vertreten-vom-ultraleichten-gyro-und-helikopter-bis-zum-turbinen-groshubschrauber\/","title":{"rendered":"Helikopter auf der AERO 2013 stark vertreten \u2013 Vom ultraleichten Gyro- und Helikopter bis zum Turbinen-Gro\u00dfhubschrauber"},"content":{"rendered":"<h3>Die weite Welt der Drehfl\u00fcgler auf der AERO<\/h3>\n<p><em><strong>Friedrichshafen \u2013 Mit einem umfassenden Drehfl\u00fcgler-Bereich innerhalb der Luftfahrtmesse wird sich die AERO von 24. bis 27. April 2013 pr\u00e4sentieren: Neben den etablierten Helikoptern vor allem US-amerikanischer und europ\u00e4ischer Hersteller sind auch zahlreiche Gyrocopter auf der AERO pr\u00e4sent, die in der sogenannten Ultraleichtflugzeug-Klasse derzeit boomenden Absatz finden. Zudem werden Turbinen-Gro\u00dfhubschrauber etwa der Bundespolizei und des Milit\u00e4rs pr\u00e4sentiert sowie die Bereiche Pilotenausbildung und Berufe in der Helibranche vorgestellt.<\/strong><\/em><\/p>\n<p>Die AERO Friedrichshafen hat sich in den vergangenen zwei Jahrzehnten zur Leitmesse der Allgemeinen Luftfahrt in Europa entwickelt. Aus diesem Grund wird sie auch weiterhin deutliche Signale im Drehfl\u00fcglerbereich setzen. Sichtbares Zeichen daf\u00fcr ist, dass 2013 verteilt auf mehrere Hallen die aktuellen Modelle, Neuentwicklungen, Forschungsprojekte und die Produkte der Zulieferindustrie pr\u00e4sentiert werden. Aber auch Oldtimer sind zu besichtigen und geben Einblicke in die Hubschrauberentwicklung der Vergangenheit.<\/p>\n<p>Waren es in den vergangenen Jahren vor allem die Helikopter mit Kolbenmotor- oder Turbinenantrieb, die die Drehfl\u00fcglerfans faszinierten, so stehen 2013 zunehmend die Gyrocopter im Mittelpunkt. Diese leichten und maximal zweisitzigen Tragschrauber d\u00fcrfen seit einer \u00c4nderung bei der Zulassung zu Jahresbeginn 2013 jetzt maximal 560 Kilogramm schwer sein und erm\u00f6glichen es daher, auch entsprechend mehr Gep\u00e4ck oder Treibstoff an Bord mitzunehmen. Zwar k\u00f6nnen Tragschrauber nicht wie Helikopter senkrecht abheben und landen, ihre Start- und Landestrecken sind jedoch ebenfalls kurz. Au\u00dferdem ist die Pilotenlizenz f\u00fcr einen ultraleichten Tragschrauber billiger, schneller und einfacher zu erlangen, als f\u00fcr einen Hubschrauber.<\/p>\n<p>Zu den Highlights des Helibereichs auf der AERO 2013 werden auch mehrere Turbinen-Gro\u00dfhubschrauber z\u00e4hlen: Von der Bundespolizei wird eine AS 332 Superpuma erwartet. Auch die Bundeswehr pr\u00e4sentiert ihre Turbinenhelikopter. Dazu z\u00e4hlen die bew\u00e4hrte Bo 105, aber auch der sogenannte \u201eTeppichklopfer\u201c, die seit Jahrzehnten im Dienst stehende Bell UH1D oder eine zur Pilotenausbildung genutzte Alouette. Hinzu kommen weitere Turbinenhelis europ\u00e4ischer und nordamerikanischer Hersteller.<\/p>\n<p>Auch Klein- und Schulhubschrauber sind auf der AERO 2013 vertreten: Die bew\u00e4hrten Robinson R22 und R44 sind am Bodensee zu sehen, ebenso der neue Trainingshubschrauber Cabri G2, dazu kommen weitere Helikopter mit Kolbenmotor. Ultraleichte Helikopter, die derzeit zwar noch nicht in Deutschland, aber etwa im Nachbarland Frankreich seit 2012 bereits zugelassen sind, erg\u00e4nzen diesen Bereich. Mit Spannung erwartet wird auch der neue Leichthubschrauber WM-50 des deutsch-chinesischen Joint-Ventures Helipark. Bei zahlreichen Ausstellern gibt es zudem aktuelle News nicht nur \u00fcber die Ausbildung zum Privat- oder Berufshelikopterpiloten, sondern auch alle Infos \u00fcber weitere T\u00e4tigkeiten in der attraktiven Heli-Branche.<\/p>\n<p>Die AERO 2013 beginnt am Mittwoch, 24. April und dauert bis Samstag, 27. April 2013. Die \u00d6ffnungszeiten: Mittwoch bis Freitag von 9 bis 18 Uhr und am Samstag von 9 bis 17 Uhr. Weitere Informationen unter: <a href=\"http:\/\/www.aero-expo.com\/\" target=\"_blank\">www.aero-expo.com<\/a>.<\/p>\n<div class=\"ngg-related-gallery\">\n\t\t\t<a href=\"https:\/\/wp.1dfh.de\/wordpress\/wp-content\/gallery\/hubschraubereinsatz-georgenberg\/1dfh-georgenberg-180809-039.jpg?t=1770670104\"\n\t\t\ttitle=\" \"\n\t\t\t\t\t\t\t\t\t\t\t\t\t\t\t data-image-id=\"2132\" data-src=\"https:\/\/wp.1dfh.de\/wordpress\/wp-content\/gallery\/hubschraubereinsatz-georgenberg\/1dfh-georgenberg-180809-039.jpg?t=1770670104\" data-thumbnail=\"https:\/\/wp.1dfh.de\/wordpress\/wp-content\/gallery\/hubschraubereinsatz-georgenberg\/cache\/1dfh-georgenberg-180809-039.jpg-nggid042132-ngg0dyn-100x100x100-00f0w010c011r110f110r010t010.jpg?t=1770670104\" data-title=\"1dfh-georgenberg-180809-039\" data-description=\" \">\n\t\t\t<img title=\"1dfh-georgenberg-180809-039\"\n\t\t\t\talt=\"1dfh-georgenberg-180809-039\"\n\t\t\t\tdata-image-id=\"2132\"\n\t\t\t\tsrc=\"\"\/>\n\t\t<\/a>\n\t\t\t<a href=\"https:\/\/wp.1dfh.de\/wordpress\/wp-content\/gallery\/flugplatzhockete-luftsportverein-hayingen-e-v-13-09-2009\/1dfh-hayingen09-009.jpg?t=1773339152\"\n\t\t\ttitle=\"Tragschrauber\"\n\t\t\t\t\t\t\t\t\t\t\t\t\t\t\t data-image-id=\"3064\" data-src=\"https:\/\/wp.1dfh.de\/wordpress\/wp-content\/gallery\/flugplatzhockete-luftsportverein-hayingen-e-v-13-09-2009\/1dfh-hayingen09-009.jpg?t=1773339152\" data-thumbnail=\"https:\/\/wp.1dfh.de\/wordpress\/wp-content\/gallery\/flugplatzhockete-luftsportverein-hayingen-e-v-13-09-2009\/cache\/1dfh-hayingen09-009.jpg-nggid043064-ngg0dyn-100x100x100-00f0w010c011r110f110r010t010.jpg?t=1773339152\" data-title=\"1dfh-hayingen09-009\" data-description=\"Tragschrauber\">\n\t\t\t<img title=\"1dfh-hayingen09-009\"\n\t\t\t\talt=\"1dfh-hayingen09-009\"\n\t\t\t\tdata-image-id=\"3064\"\n\t\t\t\tsrc=\"\"\/>\n\t\t<\/a>\n\t\t\t<a href=\"https:\/\/wp.1dfh.de\/wordpress\/wp-content\/gallery\/flugplatzhockete-luftsportverein-hayingen-e-v-13-09-2009\/1dfh-hayingen09-010.jpg?t=1773339152\"\n\t\t\ttitle=\"Tragschrauber\"\n\t\t\t\t\t\t\t\t\t\t\t\t\t\t\t data-image-id=\"3065\" data-src=\"https:\/\/wp.1dfh.de\/wordpress\/wp-content\/gallery\/flugplatzhockete-luftsportverein-hayingen-e-v-13-09-2009\/1dfh-hayingen09-010.jpg?t=1773339152\" data-thumbnail=\"https:\/\/wp.1dfh.de\/wordpress\/wp-content\/gallery\/flugplatzhockete-luftsportverein-hayingen-e-v-13-09-2009\/cache\/1dfh-hayingen09-010.jpg-nggid043065-ngg0dyn-100x100x100-00f0w010c011r110f110r010t010.jpg?t=1773339152\" data-title=\"1dfh-hayingen09-010\" data-description=\"Tragschrauber\">\n\t\t\t<img title=\"1dfh-hayingen09-010\"\n\t\t\t\talt=\"1dfh-hayingen09-010\"\n\t\t\t\tdata-image-id=\"3065\"\n\t\t\t\tsrc=\"\"\/>\n\t\t<\/a>\n\t\t\t<a href=\"https:\/\/wp.1dfh.de\/wordpress\/wp-content\/gallery\/flugplatzhockete-luftsportverein-hayingen-e-v-13-09-2009\/1dfh-hayingen09-028.jpg?t=1773339162\"\n\t\t\ttitle=\"Tragschrauber\"\n\t\t\t\t\t\t\t\t\t\t\t\t\t\t\t data-image-id=\"3083\" data-src=\"https:\/\/wp.1dfh.de\/wordpress\/wp-content\/gallery\/flugplatzhockete-luftsportverein-hayingen-e-v-13-09-2009\/1dfh-hayingen09-028.jpg?t=1773339162\" data-thumbnail=\"https:\/\/wp.1dfh.de\/wordpress\/wp-content\/gallery\/flugplatzhockete-luftsportverein-hayingen-e-v-13-09-2009\/cache\/1dfh-hayingen09-028.jpg-nggid043083-ngg0dyn-100x100x100-00f0w010c011r110f110r010t010.jpg?t=1773339162\" data-title=\"1dfh-hayingen09-028\" data-description=\"Tragschrauber\">\n\t\t\t<img title=\"1dfh-hayingen09-028\"\n\t\t\t\talt=\"1dfh-hayingen09-028\"\n\t\t\t\tdata-image-id=\"3083\"\n\t\t\t\tsrc=\"\"\/>\n\t\t<\/a>\n\t\t\t<a href=\"https:\/\/wp.1dfh.de\/wordpress\/wp-content\/gallery\/aero-2010\/img_7241-1.jpg?t=1773331783\"\n\t\t\ttitle=\"Swift,D-9107, Henry Bohlig,\"\n\t\t\t\t\t\t\t\t\t\t\t\t\t\t\t data-image-id=\"4860\" data-src=\"https:\/\/wp.1dfh.de\/wordpress\/wp-content\/gallery\/aero-2010\/img_7241-1.jpg?t=1773331783\" data-thumbnail=\"https:\/\/wp.1dfh.de\/wordpress\/wp-content\/gallery\/aero-2010\/cache\/img_7241-1.jpg-nggid044860-ngg0dyn-100x100x100-00f0w010c011r110f110r010t010.jpg?t=1773331783\" data-title=\"img_7241-1\" data-description=\"Swift,D-9107, Henry Bohlig,\">\n\t\t\t<img title=\"img_7241-1\"\n\t\t\t\talt=\"img_7241-1\"\n\t\t\t\tdata-image-id=\"4860\"\n\t\t\t\tsrc=\"\"\/>\n\t\t<\/a>\n\t\t\t<a href=\"https:\/\/wp.1dfh.de\/wordpress\/wp-content\/gallery\/garten-23-07-2012\/1dfh-garten-23072012-100.jpg?t=1773283766\"\n\t\t\ttitle=\"Garten\"\n\t\t\t\t\t\t\t\t\t\t\t\t\t\t\t data-image-id=\"19445\" data-src=\"https:\/\/wp.1dfh.de\/wordpress\/wp-content\/gallery\/garten-23-07-2012\/1dfh-garten-23072012-100.jpg?t=1773283766\" data-thumbnail=\"https:\/\/wp.1dfh.de\/wordpress\/wp-content\/gallery\/garten-23-07-2012\/cache\/1dfh-garten-23072012-100.jpg-nggid0519445-ngg0dyn-100x100x100-00f0w010c011r110f110r010t010.jpg?t=1773283766\" data-title=\"Garten\" data-description=\"Garten\">\n\t\t\t<img title=\"Garten\"\n\t\t\t\talt=\"Garten\"\n\t\t\t\tdata-image-id=\"19445\"\n\t\t\t\tsrc=\"\"\/>\n\t\t<\/a>\n\t\t\t<a href=\"https:\/\/wp.1dfh.de\/wordpress\/wp-content\/gallery\/garten-23-07-2012\/1dfh-garten-23072012-101.jpg?t=1773283756\"\n\t\t\ttitle=\"Garten\"\n\t\t\t\t\t\t\t\t\t\t\t\t\t\t\t data-image-id=\"19446\" data-src=\"https:\/\/wp.1dfh.de\/wordpress\/wp-content\/gallery\/garten-23-07-2012\/1dfh-garten-23072012-101.jpg?t=1773283756\" data-thumbnail=\"https:\/\/wp.1dfh.de\/wordpress\/wp-content\/gallery\/garten-23-07-2012\/cache\/1dfh-garten-23072012-101.jpg-nggid0519446-ngg0dyn-100x100x100-00f0w010c011r110f110r010t010.jpg?t=1773283756\" data-title=\"Garten\" data-description=\"Garten\">\n\t\t\t<img title=\"Garten\"\n\t\t\t\talt=\"Garten\"\n\t\t\t\tdata-image-id=\"19446\"\n\t\t\t\tsrc=\"\"\/>\n\t\t<\/a>\n\t<\/div>\n","protected":false},"excerpt":{"rendered":"<p>Die weite Welt der Drehfl\u00fcgler auf der AERO Friedrichshafen \u2013 Mit einem umfassenden Drehfl\u00fcgler-Bereich innerhalb der Luftfahrtmesse wird sich die AERO von 24. bis 27. April 2013 pr\u00e4sentieren: Neben den etablierten Helikoptern vor allem US-amerikanischer und europ\u00e4ischer Hersteller sind auch zahlreiche Gyrocopter auf der AERO pr\u00e4sent, die in der sogenannten Ultraleichtflugzeug-Klasse derzeit boomenden Absatz finden. &hellip; <a href=\"https:\/\/wp.1dfh.de\/wordpress\/helikopter-auf-der-aero-2013-stark-vertreten-vom-ultraleichten-gyro-und-helikopter-bis-zum-turbinen-groshubschrauber\/\" class=\"more-link\"><span class=\"screen-reader-text\">Helikopter auf der AERO 2013 stark vertreten \u2013 Vom ultraleichten Gyro- und Helikopter bis zum Turbinen-Gro\u00dfhubschrauber<\/span> weiterlesen <span class=\"meta-nav\">&rarr;<\/span><\/a><\/p>\n","protected":false},"author":2,"featured_media":0,"comment_status":"open","ping_status":"open","sticky":false,"template":"","format":"standard","meta":{"ngg_post_thumbnail":0,"footnotes":""},"categories":[3],"tags":[11526,8865,8866,951,11116,12006,8358,1603,11162,1000,11177,11181,8863,1770,11690,11605,11979,11390,8864],"class_list":["post-22463","post","type-post","status-publish","format-standard","hentry","category-aktuelles","tag-aero","tag-aero-2013","tag-as-332","tag-bell-uh1d","tag-bo-105","tag-bundespolizei","tag-cabri-g2","tag-drehflugler","tag-friedrichshafen","tag-gyrocopter","tag-helikopter","tag-hubschraubermodell","tag-leichthubschrauber","tag-r22","tag-r44","tag-robinson","tag-superpuma","tag-tragschrauber","tag-wm-50"],"_links":{"self":[{"href":"https:\/\/wp.1dfh.de\/wordpress\/wp-json\/wp\/v2\/posts\/22463","targetHints":{"allow":["GET"]}}],"collection":[{"href":"https:\/\/wp.1dfh.de\/wordpress\/wp-json\/wp\/v2\/posts"}],"about":[{"href":"https:\/\/wp.1dfh.de\/wordpress\/wp-json\/wp\/v2\/types\/post"}],"author":[{"embeddable":true,"href":"https:\/\/wp.1dfh.de\/wordpress\/wp-json\/wp\/v2\/users\/2"}],"replies":[{"embeddable":true,"href":"https:\/\/wp.1dfh.de\/wordpress\/wp-json\/wp\/v2\/comments?post=22463"}],"version-history":[{"count":0,"href":"https:\/\/wp.1dfh.de\/wordpress\/wp-json\/wp\/v2\/posts\/22463\/revisions"}],"wp:attachment":[{"href":"https:\/\/wp.1dfh.de\/wordpress\/wp-json\/wp\/v2\/media?parent=22463"}],"wp:term":[{"taxonomy":"category","embeddable":true,"href":"https:\/\/wp.1dfh.de\/wordpress\/wp-json\/wp\/v2\/categories?post=22463"},{"taxonomy":"post_tag","embeddable":true,"href":"https:\/\/wp.1dfh.de\/wordpress\/wp-json\/wp\/v2\/tags?post=22463"}],"curies":[{"name":"wp","href":"https:\/\/api.w.org\/{rel}","templated":true}]}}