{"id":22541,"date":"2013-08-08T08:51:25","date_gmt":"2013-08-08T06:51:25","guid":{"rendered":"http:\/\/wp.1dfh.de\/wordpress\/?p=22541"},"modified":"2013-10-09T11:21:56","modified_gmt":"2013-10-09T09:21:56","slug":"flughafen-stuttgart-groses-kinderfest-11-08-2013","status":"publish","type":"post","link":"https:\/\/wp.1dfh.de\/wordpress\/flughafen-stuttgart-groses-kinderfest-11-08-2013\/","title":{"rendered":"Flughafen Stuttgart: Gro\u00dfes Kinderfest 11.08.2013"},"content":{"rendered":"<figure id=\"attachment_23908\" aria-describedby=\"caption-attachment-23908\" style=\"width: 529px\" class=\"wp-caption alignright\"><a href=\"http:\/\/www.flughafen-stuttgart.de\/reisende-und-besucher\/faszination-flughafen\/veranstaltungen\/\" target=\"_blank\"><img loading=\"lazy\" decoding=\"async\" class=\"wp-image-23908  \" alt=\"Gro\u00dfes Kinderfest am Airport!\" src=\"http:\/\/wp.1dfh.de\/wordpress\/wp-content\/uploads\/580270_571765226207082_1355786677_n1.jpg\" width=\"529\" height=\"746\" srcset=\"https:\/\/wp.1dfh.de\/wordpress\/wp-content\/uploads\/580270_571765226207082_1355786677_n1.jpg 630w, https:\/\/wp.1dfh.de\/wordpress\/wp-content\/uploads\/580270_571765226207082_1355786677_n1-212x300.jpg 212w, https:\/\/wp.1dfh.de\/wordpress\/wp-content\/uploads\/580270_571765226207082_1355786677_n1-106x150.jpg 106w, https:\/\/wp.1dfh.de\/wordpress\/wp-content\/uploads\/580270_571765226207082_1355786677_n1-400x564.jpg 400w\" sizes=\"auto, (max-width: 529px) 100vw, 529px\" \/><\/a><figcaption id=\"caption-attachment-23908\" class=\"wp-caption-text\">Gro\u00dfes Kinderfest am Airport!<\/figcaption><\/figure>\n<p><em><strong>Gro\u00dfes Kinderfest am Airport<\/strong><\/em><br \/>\n<em><strong> 11. August 2013<\/strong><\/em><br \/>\n<em><strong> 11 bis 17 Uhr<\/strong><\/em><\/p>\n<p>auf dem Au\u00dfengel\u00e4nde des Flughafens Stuttgart und im Terminal 1 &#8211; West<\/p>\n<p><strong>Check-in zur Umweltreise<\/strong><\/p>\n<p>Der Flughafen Stuttgart verwandelt sich in ein buntes Kinderparadies mit<\/p>\n<p><strong>\u00fcber 30 x\u00a0Spiel, Spa\u00df und Action!<\/strong><\/p>\n<p>Es\u00a0erwarten Euch:<strong>\u00a0<\/strong>Electro-Quads, Kettcars, Paddelboote,\u00a0Dschungelh\u00fcpfburg, Kr\u00e4uterg\u00e4rtnerei, Rundfahrten, Flughafen-Feuerwehr, Hundestaffeln, Showb\u00fchne und vieles mehr!<\/p>\n<p><strong>Der Weg zum Fest<\/strong><br \/>\nMit der S-Bahn (S2 und S3) direkt zum Flughafen.<\/p>\n<p><strong>Parken<\/strong><br \/>\nSonderpreis 2,50\u00a0Euro f\u00fcr P4 und P12. Parkticketumtausch in der Apcoa-Zentrale, untere Ebene bei P4.<\/p>\n<ul>\n<li><a href=\"http:\/\/www.flughafen-stuttgart.de\/media\/456372\/Handzettel_13-4c.pdf\" target=\"_blank\">Weitere Infos (PDF)<\/a><\/li>\n<\/ul>\n<div class=\"ngg-related-gallery\">\n\t\t\t<a href=\"https:\/\/wp.1dfh.de\/wordpress\/wp-content\/gallery\/flughafen-stuttgart-13-10-2013\/1dfh-flughafen-stuttgart-238.jpg?t=1773342600\"\n\t\t\ttitle=\"Flughafen Stuttgart\"\n\t\t\t\t\t\t\t\t\t\t\t\t\t\t\t data-image-id=\"33423\" data-src=\"https:\/\/wp.1dfh.de\/wordpress\/wp-content\/gallery\/flughafen-stuttgart-13-10-2013\/1dfh-flughafen-stuttgart-238.jpg?t=1773342600\" data-thumbnail=\"https:\/\/wp.1dfh.de\/wordpress\/wp-content\/gallery\/flughafen-stuttgart-13-10-2013\/cache\/1dfh-flughafen-stuttgart-238.jpg-nggid0533423-ngg0dyn-100x100x100-00f0w010c011r110f110r010t010.jpg?t=1773342600\" data-title=\"Flughafen Stuttgart\" data-description=\"Flughafen Stuttgart\">\n\t\t\t<img title=\"Flughafen Stuttgart\"\n\t\t\t\talt=\"Flughafen Stuttgart\"\n\t\t\t\tdata-image-id=\"33423\"\n\t\t\t\tsrc=\"\"\/>\n\t\t<\/a>\n\t\t\t<a href=\"https:\/\/wp.1dfh.de\/wordpress\/wp-content\/gallery\/flughafen-stuttgart-13-10-2013\/1dfh-flughafen-stuttgart-239.jpg?t=1773342600\"\n\t\t\ttitle=\"Flughafen Stuttgart\"\n\t\t\t\t\t\t\t\t\t\t\t\t\t\t\t data-image-id=\"33424\" data-src=\"https:\/\/wp.1dfh.de\/wordpress\/wp-content\/gallery\/flughafen-stuttgart-13-10-2013\/1dfh-flughafen-stuttgart-239.jpg?t=1773342600\" data-thumbnail=\"https:\/\/wp.1dfh.de\/wordpress\/wp-content\/gallery\/flughafen-stuttgart-13-10-2013\/cache\/1dfh-flughafen-stuttgart-239.jpg-nggid0533424-ngg0dyn-100x100x100-00f0w010c011r110f110r010t010.jpg?t=1773342600\" data-title=\"Flughafen Stuttgart\" data-description=\"Flughafen Stuttgart\">\n\t\t\t<img title=\"Flughafen Stuttgart\"\n\t\t\t\talt=\"Flughafen Stuttgart\"\n\t\t\t\tdata-image-id=\"33424\"\n\t\t\t\tsrc=\"\"\/>\n\t\t<\/a>\n\t\t\t<a href=\"https:\/\/wp.1dfh.de\/wordpress\/wp-content\/gallery\/flughafen-stuttgart-13-10-2013\/1dfh-flughafen-stuttgart-240.jpg?t=1773342600\"\n\t\t\ttitle=\"Flughafen Stuttgart\"\n\t\t\t\t\t\t\t\t\t\t\t\t\t\t\t data-image-id=\"33425\" data-src=\"https:\/\/wp.1dfh.de\/wordpress\/wp-content\/gallery\/flughafen-stuttgart-13-10-2013\/1dfh-flughafen-stuttgart-240.jpg?t=1773342600\" data-thumbnail=\"https:\/\/wp.1dfh.de\/wordpress\/wp-content\/gallery\/flughafen-stuttgart-13-10-2013\/cache\/1dfh-flughafen-stuttgart-240.jpg-nggid0533425-ngg0dyn-100x100x100-00f0w010c011r110f110r010t010.jpg?t=1773342600\" data-title=\"Flughafen Stuttgart\" data-description=\"Flughafen Stuttgart\">\n\t\t\t<img title=\"Flughafen Stuttgart\"\n\t\t\t\talt=\"Flughafen Stuttgart\"\n\t\t\t\tdata-image-id=\"33425\"\n\t\t\t\tsrc=\"\"\/>\n\t\t<\/a>\n\t\t\t<a href=\"https:\/\/wp.1dfh.de\/wordpress\/wp-content\/gallery\/flughafen-stuttgart-13-10-2013\/1dfh-flughafen-stuttgart-241.jpg?t=1773342600\"\n\t\t\ttitle=\"Flughafen Stuttgart\"\n\t\t\t\t\t\t\t\t\t\t\t\t\t\t\t data-image-id=\"33426\" data-src=\"https:\/\/wp.1dfh.de\/wordpress\/wp-content\/gallery\/flughafen-stuttgart-13-10-2013\/1dfh-flughafen-stuttgart-241.jpg?t=1773342600\" data-thumbnail=\"https:\/\/wp.1dfh.de\/wordpress\/wp-content\/gallery\/flughafen-stuttgart-13-10-2013\/cache\/1dfh-flughafen-stuttgart-241.jpg-nggid0533426-ngg0dyn-100x100x100-00f0w010c011r110f110r010t010.jpg?t=1773342600\" data-title=\"Flughafen Stuttgart\" data-description=\"Flughafen Stuttgart\">\n\t\t\t<img title=\"Flughafen Stuttgart\"\n\t\t\t\talt=\"Flughafen Stuttgart\"\n\t\t\t\tdata-image-id=\"33426\"\n\t\t\t\tsrc=\"\"\/>\n\t\t<\/a>\n\t\t\t<a href=\"https:\/\/wp.1dfh.de\/wordpress\/wp-content\/gallery\/flughafen-stuttgart-13-10-2013\/1dfh-flughafen-stuttgart-242.jpg?t=1773390874\"\n\t\t\ttitle=\"Flughafen Stuttgart\"\n\t\t\t\t\t\t\t\t\t\t\t\t\t\t\t data-image-id=\"33427\" data-src=\"https:\/\/wp.1dfh.de\/wordpress\/wp-content\/gallery\/flughafen-stuttgart-13-10-2013\/1dfh-flughafen-stuttgart-242.jpg?t=1773390874\" data-thumbnail=\"https:\/\/wp.1dfh.de\/wordpress\/wp-content\/gallery\/flughafen-stuttgart-13-10-2013\/cache\/1dfh-flughafen-stuttgart-242.jpg-nggid0533427-ngg0dyn-100x100x100-00f0w010c011r110f110r010t010.jpg?t=1773390874\" data-title=\"Flughafen Stuttgart\" data-description=\"Flughafen Stuttgart\">\n\t\t\t<img title=\"Flughafen Stuttgart\"\n\t\t\t\talt=\"Flughafen Stuttgart\"\n\t\t\t\tdata-image-id=\"33427\"\n\t\t\t\tsrc=\"\"\/>\n\t\t<\/a>\n\t\t\t<a href=\"https:\/\/wp.1dfh.de\/wordpress\/wp-content\/gallery\/flughafen-stuttgart-13-10-2013\/1dfh-flughafen-stuttgart-243.jpg?t=1773390885\"\n\t\t\ttitle=\"Flughafen Stuttgart\"\n\t\t\t\t\t\t\t\t\t\t\t\t\t\t\t data-image-id=\"33428\" data-src=\"https:\/\/wp.1dfh.de\/wordpress\/wp-content\/gallery\/flughafen-stuttgart-13-10-2013\/1dfh-flughafen-stuttgart-243.jpg?t=1773390885\" data-thumbnail=\"https:\/\/wp.1dfh.de\/wordpress\/wp-content\/gallery\/flughafen-stuttgart-13-10-2013\/cache\/1dfh-flughafen-stuttgart-243.jpg-nggid0533428-ngg0dyn-100x100x100-00f0w010c011r110f110r010t010.jpg?t=1773390885\" data-title=\"Flughafen Stuttgart\" data-description=\"Flughafen Stuttgart\">\n\t\t\t<img title=\"Flughafen Stuttgart\"\n\t\t\t\talt=\"Flughafen Stuttgart\"\n\t\t\t\tdata-image-id=\"33428\"\n\t\t\t\tsrc=\"\"\/>\n\t\t<\/a>\n\t\t\t<a href=\"https:\/\/wp.1dfh.de\/wordpress\/wp-content\/gallery\/flughafen-stuttgart-13-10-2013\/1dfh-flughafen-stuttgart-244.jpg?t=1773428492\"\n\t\t\ttitle=\"Flughafen Stuttgart\"\n\t\t\t\t\t\t\t\t\t\t\t\t\t\t\t data-image-id=\"33429\" data-src=\"https:\/\/wp.1dfh.de\/wordpress\/wp-content\/gallery\/flughafen-stuttgart-13-10-2013\/1dfh-flughafen-stuttgart-244.jpg?t=1773428492\" data-thumbnail=\"https:\/\/wp.1dfh.de\/wordpress\/wp-content\/gallery\/flughafen-stuttgart-13-10-2013\/cache\/1dfh-flughafen-stuttgart-244.jpg-nggid0533429-ngg0dyn-100x100x100-00f0w010c011r110f110r010t010.jpg?t=1773428492\" data-title=\"Flughafen Stuttgart\" data-description=\"Flughafen Stuttgart\">\n\t\t\t<img title=\"Flughafen Stuttgart\"\n\t\t\t\talt=\"Flughafen Stuttgart\"\n\t\t\t\tdata-image-id=\"33429\"\n\t\t\t\tsrc=\"\"\/>\n\t\t<\/a>\n\t<\/div>\n","protected":false},"excerpt":{"rendered":"<p>Gro\u00dfes Kinderfest am Airport 11. August 2013 11 bis 17 Uhr auf dem Au\u00dfengel\u00e4nde des Flughafens Stuttgart und im Terminal 1 &#8211; West Check-in zur Umweltreise Der Flughafen Stuttgart verwandelt sich in ein buntes Kinderparadies mit \u00fcber 30 x\u00a0Spiel, Spa\u00df und Action! Es\u00a0erwarten Euch:\u00a0Electro-Quads, Kettcars, Paddelboote,\u00a0Dschungelh\u00fcpfburg, Kr\u00e4uterg\u00e4rtnerei, Rundfahrten, Flughafen-Feuerwehr, Hundestaffeln, Showb\u00fchne und vieles mehr! Der &hellip; <a href=\"https:\/\/wp.1dfh.de\/wordpress\/flughafen-stuttgart-groses-kinderfest-11-08-2013\/\" class=\"more-link\"><span class=\"screen-reader-text\">Flughafen Stuttgart: Gro\u00dfes Kinderfest 11.08.2013<\/span> weiterlesen <span class=\"meta-nav\">&rarr;<\/span><\/a><\/p>\n","protected":false},"author":2,"featured_media":23908,"comment_status":"open","ping_status":"open","sticky":false,"template":"","format":"standard","meta":{"ngg_post_thumbnail":0,"footnotes":""},"categories":[15,18,9],"tags":[12209,285,12047],"class_list":["post-22541","post","type-post","status-publish","format-standard","has-post-thumbnail","hentry","category-ausstellungen","category-flugveranstaltungen","category-termine","tag-flughafen-stuttgart","tag-kinderfest","tag-stuttgart"],"_links":{"self":[{"href":"https:\/\/wp.1dfh.de\/wordpress\/wp-json\/wp\/v2\/posts\/22541","targetHints":{"allow":["GET"]}}],"collection":[{"href":"https:\/\/wp.1dfh.de\/wordpress\/wp-json\/wp\/v2\/posts"}],"about":[{"href":"https:\/\/wp.1dfh.de\/wordpress\/wp-json\/wp\/v2\/types\/post"}],"author":[{"embeddable":true,"href":"https:\/\/wp.1dfh.de\/wordpress\/wp-json\/wp\/v2\/users\/2"}],"replies":[{"embeddable":true,"href":"https:\/\/wp.1dfh.de\/wordpress\/wp-json\/wp\/v2\/comments?post=22541"}],"version-history":[{"count":0,"href":"https:\/\/wp.1dfh.de\/wordpress\/wp-json\/wp\/v2\/posts\/22541\/revisions"}],"wp:featuredmedia":[{"embeddable":true,"href":"https:\/\/wp.1dfh.de\/wordpress\/wp-json\/wp\/v2\/media\/23908"}],"wp:attachment":[{"href":"https:\/\/wp.1dfh.de\/wordpress\/wp-json\/wp\/v2\/media?parent=22541"}],"wp:term":[{"taxonomy":"category","embeddable":true,"href":"https:\/\/wp.1dfh.de\/wordpress\/wp-json\/wp\/v2\/categories?post=22541"},{"taxonomy":"post_tag","embeddable":true,"href":"https:\/\/wp.1dfh.de\/wordpress\/wp-json\/wp\/v2\/tags?post=22541"}],"curies":[{"name":"wp","href":"https:\/\/api.w.org\/{rel}","templated":true}]}}