{"id":22545,"date":"2013-11-14T12:53:54","date_gmt":"2013-11-14T11:53:54","guid":{"rendered":"http:\/\/wp.1dfh.de\/wordpress\/?p=22545"},"modified":"2013-11-14T18:20:39","modified_gmt":"2013-11-14T17:20:39","slug":"flughafen-stuttgart-airport-festival-10-11-2013","status":"publish","type":"post","link":"https:\/\/wp.1dfh.de\/wordpress\/flughafen-stuttgart-airport-festival-10-11-2013\/","title":{"rendered":"Flughafen Stuttgart: Airport-Festival 10.11.2013"},"content":{"rendered":"<figure id=\"attachment_22539\" aria-describedby=\"caption-attachment-22539\" style=\"width: 133px\" class=\"wp-caption alignright\"><a href=\"http:\/\/www.flughafen-stuttgart.de\/\" target=\"_blank\"><img loading=\"lazy\" decoding=\"async\" class=\"size-full wp-image-22539 \" title=\"Flughafen Stuttgart\" alt=\"Flughafen Stuttgart\" src=\"http:\/\/wp.1dfh.de\/wordpress\/wp-content\/uploads\/menu-logo-de1.png\" width=\"133\" height=\"42\" \/><\/a><figcaption id=\"caption-attachment-22539\" class=\"wp-caption-text\">Flughafen Stuttgart<\/figcaption><\/figure>\n<p>Airport-Festival<br \/>\n10. November 2013<br \/>\n10:00 &#8211; 17:00 Uhr<br \/>\nIn den Terminals<\/p>\n<p>Besucher k\u00f6nnen den Flughafen entdecken und erleben. Gastrobetriebe, Shops und Reiseb\u00fcros bieten tolle Angebote und Aktionen. Airlines und Reiseveranstalter stellen sich und ihr Angebot ab Stuttgart vor. Es gibt unterschiedliche Hotspots wie z.B. die Showb\u00fchne im T3 oder eine Aktionsfl\u00e4che im T1 West, die den Besuchern den ganzen Tag Spa\u00df und Unterhaltung bieten. Mit dabei wieder Gewinnspiele, Kofferversteigerungen, Vorher-Nachher-Show etc. ebenso wie der beliebte Blick hinter die Kulissen bei den Flughafenf\u00fchrungen.<\/p>\n<ul>\n<li><a href=\"http:\/\/www.flughafen-stuttgart.de\/reisende-und-besucher\/airport-festival-2013\/airport-festival-2013\/\" target=\"_blank\">Weitere Infos<\/a><\/li>\n<p><iframe loading=\"lazy\" width=\"640\" height=\"360\" src=\"\/\/www.youtube.com\/embed\/P0ep24pAuJs?feature=player_detailpage\" frameborder=\"0\" allowfullscreen><\/iframe><\/ul>\n<div class=\"ngg-related-gallery\">\n\t\t\t<a href=\"https:\/\/wp.1dfh.de\/wordpress\/wp-content\/gallery\/flughafen-stuttgart-13-10-2013\/1dfh-flughafen-stuttgart-238.jpg?t=1773342600\"\n\t\t\ttitle=\"Flughafen Stuttgart\"\n\t\t\t\t\t\t\t\t\t\t\t\t\t\t\t data-image-id=\"33423\" data-src=\"https:\/\/wp.1dfh.de\/wordpress\/wp-content\/gallery\/flughafen-stuttgart-13-10-2013\/1dfh-flughafen-stuttgart-238.jpg?t=1773342600\" data-thumbnail=\"https:\/\/wp.1dfh.de\/wordpress\/wp-content\/gallery\/flughafen-stuttgart-13-10-2013\/cache\/1dfh-flughafen-stuttgart-238.jpg-nggid0533423-ngg0dyn-100x100x100-00f0w010c011r110f110r010t010.jpg?t=1773342600\" data-title=\"Flughafen Stuttgart\" data-description=\"Flughafen Stuttgart\">\n\t\t\t<img title=\"Flughafen Stuttgart\"\n\t\t\t\talt=\"Flughafen Stuttgart\"\n\t\t\t\tdata-image-id=\"33423\"\n\t\t\t\tsrc=\"\"\/>\n\t\t<\/a>\n\t\t\t<a href=\"https:\/\/wp.1dfh.de\/wordpress\/wp-content\/gallery\/flughafen-stuttgart-13-10-2013\/1dfh-flughafen-stuttgart-239.jpg?t=1773342600\"\n\t\t\ttitle=\"Flughafen Stuttgart\"\n\t\t\t\t\t\t\t\t\t\t\t\t\t\t\t data-image-id=\"33424\" data-src=\"https:\/\/wp.1dfh.de\/wordpress\/wp-content\/gallery\/flughafen-stuttgart-13-10-2013\/1dfh-flughafen-stuttgart-239.jpg?t=1773342600\" data-thumbnail=\"https:\/\/wp.1dfh.de\/wordpress\/wp-content\/gallery\/flughafen-stuttgart-13-10-2013\/cache\/1dfh-flughafen-stuttgart-239.jpg-nggid0533424-ngg0dyn-100x100x100-00f0w010c011r110f110r010t010.jpg?t=1773342600\" data-title=\"Flughafen Stuttgart\" data-description=\"Flughafen Stuttgart\">\n\t\t\t<img title=\"Flughafen Stuttgart\"\n\t\t\t\talt=\"Flughafen Stuttgart\"\n\t\t\t\tdata-image-id=\"33424\"\n\t\t\t\tsrc=\"\"\/>\n\t\t<\/a>\n\t\t\t<a href=\"https:\/\/wp.1dfh.de\/wordpress\/wp-content\/gallery\/flughafen-stuttgart-13-10-2013\/1dfh-flughafen-stuttgart-240.jpg?t=1773342600\"\n\t\t\ttitle=\"Flughafen Stuttgart\"\n\t\t\t\t\t\t\t\t\t\t\t\t\t\t\t data-image-id=\"33425\" data-src=\"https:\/\/wp.1dfh.de\/wordpress\/wp-content\/gallery\/flughafen-stuttgart-13-10-2013\/1dfh-flughafen-stuttgart-240.jpg?t=1773342600\" data-thumbnail=\"https:\/\/wp.1dfh.de\/wordpress\/wp-content\/gallery\/flughafen-stuttgart-13-10-2013\/cache\/1dfh-flughafen-stuttgart-240.jpg-nggid0533425-ngg0dyn-100x100x100-00f0w010c011r110f110r010t010.jpg?t=1773342600\" data-title=\"Flughafen Stuttgart\" data-description=\"Flughafen Stuttgart\">\n\t\t\t<img title=\"Flughafen Stuttgart\"\n\t\t\t\talt=\"Flughafen Stuttgart\"\n\t\t\t\tdata-image-id=\"33425\"\n\t\t\t\tsrc=\"\"\/>\n\t\t<\/a>\n\t\t\t<a href=\"https:\/\/wp.1dfh.de\/wordpress\/wp-content\/gallery\/flughafen-stuttgart-13-10-2013\/1dfh-flughafen-stuttgart-241.jpg?t=1773342600\"\n\t\t\ttitle=\"Flughafen Stuttgart\"\n\t\t\t\t\t\t\t\t\t\t\t\t\t\t\t data-image-id=\"33426\" data-src=\"https:\/\/wp.1dfh.de\/wordpress\/wp-content\/gallery\/flughafen-stuttgart-13-10-2013\/1dfh-flughafen-stuttgart-241.jpg?t=1773342600\" data-thumbnail=\"https:\/\/wp.1dfh.de\/wordpress\/wp-content\/gallery\/flughafen-stuttgart-13-10-2013\/cache\/1dfh-flughafen-stuttgart-241.jpg-nggid0533426-ngg0dyn-100x100x100-00f0w010c011r110f110r010t010.jpg?t=1773342600\" data-title=\"Flughafen Stuttgart\" data-description=\"Flughafen Stuttgart\">\n\t\t\t<img title=\"Flughafen Stuttgart\"\n\t\t\t\talt=\"Flughafen Stuttgart\"\n\t\t\t\tdata-image-id=\"33426\"\n\t\t\t\tsrc=\"\"\/>\n\t\t<\/a>\n\t\t\t<a href=\"https:\/\/wp.1dfh.de\/wordpress\/wp-content\/gallery\/flughafen-stuttgart-13-10-2013\/1dfh-flughafen-stuttgart-242.jpg?t=1773390874\"\n\t\t\ttitle=\"Flughafen Stuttgart\"\n\t\t\t\t\t\t\t\t\t\t\t\t\t\t\t data-image-id=\"33427\" data-src=\"https:\/\/wp.1dfh.de\/wordpress\/wp-content\/gallery\/flughafen-stuttgart-13-10-2013\/1dfh-flughafen-stuttgart-242.jpg?t=1773390874\" data-thumbnail=\"https:\/\/wp.1dfh.de\/wordpress\/wp-content\/gallery\/flughafen-stuttgart-13-10-2013\/cache\/1dfh-flughafen-stuttgart-242.jpg-nggid0533427-ngg0dyn-100x100x100-00f0w010c011r110f110r010t010.jpg?t=1773390874\" data-title=\"Flughafen Stuttgart\" data-description=\"Flughafen Stuttgart\">\n\t\t\t<img title=\"Flughafen Stuttgart\"\n\t\t\t\talt=\"Flughafen Stuttgart\"\n\t\t\t\tdata-image-id=\"33427\"\n\t\t\t\tsrc=\"\"\/>\n\t\t<\/a>\n\t\t\t<a href=\"https:\/\/wp.1dfh.de\/wordpress\/wp-content\/gallery\/flughafen-stuttgart-13-10-2013\/1dfh-flughafen-stuttgart-243.jpg?t=1773390885\"\n\t\t\ttitle=\"Flughafen Stuttgart\"\n\t\t\t\t\t\t\t\t\t\t\t\t\t\t\t data-image-id=\"33428\" data-src=\"https:\/\/wp.1dfh.de\/wordpress\/wp-content\/gallery\/flughafen-stuttgart-13-10-2013\/1dfh-flughafen-stuttgart-243.jpg?t=1773390885\" data-thumbnail=\"https:\/\/wp.1dfh.de\/wordpress\/wp-content\/gallery\/flughafen-stuttgart-13-10-2013\/cache\/1dfh-flughafen-stuttgart-243.jpg-nggid0533428-ngg0dyn-100x100x100-00f0w010c011r110f110r010t010.jpg?t=1773390885\" data-title=\"Flughafen Stuttgart\" data-description=\"Flughafen Stuttgart\">\n\t\t\t<img title=\"Flughafen Stuttgart\"\n\t\t\t\talt=\"Flughafen Stuttgart\"\n\t\t\t\tdata-image-id=\"33428\"\n\t\t\t\tsrc=\"\"\/>\n\t\t<\/a>\n\t\t\t<a href=\"https:\/\/wp.1dfh.de\/wordpress\/wp-content\/gallery\/flughafen-stuttgart-13-10-2013\/1dfh-flughafen-stuttgart-244.jpg?t=1773428492\"\n\t\t\ttitle=\"Flughafen Stuttgart\"\n\t\t\t\t\t\t\t\t\t\t\t\t\t\t\t data-image-id=\"33429\" data-src=\"https:\/\/wp.1dfh.de\/wordpress\/wp-content\/gallery\/flughafen-stuttgart-13-10-2013\/1dfh-flughafen-stuttgart-244.jpg?t=1773428492\" data-thumbnail=\"https:\/\/wp.1dfh.de\/wordpress\/wp-content\/gallery\/flughafen-stuttgart-13-10-2013\/cache\/1dfh-flughafen-stuttgart-244.jpg-nggid0533429-ngg0dyn-100x100x100-00f0w010c011r110f110r010t010.jpg?t=1773428492\" data-title=\"Flughafen Stuttgart\" data-description=\"Flughafen Stuttgart\">\n\t\t\t<img title=\"Flughafen Stuttgart\"\n\t\t\t\talt=\"Flughafen Stuttgart\"\n\t\t\t\tdata-image-id=\"33429\"\n\t\t\t\tsrc=\"\"\/>\n\t\t<\/a>\n\t<\/div>\n","protected":false},"excerpt":{"rendered":"<p>Airport-Festival 10. November 2013 10:00 &#8211; 17:00 Uhr In den Terminals Besucher k\u00f6nnen den Flughafen entdecken und erleben. Gastrobetriebe, Shops und Reiseb\u00fcros bieten tolle Angebote und Aktionen. Airlines und Reiseveranstalter stellen sich und ihr Angebot ab Stuttgart vor. Es gibt unterschiedliche Hotspots wie z.B. die Showb\u00fchne im T3 oder eine Aktionsfl\u00e4che im T1 West, die &hellip; <a href=\"https:\/\/wp.1dfh.de\/wordpress\/flughafen-stuttgart-airport-festival-10-11-2013\/\" class=\"more-link\"><span class=\"screen-reader-text\">Flughafen Stuttgart: Airport-Festival 10.11.2013<\/span> weiterlesen <span class=\"meta-nav\">&rarr;<\/span><\/a><\/p>\n","protected":false},"author":2,"featured_media":22539,"comment_status":"open","ping_status":"open","sticky":false,"template":"","format":"standard","meta":{"ngg_post_thumbnail":0,"footnotes":""},"categories":[15,18,9,11],"tags":[12465,8558,8702,12613,12209,12047],"class_list":["post-22545","post","type-post","status-publish","format-standard","has-post-thumbnail","hentry","category-ausstellungen","category-flugveranstaltungen","category-termine","category-videos","tag-airport-festival","tag-alpen","tag-alpenrundflug","tag-condor","tag-flughafen-stuttgart","tag-stuttgart"],"_links":{"self":[{"href":"https:\/\/wp.1dfh.de\/wordpress\/wp-json\/wp\/v2\/posts\/22545","targetHints":{"allow":["GET"]}}],"collection":[{"href":"https:\/\/wp.1dfh.de\/wordpress\/wp-json\/wp\/v2\/posts"}],"about":[{"href":"https:\/\/wp.1dfh.de\/wordpress\/wp-json\/wp\/v2\/types\/post"}],"author":[{"embeddable":true,"href":"https:\/\/wp.1dfh.de\/wordpress\/wp-json\/wp\/v2\/users\/2"}],"replies":[{"embeddable":true,"href":"https:\/\/wp.1dfh.de\/wordpress\/wp-json\/wp\/v2\/comments?post=22545"}],"version-history":[{"count":0,"href":"https:\/\/wp.1dfh.de\/wordpress\/wp-json\/wp\/v2\/posts\/22545\/revisions"}],"wp:featuredmedia":[{"embeddable":true,"href":"https:\/\/wp.1dfh.de\/wordpress\/wp-json\/wp\/v2\/media\/22539"}],"wp:attachment":[{"href":"https:\/\/wp.1dfh.de\/wordpress\/wp-json\/wp\/v2\/media?parent=22545"}],"wp:term":[{"taxonomy":"category","embeddable":true,"href":"https:\/\/wp.1dfh.de\/wordpress\/wp-json\/wp\/v2\/categories?post=22545"},{"taxonomy":"post_tag","embeddable":true,"href":"https:\/\/wp.1dfh.de\/wordpress\/wp-json\/wp\/v2\/tags?post=22545"}],"curies":[{"name":"wp","href":"https:\/\/api.w.org\/{rel}","templated":true}]}}