{"id":22663,"date":"2013-04-04T10:57:51","date_gmt":"2013-04-04T08:57:51","guid":{"rendered":"http:\/\/wp.1dfh.de\/wordpress\/?p=22663"},"modified":"2015-04-28T12:41:24","modified_gmt":"2015-04-28T10:41:24","slug":"berblinger-wettbewerb-2013-vision-donauflug","status":"publish","type":"post","link":"https:\/\/wp.1dfh.de\/wordpress\/berblinger-wettbewerb-2013-vision-donauflug\/","title":{"rendered":"Berblinger Wettbewerb 2013: Vision Donauflug"},"content":{"rendered":"<figure id=\"attachment_20975\" aria-describedby=\"caption-attachment-20975\" style=\"width: 200px\" class=\"wp-caption alignright\"><a href=\"http:\/\/berblinger.ulm.de\/html\/ausschreibung?symfony=4bcca14edfbe2e1db7ded53d1cbd07d5\" target=\"_blank\"><img loading=\"lazy\" decoding=\"async\" class=\"size-full wp-image-20975\" title=\"Berblinger Preis der Stadt Ulm 2013\" src=\"http:\/\/wp.1dfh.de\/wordpress\/wp-content\/uploads\/Berblinger_Banner_DT.jpg\" alt=\"Berblinger Preis der Stadt Ulm 2013\" width=\"200\" height=\"200\" srcset=\"https:\/\/wp.1dfh.de\/wordpress\/wp-content\/uploads\/Berblinger_Banner_DT.jpg 200w, https:\/\/wp.1dfh.de\/wordpress\/wp-content\/uploads\/Berblinger_Banner_DT-100x100.jpg 100w, https:\/\/wp.1dfh.de\/wordpress\/wp-content\/uploads\/Berblinger_Banner_DT-150x150.jpg 150w\" sizes=\"auto, (max-width: 200px) 100vw, 200px\" \/><\/a><figcaption id=\"caption-attachment-20975\" class=\"wp-caption-text\"><a href=\"http:\/\/berblinger.ulm.de\/html\/ausschreibung?symfony=4bcca14edfbe2e1db7ded53d1cbd07d5\" target=\"_blank\">Berblinger Preis der Stadt Ulm 2013<\/a><\/figcaption><\/figure>\n<h3><em><strong>Vision Donauflug: Die Idee des \u201eSchneiders von Ulm\u201c lebt<\/strong><\/em><\/h3>\n<h3><em><strong>Kriterienkatalog f\u00fcr den Berblinger Wettbewerb 2013 der Stadt Ulm liegt vor<\/strong><\/em><\/h3>\n<p><em><strong>Die Stadt Ulm f\u00f6rdert mit dem Berblinger Preis 2013 erneut Ideen f\u00fcr Innovationen im Bereich der zivilen Luftfahrt, die das Fliegen umweltfreundlicher machen sollen. Die Berblinger Jury, der renommierte Luftfahrtexperten angeh\u00f6ren, hat nun die Bewertungskriterien festgelegt, nach denen die Wettbewerbsbeitr\u00e4ge 2013 bewertet werden. Bewerbungen sind noch bis zum 30. Juni 2013 m\u00f6glich.<\/strong><\/em><\/p>\n<p>Ist es m\u00f6glich, dass innerhalb der n\u00e4chsten zehn Jahre mit umweltvertr\u00e4glichen Konstruktionen, Komponenten und Antrieben auch Langstreckenfl\u00fcge m\u00f6glich sein werden? Die Stadt Ulm glaubt: Ja \u2013 und will mit dem Berblinger Preis 2013 Visionen und Entwicklungen in der Allgemeinen Luftfahrt initiieren und f\u00f6rdern, die sich diesem Ziel verschreiben.<\/p>\n<p>Albrecht Ludwig Berblinger, Schneidermeister zu Ulm, hatte 1811 die Vision, mit Hilfe seines H\u00e4ngegleiters die Donau von einem Ufer zum anderen zu \u00fcberqueren. Im Geiste des Vision\u00e4rs Berblinger verfolgt die Stadt Ulm nun das Ziel, innovative Entwicklungen in der Allgemeinen Luftfahrt anzusto\u00dfen und zu f\u00f6rdern, die es erm\u00f6glichen, umweltschonende Streckenfl\u00fcge zu realisieren. Das Fernziel ist ein Wettbewerbsflug, bei dem der Flusslauf der Donau von der Quelle in Donaueschingen bis zur M\u00fcndung im Schwarzen Meer m\u00f6glichst ger\u00e4uschlos und emissionsfrei \u00fcberflogen wird. Daher das Motto des diesj\u00e4hrigen Wettbewerbs: \u201eVision Donauflug\u201c, ganz im Sinne des legend\u00e4ren Schneiders von Ulm.<\/p>\n<p>Aufgabe im Berblinger Wettbewerb 2013 ist es, in theoretischen Beitr\u00e4gen aufzuzeigen, mit welchen Ans\u00e4tzen man diesem Ziel eines umweltvertr\u00e4glichen Streckenflugs n\u00e4her kommen k\u00f6nnte. Gesucht werden Ideen f\u00fcr ein innovatives personentragendes Flugzeug oder einzelne Komponenten, die zur Realisierung einer \u201eVision Donauflug\u201c beitragen k\u00f6nnten. Eine wichtige Rolle im Wettbewerb spielen dabei insbesondere Aspekte der Umweltvertr\u00e4glichkeit wie Energieverbrauch, Abgas- und L\u00e4rmemission. Das Preisgeld betr\u00e4gt 25.000 \u20ac.<\/p>\n<p>Der Berblinger Wettbewerb 2013 wird vom 24. \u2013 27. April w\u00e4hrend der Flugmesse AERO in Friedrichshafen mit einem eigenen Messestand vertreten sein. Am Messestand im Foyer West kann man sich \u00fcber den aktuellen Wettbewerb informieren und Teilnahmeunterlagen bekommen. Rechtzeitig zur AERO wird dort die aktuelle Dokumentation zu den Wettbewerben 2006 und 2011 erh\u00e4ltlich sein. Das Buch enth\u00e4lt auch eine Medien-CD, welche besonders den Berblinger-Flugwettbewerb 2011 eindrucksvoll dokumentiert. Die Bewertungskriterien, das Teilnahmeformular sowie weitere Informationen zum Wettbewerb sind unter <a href=\"www.berblinger.ulm.de\" target=\"_blank\">www.berblinger.ulm.de<\/a> abrufbar.<\/p>\n<div class=\"ngg-related-gallery\">\n\t\t\t<a href=\"https:\/\/wp.1dfh.de\/wordpress\/wp-content\/gallery\/berblinger-flugwettbewerb-2011\/berb11.jpg?t=1774382585\"\n\t\t\ttitle=\"Berblinger Flugwettbewerb 2011\"\n\t\t\t\t\t\t\t\t\t\t\t\t\t\t\t data-image-id=\"10665\" data-src=\"https:\/\/wp.1dfh.de\/wordpress\/wp-content\/gallery\/berblinger-flugwettbewerb-2011\/berb11.jpg?t=1774382585\" data-thumbnail=\"https:\/\/wp.1dfh.de\/wordpress\/nextgen-image\/10665\/100x100x100\/crop\/04c2396e1a408d7ffe2da5db92d1862f?t=1774382585\" data-title=\"Berblinger Flugwettbewerb 2011\" data-description=\"Berblinger Flugwettbewerb 2011\">\n\t\t\t<img title=\"Berblinger Flugwettbewerb 2011\"\n\t\t\t\talt=\"Berblinger Flugwettbewerb 2011\"\n\t\t\t\tdata-image-id=\"10665\"\n\t\t\t\tsrc=\"\"\/>\n\t\t<\/a>\n\t\t\t<a href=\"https:\/\/wp.1dfh.de\/wordpress\/wp-content\/gallery\/berblinger-flugwettbewerb-2011\/01_antares-20-e.jpg?t=1501508502\"\n\t\t\ttitle=\"Antares 20 E\"\n\t\t\t\t\t\t\t\t\t\t\t\t\t\t\t data-image-id=\"10519\" data-src=\"https:\/\/wp.1dfh.de\/wordpress\/wp-content\/gallery\/berblinger-flugwettbewerb-2011\/01_antares-20-e.jpg?t=1501508502\" data-thumbnail=\"https:\/\/wp.1dfh.de\/wordpress\/nextgen-image\/10519\/100x100x100\/crop\/c161c403c3fecee6f67224afaa942f9f?t=1501508502\" data-title=\"Antares 20 E\" data-description=\"Antares 20 E\">\n\t\t\t<img title=\"Antares 20 E\"\n\t\t\t\talt=\"Antares 20 E\"\n\t\t\t\tdata-image-id=\"10519\"\n\t\t\t\tsrc=\"\"\/>\n\t\t<\/a>\n\t\t\t<a href=\"https:\/\/wp.1dfh.de\/wordpress\/wp-content\/gallery\/berblinger-flugwettbewerb-2011\/02_antares-dlr-h2.jpg?t=1501508502\"\n\t\t\ttitle=\"Antares DLR H2\"\n\t\t\t\t\t\t\t\t\t\t\t\t\t\t\t data-image-id=\"10520\" data-src=\"https:\/\/wp.1dfh.de\/wordpress\/wp-content\/gallery\/berblinger-flugwettbewerb-2011\/02_antares-dlr-h2.jpg?t=1501508502\" data-thumbnail=\"https:\/\/wp.1dfh.de\/wordpress\/nextgen-image\/10520\/100x100x100\/crop\/bfbfec1ba94fdd1c764469072dc9bad3?t=1501508502\" data-title=\"Antares DLR H2\" data-description=\"Antares DLR H2\">\n\t\t\t<img title=\"Antares DLR H2\"\n\t\t\t\talt=\"Antares DLR H2\"\n\t\t\t\tdata-image-id=\"10520\"\n\t\t\t\tsrc=\"\"\/>\n\t\t<\/a>\n\t\t\t<a href=\"https:\/\/wp.1dfh.de\/wordpress\/wp-content\/gallery\/berblinger-flugwettbewerb-2011\/03_-arcus-e.jpg?t=1501508503\"\n\t\t\ttitle=\"ARCUS-E\"\n\t\t\t\t\t\t\t\t\t\t\t\t\t\t\t data-image-id=\"10521\" data-src=\"https:\/\/wp.1dfh.de\/wordpress\/wp-content\/gallery\/berblinger-flugwettbewerb-2011\/03_-arcus-e.jpg?t=1501508503\" data-thumbnail=\"https:\/\/wp.1dfh.de\/wordpress\/nextgen-image\/10521\/100x100x100\/crop\/7074ed42a6d3b69530cc3e06f410b1f6?t=1501508503\" data-title=\"ARCUS-E\" data-description=\"ARCUS-E\">\n\t\t\t<img title=\"ARCUS-E\"\n\t\t\t\talt=\"ARCUS-E\"\n\t\t\t\tdata-image-id=\"10521\"\n\t\t\t\tsrc=\"\"\/>\n\t\t<\/a>\n\t\t\t<a href=\"https:\/\/wp.1dfh.de\/wordpress\/wp-content\/gallery\/berblinger-flugwettbewerb-2011\/04_arcus-m.jpg?t=1501508503\"\n\t\t\ttitle=\"ARCUS-M\"\n\t\t\t\t\t\t\t\t\t\t\t\t\t\t\t data-image-id=\"10522\" data-src=\"https:\/\/wp.1dfh.de\/wordpress\/wp-content\/gallery\/berblinger-flugwettbewerb-2011\/04_arcus-m.jpg?t=1501508503\" data-thumbnail=\"https:\/\/wp.1dfh.de\/wordpress\/nextgen-image\/10522\/100x100x100\/crop\/fb7100c4b4461496b99fba6384e6f61d?t=1501508503\" data-title=\"ARCUS-M\" data-description=\"ARCUS-M\">\n\t\t\t<img title=\"ARCUS-M\"\n\t\t\t\talt=\"ARCUS-M\"\n\t\t\t\tdata-image-id=\"10522\"\n\t\t\t\tsrc=\"\"\/>\n\t\t<\/a>\n\t\t\t<a href=\"https:\/\/wp.1dfh.de\/wordpress\/wp-content\/gallery\/berblinger-flugwettbewerb-2011\/05_asw-20-cl-j-mit-psr-jet-system.jpg?t=1501508504\"\n\t\t\ttitle=\"ASW 20 CL-J mit PSR-Jet-System\"\n\t\t\t\t\t\t\t\t\t\t\t\t\t\t\t data-image-id=\"10523\" data-src=\"https:\/\/wp.1dfh.de\/wordpress\/wp-content\/gallery\/berblinger-flugwettbewerb-2011\/05_asw-20-cl-j-mit-psr-jet-system.jpg?t=1501508504\" data-thumbnail=\"https:\/\/wp.1dfh.de\/wordpress\/nextgen-image\/10523\/100x100x100\/crop\/3954e6488d3eaf8d4215af98eb9e0c43?t=1501508504\" data-title=\"ASW 20 CL-J mit PSR-Jet-System\" data-description=\"ASW 20 CL-J mit PSR-Jet-System\">\n\t\t\t<img title=\"ASW 20 CL-J mit PSR-Jet-System\"\n\t\t\t\talt=\"ASW 20 CL-J mit PSR-Jet-System\"\n\t\t\t\tdata-image-id=\"10523\"\n\t\t\t\tsrc=\"\"\/>\n\t\t<\/a>\n\t\t\t<a href=\"https:\/\/wp.1dfh.de\/wordpress\/wp-content\/gallery\/berblinger-flugwettbewerb-2011\/06_ata-all-terrain-aircraft.jpg?t=1501508504\"\n\t\t\ttitle=\"ATA All terrain aircraft\"\n\t\t\t\t\t\t\t\t\t\t\t\t\t\t\t data-image-id=\"10524\" data-src=\"https:\/\/wp.1dfh.de\/wordpress\/wp-content\/gallery\/berblinger-flugwettbewerb-2011\/06_ata-all-terrain-aircraft.jpg?t=1501508504\" data-thumbnail=\"https:\/\/wp.1dfh.de\/wordpress\/nextgen-image\/10524\/100x100x100\/crop\/2bc783f247b956f0a1f3232845b3c1ed?t=1501508504\" data-title=\"ATA All terrain aircraft\" data-description=\"ATA All terrain aircraft\">\n\t\t\t<img title=\"ATA All terrain aircraft\"\n\t\t\t\talt=\"ATA All terrain aircraft\"\n\t\t\t\tdata-image-id=\"10524\"\n\t\t\t\tsrc=\"\"\/>\n\t\t<\/a>\n\t<\/div>\n","protected":false},"excerpt":{"rendered":"<p>Vision Donauflug: Die Idee des \u201eSchneiders von Ulm\u201c lebt Kriterienkatalog f\u00fcr den Berblinger Wettbewerb 2013 der Stadt Ulm liegt vor Die Stadt Ulm f\u00f6rdert mit dem Berblinger Preis 2013 erneut Ideen f\u00fcr Innovationen im Bereich der zivilen Luftfahrt, die das Fliegen umweltfreundlicher machen sollen. Die Berblinger Jury, der renommierte Luftfahrtexperten angeh\u00f6ren, hat nun die Bewertungskriterien &hellip; <a href=\"https:\/\/wp.1dfh.de\/wordpress\/berblinger-wettbewerb-2013-vision-donauflug\/\" class=\"more-link\"><span class=\"screen-reader-text\">Berblinger Wettbewerb 2013: Vision Donauflug<\/span> weiterlesen <span class=\"meta-nav\">&rarr;<\/span><\/a><\/p>\n","protected":false},"author":2,"featured_media":20975,"comment_status":"open","ping_status":"open","sticky":false,"template":"","format":"standard","meta":{"ngg_post_thumbnail":0,"footnotes":""},"categories":[3,1,15,1315],"tags":[8865,8594,5814,12374,10618,8900,5781,8901],"class_list":["post-22663","post","type-post","status-publish","format-standard","has-post-thumbnail","hentry","category-aktuelles","category-allgemeines","category-ausstellungen","category-neues","tag-aero-2013","tag-albrecht-ludwig-berblinger","tag-berblinger","tag-berblinger-flugwettbewerb-2011","tag-berblinger-wettbewerb","tag-berblinger-wettbewerb-2013","tag-ulm","tag-vision-donauflug"],"_links":{"self":[{"href":"https:\/\/wp.1dfh.de\/wordpress\/wp-json\/wp\/v2\/posts\/22663","targetHints":{"allow":["GET"]}}],"collection":[{"href":"https:\/\/wp.1dfh.de\/wordpress\/wp-json\/wp\/v2\/posts"}],"about":[{"href":"https:\/\/wp.1dfh.de\/wordpress\/wp-json\/wp\/v2\/types\/post"}],"author":[{"embeddable":true,"href":"https:\/\/wp.1dfh.de\/wordpress\/wp-json\/wp\/v2\/users\/2"}],"replies":[{"embeddable":true,"href":"https:\/\/wp.1dfh.de\/wordpress\/wp-json\/wp\/v2\/comments?post=22663"}],"version-history":[{"count":0,"href":"https:\/\/wp.1dfh.de\/wordpress\/wp-json\/wp\/v2\/posts\/22663\/revisions"}],"wp:featuredmedia":[{"embeddable":true,"href":"https:\/\/wp.1dfh.de\/wordpress\/wp-json\/wp\/v2\/media\/20975"}],"wp:attachment":[{"href":"https:\/\/wp.1dfh.de\/wordpress\/wp-json\/wp\/v2\/media?parent=22663"}],"wp:term":[{"taxonomy":"category","embeddable":true,"href":"https:\/\/wp.1dfh.de\/wordpress\/wp-json\/wp\/v2\/categories?post=22663"},{"taxonomy":"post_tag","embeddable":true,"href":"https:\/\/wp.1dfh.de\/wordpress\/wp-json\/wp\/v2\/tags?post=22663"}],"curies":[{"name":"wp","href":"https:\/\/api.w.org\/{rel}","templated":true}]}}