{"id":22835,"date":"2013-04-16T13:41:02","date_gmt":"2013-04-16T11:41:02","guid":{"rendered":"http:\/\/wp.1dfh.de\/wordpress\/?p=22835"},"modified":"2013-04-16T13:43:39","modified_gmt":"2013-04-16T11:43:39","slug":"fliegerfest-kornwestheim-flugplatz-pattonville-09-05-11-05-12-05-2013","status":"publish","type":"post","link":"https:\/\/wp.1dfh.de\/wordpress\/fliegerfest-kornwestheim-flugplatz-pattonville-09-05-11-05-12-05-2013\/","title":{"rendered":"Fliegerfest Kornwestheim Flugplatz Pattonville 09.05. + 11.05 &#8211; 12.05.2013"},"content":{"rendered":"<figure id=\"attachment_22837\" aria-describedby=\"caption-attachment-22837\" style=\"width: 212px\" class=\"wp-caption alignright\"><a href=\"http:\/\/www.fliegerfest-kornwestheim.de\" target=\"_blank\"><img loading=\"lazy\" decoding=\"async\" class=\"size-medium wp-image-22837 \" alt=\"Fliegerfest Kornwestheim 2013\" src=\"http:\/\/wp.1dfh.de\/wordpress\/wp-content\/uploads\/Fliegerfest_Plakat11-212x300.jpg\" width=\"212\" height=\"300\" srcset=\"https:\/\/wp.1dfh.de\/wordpress\/wp-content\/uploads\/Fliegerfest_Plakat11-212x300.jpg 212w, https:\/\/wp.1dfh.de\/wordpress\/wp-content\/uploads\/Fliegerfest_Plakat11-106x150.jpg 106w, https:\/\/wp.1dfh.de\/wordpress\/wp-content\/uploads\/Fliegerfest_Plakat11-400x565.jpg 400w, https:\/\/wp.1dfh.de\/wordpress\/wp-content\/uploads\/Fliegerfest_Plakat11.jpg 991w\" sizes=\"auto, (max-width: 212px) 100vw, 212px\" \/><\/a><figcaption id=\"caption-attachment-22837\" class=\"wp-caption-text\">Fliegerfest Kornwestheim 2013<\/figcaption><\/figure>\n<figure id=\"attachment_15248\" aria-describedby=\"caption-attachment-15248\" style=\"width: 180px\" class=\"wp-caption alignright\"><a href=\"http:\/\/www.fliegergruppe-kornwestheim.de\/\" target=\"_blank\"><img loading=\"lazy\" decoding=\"async\" class=\" wp-image-15248  \" title=\"Fliegergruppe Kornwestheim e.V.\" alt=\"Fliegergruppe Kornwestheim e.V.\" src=\"http:\/\/wp.1dfh.de\/wordpress\/wp-content\/uploads\/startseite11-300x214.jpg\" width=\"180\" height=\"128\" srcset=\"https:\/\/wp.1dfh.de\/wordpress\/wp-content\/uploads\/startseite11-300x214.jpg 300w, https:\/\/wp.1dfh.de\/wordpress\/wp-content\/uploads\/startseite11-150x107.jpg 150w, https:\/\/wp.1dfh.de\/wordpress\/wp-content\/uploads\/startseite11-400x285.jpg 400w, https:\/\/wp.1dfh.de\/wordpress\/wp-content\/uploads\/startseite11.jpg 770w\" sizes=\"auto, (max-width: 180px) 100vw, 180px\" \/><\/a><figcaption id=\"caption-attachment-15248\" class=\"wp-caption-text\">Fliegergruppe Kornwestheim e.V.<\/figcaption><\/figure>\n<h2>Programm<\/h2>\n<p>Festbeginn t\u00e4glich ab 11:00 Uhr<\/p>\n<p>\u2022 Segelkunstflug, Modellflug, Formationsflug<br \/>\n\u2022 Rundfl\u00fcge mit Motorseglern, Segel- und Motorflugzeugen *<br \/>\n\u2022 Flugzeugschau mit Oldtimer-, Experimental-Flugzeugen, u.v.m.<br \/>\n\u2022 Gummiseilstarts mit Oldtimer-Segelflugzeug<br \/>\n\u2022 Pr\u00e4sentation unserer Jugend Modellbaugruppe<br \/>\n\u2022 Bewirtung mit deftigen Speisen<br \/>\n\u2022 Kaffee und hausgemachte Kuchenspezialit\u00e4ten (Do. + So.)<br \/>\n\u2022 Airbrushk\u00fcnstler gestalten T-Shirts frei nach Ihren W\u00fcnschen<br \/>\n\u2022 Schausteller mit Karussell, Bungee-Trampolin u. v. m.<\/p>\n<h2>Donnerstag, 9. Mai 2013 (Vatertag)<\/h2>\n<p>\u2022 Musik mit dem Gro\u00dfen Blasorchester und dem Jugendblasorchester ab 11:30 Uhr zum \u201eAeroschoppen\u201c<br \/>\n\u2022 Kunstradfahren mit dem RSV M\u00f6ve<br \/>\n\u2022 Verl\u00e4ngertes Unterhaltungsmusikprogramm mit dem Gro\u00dfen Blasorchester bis ca. 20:30 Uhr<br \/>\n\u2022 Darbietungen der Fasnetzunft Kornwestheim<\/p>\n<h2>Samstag 11. Mai &amp; Sonntag 12. Mai 2013<\/h2>\n<p>\u2022 Nostalgierundfl\u00fcge mit dem Doppeldecker Antonov II *<br \/>\n\u2022 Rundflug-Verlosung um 16:30 Uhr am Samstag mit Livemusik<br \/>\n\u2022 Musikalischer Ausklang am Samstagabend mit der KRB (Kaisemer Revival Band) sowie Ballongl\u00fchen in der D\u00e4mmerung<br \/>\n\u2022 Kinderschminken am Samstag und Sonntag<br \/>\n\u2022 DRF Luftrettung mit Ausstellungshubschrauber und Infomobil<\/p>\n<p>* Rundflug-Tickets und eine umfangreiche Beratung zu den Rundfl\u00fcgen sind am Fliegerfest vor Ort an der Rundflugkasse erh\u00e4ltlich. Die Flugzeuge starten nach Bedarf, die Antonov II, mit Ihren 9 Sitzpl\u00e4tzen, sobald sie voll besetzt ist. Feste Startzeiten gibt es keine. Erfahrungsgem\u00e4\u00df ist der Andrang an den Rundfl\u00fcgen Sonntag nachmittags am gr\u00f6\u00dften. Wer sich fr\u00fcher zu einem Rundflug entschlie\u00dft, kann Wartezeiten vermeiden.<\/p>\n<p>[gmap]<\/p>\n<div class=\"ngg-related-gallery\">\n\t\t\t<a href=\"https:\/\/wp.1dfh.de\/wordpress\/wp-content\/gallery\/kehl09\/1dfh-kehl09_0011.JPG?t=1773302596\"\n\t\t\ttitle=\" \"\n\t\t\t\t\t\t\t\t\t\t\t\t\t\t\t data-image-id=\"717\" data-src=\"https:\/\/wp.1dfh.de\/wordpress\/wp-content\/gallery\/kehl09\/1dfh-kehl09_0011.JPG?t=1773302596\" data-thumbnail=\"https:\/\/wp.1dfh.de\/wordpress\/wp-content\/gallery\/kehl09\/cache\/1dfh-kehl09_0011.JPG-nggid03717-ngg0dyn-100x100x100-00f0w010c011r110f110r010t010.JPG?t=1773302596\" data-title=\"1dfh-kehl09_0011\" data-description=\" \">\n\t\t\t<img title=\"1dfh-kehl09_0011\"\n\t\t\t\talt=\"1dfh-kehl09_0011\"\n\t\t\t\tdata-image-id=\"717\"\n\t\t\t\tsrc=\"\"\/>\n\t\t<\/a>\n\t\t\t<a href=\"https:\/\/wp.1dfh.de\/wordpress\/wp-content\/gallery\/kehl09\/1dfh-kehl09_0019.JPG?t=1773302597\"\n\t\t\ttitle=\" \"\n\t\t\t\t\t\t\t\t\t\t\t\t\t\t\t data-image-id=\"725\" data-src=\"https:\/\/wp.1dfh.de\/wordpress\/wp-content\/gallery\/kehl09\/1dfh-kehl09_0019.JPG?t=1773302597\" data-thumbnail=\"https:\/\/wp.1dfh.de\/wordpress\/wp-content\/gallery\/kehl09\/cache\/1dfh-kehl09_0019.JPG-nggid03725-ngg0dyn-100x100x100-00f0w010c011r110f110r010t010.JPG?t=1773302597\" data-title=\"1dfh-kehl09_0019\" data-description=\" \">\n\t\t\t<img title=\"1dfh-kehl09_0019\"\n\t\t\t\talt=\"1dfh-kehl09_0019\"\n\t\t\t\tdata-image-id=\"725\"\n\t\t\t\tsrc=\"\"\/>\n\t\t<\/a>\n\t\t\t<a href=\"https:\/\/wp.1dfh.de\/wordpress\/wp-content\/gallery\/kehl09\/1dfh-kehl09_0020.JPG?t=1773302596\"\n\t\t\ttitle=\" \"\n\t\t\t\t\t\t\t\t\t\t\t\t\t\t\t data-image-id=\"726\" data-src=\"https:\/\/wp.1dfh.de\/wordpress\/wp-content\/gallery\/kehl09\/1dfh-kehl09_0020.JPG?t=1773302596\" data-thumbnail=\"https:\/\/wp.1dfh.de\/wordpress\/wp-content\/gallery\/kehl09\/cache\/1dfh-kehl09_0020.JPG-nggid03726-ngg0dyn-100x100x100-00f0w010c011r110f110r010t010.JPG?t=1773302596\" data-title=\"1dfh-kehl09_0020\" data-description=\" \">\n\t\t\t<img title=\"1dfh-kehl09_0020\"\n\t\t\t\talt=\"1dfh-kehl09_0020\"\n\t\t\t\tdata-image-id=\"726\"\n\t\t\t\tsrc=\"\"\/>\n\t\t<\/a>\n\t\t\t<a href=\"https:\/\/wp.1dfh.de\/wordpress\/wp-content\/gallery\/kehl09\/1dfh-kehl09_0021.JPG?t=1773302596\"\n\t\t\ttitle=\" \"\n\t\t\t\t\t\t\t\t\t\t\t\t\t\t\t data-image-id=\"727\" data-src=\"https:\/\/wp.1dfh.de\/wordpress\/wp-content\/gallery\/kehl09\/1dfh-kehl09_0021.JPG?t=1773302596\" data-thumbnail=\"https:\/\/wp.1dfh.de\/wordpress\/wp-content\/gallery\/kehl09\/cache\/1dfh-kehl09_0021.JPG-nggid03727-ngg0dyn-100x100x100-00f0w010c011r110f110r010t010.JPG?t=1773302596\" data-title=\"1dfh-kehl09_0021\" data-description=\" \">\n\t\t\t<img title=\"1dfh-kehl09_0021\"\n\t\t\t\talt=\"1dfh-kehl09_0021\"\n\t\t\t\tdata-image-id=\"727\"\n\t\t\t\tsrc=\"\"\/>\n\t\t<\/a>\n\t\t\t<a href=\"https:\/\/wp.1dfh.de\/wordpress\/wp-content\/gallery\/kehl09\/1dfh-kehl09_0026.JPG?t=1773302596\"\n\t\t\ttitle=\" \"\n\t\t\t\t\t\t\t\t\t\t\t\t\t\t\t data-image-id=\"732\" data-src=\"https:\/\/wp.1dfh.de\/wordpress\/wp-content\/gallery\/kehl09\/1dfh-kehl09_0026.JPG?t=1773302596\" data-thumbnail=\"https:\/\/wp.1dfh.de\/wordpress\/wp-content\/gallery\/kehl09\/cache\/1dfh-kehl09_0026.JPG-nggid03732-ngg0dyn-100x100x100-00f0w010c011r110f110r010t010.JPG?t=1773302596\" data-title=\"1dfh-kehl09_0026\" data-description=\" \">\n\t\t\t<img title=\"1dfh-kehl09_0026\"\n\t\t\t\talt=\"1dfh-kehl09_0026\"\n\t\t\t\tdata-image-id=\"732\"\n\t\t\t\tsrc=\"\"\/>\n\t\t<\/a>\n\t\t\t<a href=\"https:\/\/wp.1dfh.de\/wordpress\/wp-content\/gallery\/donzdorf\/1dfh-donzdorf07_0002.JPG?t=1773302596\"\n\t\t\ttitle=\" \"\n\t\t\t\t\t\t\t\t\t\t\t\t\t\t\t data-image-id=\"953\" data-src=\"https:\/\/wp.1dfh.de\/wordpress\/wp-content\/gallery\/donzdorf\/1dfh-donzdorf07_0002.JPG?t=1773302596\" data-thumbnail=\"https:\/\/wp.1dfh.de\/wordpress\/wp-content\/gallery\/donzdorf\/cache\/1dfh-donzdorf07_0002.JPG-nggid03953-ngg0dyn-100x100x100-00f0w010c011r110f110r010t010.JPG?t=1773302596\" data-title=\"1dfh-donzdorf07_0002\" data-description=\" \">\n\t\t\t<img title=\"1dfh-donzdorf07_0002\"\n\t\t\t\talt=\"1dfh-donzdorf07_0002\"\n\t\t\t\tdata-image-id=\"953\"\n\t\t\t\tsrc=\"\"\/>\n\t\t<\/a>\n\t\t\t<a href=\"https:\/\/wp.1dfh.de\/wordpress\/wp-content\/gallery\/donzdorf\/1dfh-donzdorf07_0006.JPG?t=1773302596\"\n\t\t\ttitle=\" \"\n\t\t\t\t\t\t\t\t\t\t\t\t\t\t\t data-image-id=\"957\" data-src=\"https:\/\/wp.1dfh.de\/wordpress\/wp-content\/gallery\/donzdorf\/1dfh-donzdorf07_0006.JPG?t=1773302596\" data-thumbnail=\"https:\/\/wp.1dfh.de\/wordpress\/wp-content\/gallery\/donzdorf\/cache\/1dfh-donzdorf07_0006.JPG-nggid03957-ngg0dyn-100x100x100-00f0w010c011r110f110r010t010.JPG?t=1773302596\" data-title=\"1dfh-donzdorf07_0006\" data-description=\" \">\n\t\t\t<img title=\"1dfh-donzdorf07_0006\"\n\t\t\t\talt=\"1dfh-donzdorf07_0006\"\n\t\t\t\tdata-image-id=\"957\"\n\t\t\t\tsrc=\"\"\/>\n\t\t<\/a>\n\t<\/div>\n","protected":false},"excerpt":{"rendered":"<p>Programm Festbeginn t\u00e4glich ab 11:00 Uhr \u2022 Segelkunstflug, Modellflug, Formationsflug \u2022 Rundfl\u00fcge mit Motorseglern, Segel- und Motorflugzeugen * \u2022 Flugzeugschau mit Oldtimer-, Experimental-Flugzeugen, u.v.m. \u2022 Gummiseilstarts mit Oldtimer-Segelflugzeug \u2022 Pr\u00e4sentation unserer Jugend Modellbaugruppe \u2022 Bewirtung mit deftigen Speisen \u2022 Kaffee und hausgemachte Kuchenspezialit\u00e4ten (Do. + So.) \u2022 Airbrushk\u00fcnstler gestalten T-Shirts frei nach Ihren W\u00fcnschen \u2022 &hellip; <a href=\"https:\/\/wp.1dfh.de\/wordpress\/fliegerfest-kornwestheim-flugplatz-pattonville-09-05-11-05-12-05-2013\/\" class=\"more-link\"><span class=\"screen-reader-text\">Fliegerfest Kornwestheim Flugplatz Pattonville 09.05. + 11.05 &#8211; 12.05.2013<\/span> weiterlesen <span class=\"meta-nav\">&rarr;<\/span><\/a><\/p>\n","protected":false},"author":2,"featured_media":22837,"comment_status":"open","ping_status":"open","sticky":false,"template":"","format":"standard","meta":{"ngg_post_thumbnail":0,"footnotes":""},"categories":[15,18,9],"tags":[11372,11369,12347,12346,12531,11314,11433],"class_list":["post-22835","post","type-post","status-publish","format-standard","has-post-thumbnail","hentry","category-ausstellungen","category-flugveranstaltungen","category-termine","tag-antonov-an-2","tag-d-fkme","tag-fliegergruppe-kornwestheim-e-v","tag-flugplatz-pattonville","tag-kinderschminken","tag-petra-mogg","tag-segelkunstflug"],"_links":{"self":[{"href":"https:\/\/wp.1dfh.de\/wordpress\/wp-json\/wp\/v2\/posts\/22835","targetHints":{"allow":["GET"]}}],"collection":[{"href":"https:\/\/wp.1dfh.de\/wordpress\/wp-json\/wp\/v2\/posts"}],"about":[{"href":"https:\/\/wp.1dfh.de\/wordpress\/wp-json\/wp\/v2\/types\/post"}],"author":[{"embeddable":true,"href":"https:\/\/wp.1dfh.de\/wordpress\/wp-json\/wp\/v2\/users\/2"}],"replies":[{"embeddable":true,"href":"https:\/\/wp.1dfh.de\/wordpress\/wp-json\/wp\/v2\/comments?post=22835"}],"version-history":[{"count":0,"href":"https:\/\/wp.1dfh.de\/wordpress\/wp-json\/wp\/v2\/posts\/22835\/revisions"}],"wp:featuredmedia":[{"embeddable":true,"href":"https:\/\/wp.1dfh.de\/wordpress\/wp-json\/wp\/v2\/media\/22837"}],"wp:attachment":[{"href":"https:\/\/wp.1dfh.de\/wordpress\/wp-json\/wp\/v2\/media?parent=22835"}],"wp:term":[{"taxonomy":"category","embeddable":true,"href":"https:\/\/wp.1dfh.de\/wordpress\/wp-json\/wp\/v2\/categories?post=22835"},{"taxonomy":"post_tag","embeddable":true,"href":"https:\/\/wp.1dfh.de\/wordpress\/wp-json\/wp\/v2\/tags?post=22835"}],"curies":[{"name":"wp","href":"https:\/\/api.w.org\/{rel}","templated":true}]}}