{"id":22870,"date":"2013-04-22T20:26:44","date_gmt":"2013-04-22T18:26:44","guid":{"rendered":"http:\/\/wp.1dfh.de\/wordpress\/?p=22870"},"modified":"2013-04-23T11:38:07","modified_gmt":"2013-04-23T09:38:07","slug":"dokumentation-der-berblinger-wettbewerbe-2006-und-2011","status":"publish","type":"post","link":"https:\/\/wp.1dfh.de\/wordpress\/dokumentation-der-berblinger-wettbewerbe-2006-und-2011\/","title":{"rendered":"Dokumentation der Berblinger Wettbewerbe 2006 und 2011"},"content":{"rendered":"<p><strong>Die Dokumentation der Berblinger Wettbewerbe 2006 und 2011 ist ab sofort erh\u00e4ltlich. Mittelpunkt des Buches ist der Berblinger Flugwettbewerb 2011 im Rahmen der internationalen Luftfahrtmesse AERO in Friedrichshafen, der international gro\u00dfe Anerkennung fand. Der Grundstein f\u00fcr diesen Erfolg wurde bereits im Jahr 2006 mit einem Konstruktionswettbewerb gelegt.<\/strong><\/p>\n<p>Das Berblinger Jubil\u00e4umsjahr 2011 wurde mit einem internationalen Flugwettbewerb gefeiert. Das Preisgeld von 100.000 \u20ac wurde f\u00fcr umweltfreundliche und zugleich praxistaugliche Flugger\u00e4te vergeben, die mit Blick auf Umweltvertr\u00e4glichkeit, Wirtschaftlichkeit, Sicherheit und\/oder Bauweise besonders originell und innovativ konzipiert waren. Bereits im Jahr 2006 wurde ein Konstruktionswettbewerb ausgeschrieben, der als Grundlage f\u00fcr den eigentlichen Flugwettbewerb 2011 diente. Alle Wettbewerbsbeitr\u00e4ge, den Ablauf des Flugwettbewerbs sowie die Bewertungen k\u00f6nnen in der nun erh\u00e4ltlichen Dokumentation eingesehen werden.<\/p>\n<p>Zus\u00e4tzlich finden sich darin alle weiteren Aktivit\u00e4ten rund um das Berblinger Jubil\u00e4umsjahr 2011 und eine Medien-CD, welche die Schwerpunktveranstaltungen 2011 eindrucksvoll dokumentiert. Das Buch ist nur auf Deutsch verf\u00fcgbar.<\/p>\n<p>Die Dokumentation ist zum Preis von 19,80 \u20ac erh\u00e4ltlich \u00fcber den Verlag Klemm + Oelschl\u00e4ger und in den Ulmer Buchhandlungen.<\/p>\n<p><iframe loading=\"lazy\" style=\"width: 120px; height: 240px;\" src=\"http:\/\/rcm-de.amazon.de\/e\/cm?t=privathomepad-21&amp;o=3&amp;p=8&amp;l=as1&amp;asins=3862810615&amp;ref=tf_til&amp;fc1=000000&amp;IS2=1&amp;lt1=_blank&amp;m=amazon&amp;lc1=0000FF&amp;bc1=000000&amp;bg1=FFFFFF&amp;npa=1&amp;f=ifr\" height=\"240\" width=\"320\" frameborder=\"0\" marginwidth=\"0\" marginheight=\"0\" scrolling=\"no\"><\/iframe><\/p>\n","protected":false},"excerpt":{"rendered":"<p>Die Dokumentation der Berblinger Wettbewerbe 2006 und 2011 ist ab sofort erh\u00e4ltlich. Mittelpunkt des Buches ist der Berblinger Flugwettbewerb 2011 im Rahmen der internationalen Luftfahrtmesse AERO in Friedrichshafen, der international gro\u00dfe Anerkennung fand. Der Grundstein f\u00fcr diesen Erfolg wurde bereits im Jahr 2006 mit einem Konstruktionswettbewerb gelegt. Das Berblinger Jubil\u00e4umsjahr 2011 wurde mit einem internationalen &hellip; <a href=\"https:\/\/wp.1dfh.de\/wordpress\/dokumentation-der-berblinger-wettbewerbe-2006-und-2011\/\" class=\"more-link\"><span class=\"screen-reader-text\">Dokumentation der Berblinger Wettbewerbe 2006 und 2011<\/span> weiterlesen <span class=\"meta-nav\">&rarr;<\/span><\/a><\/p>\n","protected":false},"author":2,"featured_media":0,"comment_status":"open","ping_status":"open","sticky":false,"template":"","format":"standard","meta":{"ngg_post_thumbnail":0,"footnotes":""},"categories":[3],"tags":[8865,5814,8979,8980],"class_list":["post-22870","post","type-post","status-publish","format-standard","hentry","category-aktuelles","tag-aero-2013","tag-berblinger","tag-dokumentation-2","tag-fliegen-mit-innovativen-technologien-dokumentation-der-berblinger-wettbewerbe-2006-und-2011"],"_links":{"self":[{"href":"https:\/\/wp.1dfh.de\/wordpress\/wp-json\/wp\/v2\/posts\/22870","targetHints":{"allow":["GET"]}}],"collection":[{"href":"https:\/\/wp.1dfh.de\/wordpress\/wp-json\/wp\/v2\/posts"}],"about":[{"href":"https:\/\/wp.1dfh.de\/wordpress\/wp-json\/wp\/v2\/types\/post"}],"author":[{"embeddable":true,"href":"https:\/\/wp.1dfh.de\/wordpress\/wp-json\/wp\/v2\/users\/2"}],"replies":[{"embeddable":true,"href":"https:\/\/wp.1dfh.de\/wordpress\/wp-json\/wp\/v2\/comments?post=22870"}],"version-history":[{"count":0,"href":"https:\/\/wp.1dfh.de\/wordpress\/wp-json\/wp\/v2\/posts\/22870\/revisions"}],"wp:attachment":[{"href":"https:\/\/wp.1dfh.de\/wordpress\/wp-json\/wp\/v2\/media?parent=22870"}],"wp:term":[{"taxonomy":"category","embeddable":true,"href":"https:\/\/wp.1dfh.de\/wordpress\/wp-json\/wp\/v2\/categories?post=22870"},{"taxonomy":"post_tag","embeddable":true,"href":"https:\/\/wp.1dfh.de\/wordpress\/wp-json\/wp\/v2\/tags?post=22870"}],"curies":[{"name":"wp","href":"https:\/\/api.w.org\/{rel}","templated":true}]}}