{"id":23754,"date":"2013-07-09T11:48:46","date_gmt":"2013-07-09T09:48:46","guid":{"rendered":"http:\/\/wp.1dfh.de\/wordpress\/?p=23754"},"modified":"2013-07-09T12:48:06","modified_gmt":"2013-07-09T10:48:06","slug":"flugtagwochenende-oberhausen-20-07-21-07-2013","status":"publish","type":"post","link":"https:\/\/wp.1dfh.de\/wordpress\/flugtagwochenende-oberhausen-20-07-21-07-2013\/","title":{"rendered":"Flugtagwochenende Oberhausen 20.07. &#8211; 21.07.2013"},"content":{"rendered":"<figure id=\"attachment_18647\" aria-describedby=\"caption-attachment-18647\" style=\"width: 78px\" class=\"wp-caption alignright\"><a href=\"http:\/\/www.msv-oberhausen.de\/\" target=\"_blank\"><img loading=\"lazy\" decoding=\"async\" class=\"size-full wp-image-18647\" title=\"MSV-Oberhausen\" alt=\"MSV-Oberhausen\" src=\"http:\/\/wp.1dfh.de\/wordpress\/wp-content\/uploads\/wappen11.jpg\" width=\"78\" height=\"93\" \/><\/a><figcaption id=\"caption-attachment-18647\" class=\"wp-caption-text\">MSV-Oberhausen<\/figcaption><\/figure>\n<p>&nbsp;<\/p>\n<figure id=\"attachment_23809\" aria-describedby=\"caption-attachment-23809\" style=\"width: 216px\" class=\"wp-caption alignright\"><a href=\"http:\/\/www.msv-oberhausen.de\/\" target=\"_blank\"><img loading=\"lazy\" decoding=\"async\" class=\"size-medium wp-image-23809 \" alt=\"Modellflugwochenende beim MSV-Oberhausen\" src=\"http:\/\/wp.1dfh.de\/wordpress\/wp-content\/uploads\/1017618_480789388664523_1896977889_n1-216x300.jpg\" width=\"216\" height=\"300\" srcset=\"https:\/\/wp.1dfh.de\/wordpress\/wp-content\/uploads\/1017618_480789388664523_1896977889_n1-216x300.jpg 216w, https:\/\/wp.1dfh.de\/wordpress\/wp-content\/uploads\/1017618_480789388664523_1896977889_n1-108x150.jpg 108w, https:\/\/wp.1dfh.de\/wordpress\/wp-content\/uploads\/1017618_480789388664523_1896977889_n1-400x554.jpg 400w, https:\/\/wp.1dfh.de\/wordpress\/wp-content\/uploads\/1017618_480789388664523_1896977889_n1.jpg 692w\" sizes=\"auto, (max-width: 216px) 100vw, 216px\" \/><\/a><figcaption id=\"caption-attachment-23809\" class=\"wp-caption-text\">Modellflugwochenende beim MSV-Oberhausen<\/figcaption><\/figure>\n<p>Unser traditionelles Flugtagwochenende am 20. und 21. Juli 2013 werden wir im Jubil\u00e4umsjahr zum Gedenken an unseren Geburtstag erweitern.<br \/>\nGeplant ist u.a. das Ballongl\u00fchen von gro\u00dfen, echten Hei\u00dfluftballonen in der Nacht zu bestaunen und mit Livemusik viel Spa\u00df zu haben.<\/p>\n<p>[gmap]<\/p>\n<div class=\"ngg-related-gallery\">\n\t\t\t<a href=\"https:\/\/wp.1dfh.de\/wordpress\/wp-content\/gallery\/modellflugtag-modellflugclub-untermunkheim-e-v-30-06-2013\/modellflugtag-mfc-untermuenkheim30062013.jpg?t=1775664101\"\n\t\t\ttitle=\"40 Jahre MFC-Unterm\u00fcnkheim\"\n\t\t\t\t\t\t\t\t\t\t\t\t\t\t\t data-image-id=\"28191\" data-src=\"https:\/\/wp.1dfh.de\/wordpress\/wp-content\/gallery\/modellflugtag-modellflugclub-untermunkheim-e-v-30-06-2013\/modellflugtag-mfc-untermuenkheim30062013.jpg?t=1775664101\" data-thumbnail=\"https:\/\/wp.1dfh.de\/wordpress\/wp-content\/gallery\/modellflugtag-modellflugclub-untermunkheim-e-v-30-06-2013\/cache\/modellflugtag-mfc-untermuenkheim30062013.jpg-nggid0528191-ngg0dyn-100x100x100-00f0w010c011r110f110r010t010.jpg?t=1775664101\" data-title=\"40 Jahre MFC-Unterm\u00fcnkheim\" data-description=\"40 Jahre MFC-Unterm\u00fcnkheim\">\n\t\t\t<img title=\"40 Jahre MFC-Unterm\u00fcnkheim\"\n\t\t\t\talt=\"40 Jahre MFC-Unterm\u00fcnkheim\"\n\t\t\t\tdata-image-id=\"28191\"\n\t\t\t\tsrc=\"\"\/>\n\t\t<\/a>\n\t\t\t<a href=\"https:\/\/wp.1dfh.de\/wordpress\/wp-content\/gallery\/flugplatzfest-mit-oldtimertreffen-fliegergruppe-huelben-e-v-27-07-2014\/1-gute-huelben.jpg?t=1773792456\"\n\t\t\ttitle=\"Flugplatzfest Fliegergruppe H\u00fclben e.V. 2014\"\n\t\t\t\t\t\t\t\t\t\t\t\t\t\t\t data-image-id=\"40970\" data-src=\"https:\/\/wp.1dfh.de\/wordpress\/wp-content\/gallery\/flugplatzfest-mit-oldtimertreffen-fliegergruppe-huelben-e-v-27-07-2014\/1-gute-huelben.jpg?t=1773792456\" data-thumbnail=\"https:\/\/wp.1dfh.de\/wordpress\/wp-content\/gallery\/flugplatzfest-mit-oldtimertreffen-fliegergruppe-huelben-e-v-27-07-2014\/cache\/1-gute-huelben.jpg-nggid0540970-ngg0dyn-100x100x100-00f0w010c011r110f110r010t010.jpg?t=1773792456\" data-title=\"Flugplatzfest Fliegergruppe H\u00fclben e.V. 2014\" data-description=\"Flugplatzfest Fliegergruppe H\u00fclben e.V. 2014\">\n\t\t\t<img title=\"Flugplatzfest Fliegergruppe H\u00fclben e.V. 2014\"\n\t\t\t\talt=\"Flugplatzfest Fliegergruppe H\u00fclben e.V. 2014\"\n\t\t\t\tdata-image-id=\"40970\"\n\t\t\t\tsrc=\"\"\/>\n\t\t<\/a>\n\t\t\t<a href=\"https:\/\/wp.1dfh.de\/wordpress\/wp-content\/gallery\/boeblinger-modellflugtage-28-09-2014\/01-1dfh-28092014-000.jpg?t=1770668488\"\n\t\t\ttitle=\"B\u00f6blinger Modellflugtage 28.09.2014\"\n\t\t\t\t\t\t\t\t\t\t\t\t\t\t\t data-image-id=\"43092\" data-src=\"https:\/\/wp.1dfh.de\/wordpress\/wp-content\/gallery\/boeblinger-modellflugtage-28-09-2014\/01-1dfh-28092014-000.jpg?t=1770668488\" data-thumbnail=\"https:\/\/wp.1dfh.de\/wordpress\/wp-content\/gallery\/boeblinger-modellflugtage-28-09-2014\/cache\/01-1dfh-28092014-000.jpg-nggid0543092-ngg0dyn-100x100x100-00f0w010c011r110f110r010t010.jpg?t=1770668488\" data-title=\"B\u00f6blinger Modellflugtage 28.09.2014\" data-description=\"B\u00f6blinger Modellflugtage 28.09.2014\">\n\t\t\t<img title=\"B\u00f6blinger Modellflugtage 28.09.2014\"\n\t\t\t\talt=\"B\u00f6blinger Modellflugtage 28.09.2014\"\n\t\t\t\tdata-image-id=\"43092\"\n\t\t\t\tsrc=\"\"\/>\n\t\t<\/a>\n\t\t\t<a href=\"https:\/\/wp.1dfh.de\/wordpress\/wp-content\/gallery\/boeblinger-modellflugtage-28-09-2014\/02-1dfh-28092014-001.jpg?t=1770668488\"\n\t\t\ttitle=\"B\u00f6blinger Modellflugtage 28.09.2014\"\n\t\t\t\t\t\t\t\t\t\t\t\t\t\t\t data-image-id=\"43093\" data-src=\"https:\/\/wp.1dfh.de\/wordpress\/wp-content\/gallery\/boeblinger-modellflugtage-28-09-2014\/02-1dfh-28092014-001.jpg?t=1770668488\" data-thumbnail=\"https:\/\/wp.1dfh.de\/wordpress\/wp-content\/gallery\/boeblinger-modellflugtage-28-09-2014\/cache\/02-1dfh-28092014-001.jpg-nggid0543093-ngg0dyn-100x100x100-00f0w010c011r110f110r010t010.jpg?t=1770668488\" data-title=\"B\u00f6blinger Modellflugtage 28.09.2014\" data-description=\"B\u00f6blinger Modellflugtage 28.09.2014\">\n\t\t\t<img title=\"B\u00f6blinger Modellflugtage 28.09.2014\"\n\t\t\t\talt=\"B\u00f6blinger Modellflugtage 28.09.2014\"\n\t\t\t\tdata-image-id=\"43093\"\n\t\t\t\tsrc=\"\"\/>\n\t\t<\/a>\n\t\t\t<a href=\"https:\/\/wp.1dfh.de\/wordpress\/wp-content\/gallery\/boeblinger-modellflugtage-28-09-2014\/03-1dfh-28092014-002.jpg?t=1770668488\"\n\t\t\ttitle=\"B\u00f6blinger Modellflugtage 28.09.2014\"\n\t\t\t\t\t\t\t\t\t\t\t\t\t\t\t data-image-id=\"43094\" data-src=\"https:\/\/wp.1dfh.de\/wordpress\/wp-content\/gallery\/boeblinger-modellflugtage-28-09-2014\/03-1dfh-28092014-002.jpg?t=1770668488\" data-thumbnail=\"https:\/\/wp.1dfh.de\/wordpress\/wp-content\/gallery\/boeblinger-modellflugtage-28-09-2014\/cache\/03-1dfh-28092014-002.jpg-nggid0543094-ngg0dyn-100x100x100-00f0w010c011r110f110r010t010.jpg?t=1770668488\" data-title=\"B\u00f6blinger Modellflugtage 28.09.2014\" data-description=\"B\u00f6blinger Modellflugtage 28.09.2014\">\n\t\t\t<img title=\"B\u00f6blinger Modellflugtage 28.09.2014\"\n\t\t\t\talt=\"B\u00f6blinger Modellflugtage 28.09.2014\"\n\t\t\t\tdata-image-id=\"43094\"\n\t\t\t\tsrc=\"\"\/>\n\t\t<\/a>\n\t\t\t<a href=\"https:\/\/wp.1dfh.de\/wordpress\/wp-content\/gallery\/boeblinger-modellflugtage-28-09-2014\/04-1dfh-28092014-003.jpg?t=1770668488\"\n\t\t\ttitle=\"B\u00f6blinger Modellflugtage 28.09.2014\"\n\t\t\t\t\t\t\t\t\t\t\t\t\t\t\t data-image-id=\"43095\" data-src=\"https:\/\/wp.1dfh.de\/wordpress\/wp-content\/gallery\/boeblinger-modellflugtage-28-09-2014\/04-1dfh-28092014-003.jpg?t=1770668488\" data-thumbnail=\"https:\/\/wp.1dfh.de\/wordpress\/wp-content\/gallery\/boeblinger-modellflugtage-28-09-2014\/cache\/04-1dfh-28092014-003.jpg-nggid0543095-ngg0dyn-100x100x100-00f0w010c011r110f110r010t010.jpg?t=1770668488\" data-title=\"B\u00f6blinger Modellflugtage 28.09.2014\" data-description=\"B\u00f6blinger Modellflugtage 28.09.2014\">\n\t\t\t<img title=\"B\u00f6blinger Modellflugtage 28.09.2014\"\n\t\t\t\talt=\"B\u00f6blinger Modellflugtage 28.09.2014\"\n\t\t\t\tdata-image-id=\"43095\"\n\t\t\t\tsrc=\"\"\/>\n\t\t<\/a>\n\t\t\t<a href=\"https:\/\/wp.1dfh.de\/wordpress\/wp-content\/gallery\/boeblinger-modellflugtage-28-09-2014\/05-1dfh-28092014-004.jpg?t=1770668488\"\n\t\t\ttitle=\"B\u00f6blinger Modellflugtage 28.09.2014\"\n\t\t\t\t\t\t\t\t\t\t\t\t\t\t\t data-image-id=\"43096\" data-src=\"https:\/\/wp.1dfh.de\/wordpress\/wp-content\/gallery\/boeblinger-modellflugtage-28-09-2014\/05-1dfh-28092014-004.jpg?t=1770668488\" data-thumbnail=\"https:\/\/wp.1dfh.de\/wordpress\/wp-content\/gallery\/boeblinger-modellflugtage-28-09-2014\/cache\/05-1dfh-28092014-004.jpg-nggid0543096-ngg0dyn-100x100x100-00f0w010c011r110f110r010t010.jpg?t=1770668488\" data-title=\"B\u00f6blinger Modellflugtage 28.09.2014\" data-description=\"B\u00f6blinger Modellflugtage 28.09.2014\">\n\t\t\t<img title=\"B\u00f6blinger Modellflugtage 28.09.2014\"\n\t\t\t\talt=\"B\u00f6blinger Modellflugtage 28.09.2014\"\n\t\t\t\tdata-image-id=\"43096\"\n\t\t\t\tsrc=\"\"\/>\n\t\t<\/a>\n\t<\/div>\n","protected":false},"excerpt":{"rendered":"<p>&nbsp; Unser traditionelles Flugtagwochenende am 20. und 21. Juli 2013 werden wir im Jubil\u00e4umsjahr zum Gedenken an unseren Geburtstag erweitern. Geplant ist u.a. das Ballongl\u00fchen von gro\u00dfen, echten Hei\u00dfluftballonen in der Nacht zu bestaunen und mit Livemusik viel Spa\u00df zu haben. [gmap]<\/p>\n","protected":false},"author":2,"featured_media":23809,"comment_status":"open","ping_status":"open","sticky":false,"template":"","format":"standard","meta":{"ngg_post_thumbnail":0,"footnotes":""},"categories":[18,9],"tags":[3590,9157,11224,3169],"class_list":["post-23754","post","type-post","status-publish","format-standard","has-post-thumbnail","hentry","category-flugveranstaltungen","category-termine","tag-ballongluhen","tag-heisluftballon-2","tag-modellflugtag","tag-msv-oberhausen-1963-e-v"],"_links":{"self":[{"href":"https:\/\/wp.1dfh.de\/wordpress\/wp-json\/wp\/v2\/posts\/23754","targetHints":{"allow":["GET"]}}],"collection":[{"href":"https:\/\/wp.1dfh.de\/wordpress\/wp-json\/wp\/v2\/posts"}],"about":[{"href":"https:\/\/wp.1dfh.de\/wordpress\/wp-json\/wp\/v2\/types\/post"}],"author":[{"embeddable":true,"href":"https:\/\/wp.1dfh.de\/wordpress\/wp-json\/wp\/v2\/users\/2"}],"replies":[{"embeddable":true,"href":"https:\/\/wp.1dfh.de\/wordpress\/wp-json\/wp\/v2\/comments?post=23754"}],"version-history":[{"count":0,"href":"https:\/\/wp.1dfh.de\/wordpress\/wp-json\/wp\/v2\/posts\/23754\/revisions"}],"wp:featuredmedia":[{"embeddable":true,"href":"https:\/\/wp.1dfh.de\/wordpress\/wp-json\/wp\/v2\/media\/23809"}],"wp:attachment":[{"href":"https:\/\/wp.1dfh.de\/wordpress\/wp-json\/wp\/v2\/media?parent=23754"}],"wp:term":[{"taxonomy":"category","embeddable":true,"href":"https:\/\/wp.1dfh.de\/wordpress\/wp-json\/wp\/v2\/categories?post=23754"},{"taxonomy":"post_tag","embeddable":true,"href":"https:\/\/wp.1dfh.de\/wordpress\/wp-json\/wp\/v2\/tags?post=23754"}],"curies":[{"name":"wp","href":"https:\/\/api.w.org\/{rel}","templated":true}]}}