{"id":24043,"date":"2013-08-24T12:47:15","date_gmt":"2013-08-24T10:47:15","guid":{"rendered":"http:\/\/wp.1dfh.de\/wordpress\/?p=24043"},"modified":"2013-08-28T13:23:36","modified_gmt":"2013-08-28T11:23:36","slug":"flugplatzfest-blaubeuren-01-09-02-09-2013","status":"publish","type":"post","link":"https:\/\/wp.1dfh.de\/wordpress\/flugplatzfest-blaubeuren-01-09-02-09-2013\/","title":{"rendered":"Flugplatzfest Blaubeuren 01.09.2013"},"content":{"rendered":"<figure id=\"attachment_20632\" aria-describedby=\"caption-attachment-20632\" style=\"width: 181px\" class=\"wp-caption alignright\"><a href=\"http:\/\/www.flgblaubeuren.de\/\" target=\"_blank\"><img loading=\"lazy\" decoding=\"async\" class=\"size-medium wp-image-20632\" title=\"Fliegergruppe Blaubeuren\" alt=\"Fliegergruppe Blaubeuren\" src=\"http:\/\/wp.1dfh.de\/wordpress\/wp-content\/uploads\/logo.72054.jpg.720621-181x300.jpg\" width=\"181\" height=\"300\" srcset=\"https:\/\/wp.1dfh.de\/wordpress\/wp-content\/uploads\/logo.72054.jpg.720621-181x300.jpg 181w, https:\/\/wp.1dfh.de\/wordpress\/wp-content\/uploads\/logo.72054.jpg.720621-90x150.jpg 90w, https:\/\/wp.1dfh.de\/wordpress\/wp-content\/uploads\/logo.72054.jpg.720621.jpg 300w\" sizes=\"auto, (max-width: 181px) 100vw, 181px\" \/><\/a><figcaption id=\"caption-attachment-20632\" class=\"wp-caption-text\"><a href=\"http:\/\/www.flgblaubeuren.de\/\" target=\"_blank\">Fliegergruppe Blaubeuren<\/a><\/figcaption><\/figure>\n<h4>Flugplatzfest\u00a0 So, 1. September 2013 10:00-18:00 Uhr<\/h4>\n<h4>Traditionelles Flugplatzfest der Fliegergruppe Blaubeuren<\/h4>\n<figure id=\"attachment_24119\" aria-describedby=\"caption-attachment-24119\" style=\"width: 475px\" class=\"wp-caption alignright\"><a href=\"Flugplatzfest Blaubeuren 2013\"><img loading=\"lazy\" decoding=\"async\" class=\"wp-image-24119 \" title=\"Flugplatzfest Blaubeuren 2013\" alt=\"Flugplatzfest Blaubeuren 2013\" src=\"http:\/\/wp.1dfh.de\/wordpress\/wp-content\/uploads\/csm_Plakat_Sonderbuch_c0468ef5481.jpg\" width=\"475\" height=\"480\" srcset=\"https:\/\/wp.1dfh.de\/wordpress\/wp-content\/uploads\/csm_Plakat_Sonderbuch_c0468ef5481.jpg 594w, https:\/\/wp.1dfh.de\/wordpress\/wp-content\/uploads\/csm_Plakat_Sonderbuch_c0468ef5481-100x100.jpg 100w, https:\/\/wp.1dfh.de\/wordpress\/wp-content\/uploads\/csm_Plakat_Sonderbuch_c0468ef5481-297x300.jpg 297w, https:\/\/wp.1dfh.de\/wordpress\/wp-content\/uploads\/csm_Plakat_Sonderbuch_c0468ef5481-148x150.jpg 148w, https:\/\/wp.1dfh.de\/wordpress\/wp-content\/uploads\/csm_Plakat_Sonderbuch_c0468ef5481-400x404.jpg 400w\" sizes=\"auto, (max-width: 475px) 100vw, 475px\" \/><\/a><figcaption id=\"caption-attachment-24119\" class=\"wp-caption-text\">Flugplatzfest Blaubeuren 2013<\/figcaption><\/figure>\n<p>&nbsp;<\/p>\n<p>Flugzeugtaufe des nagelneuen Arcus T, Motorkunstflug der neusten Generation und riesige Modellflugzeuge.<\/p>\n<p>Das traditionelle Flugplatzfest der Fliegergruppe Blaubeuren pr\u00e4sentiert auch dieses Jahr wieder das komplette Spektrum der Fliegerei:<\/p>\n<p>Motorkunstflug mit Extra 300, Pitts S2c und Sbach 342. Segelkunstflug mit Lo 100 und dem vereinseignen Nurfl\u00fcgler AV 36. Fallschirmspringer, Drachen und Gleitschirmflieger. UL-Flugzeuge, Hubschrauber und Oldtimer. Au\u00dferdem Formations-Segelflug mit dem nagelneuen Vereins Arcus T zusammen mit Discus und Ventus und anschlie\u00dfender Flugzeugtaufe.<\/p>\n<p>Wer sich das Ganze und die Gegend von oben anschauen m\u00f6chte kann zu Rundfl\u00fcgen mit Hubschrauber und Motorflugzeug abheben.<\/p>\n<p>Mehr als in der Vergangenheit werden dieses Jahr unter anderen die Blausteiner Modellflieger eine Reihe spektakul\u00e4rer Programmh\u00f6hepunkte mit einer Ma\u00dfstab 1:2 Christen Eagle, 3D Kunstflug in der 3m Klasse, \u00fcber 300km\/h schnelle Modelljets mit 3m Rumpfl\u00e4nge, 3D und Scale Hubschrauber sowie Modellsegler mit bis zu 8m Spannweite beisteuern.<\/p>\n<p>Das Flugprogramm beginnt gegen 10 Uhr und endet mit mehreren Hei\u00dfluftballonstarts gegen 17 Uhr. Neben den Attraktionen in der Luft wird nat\u00fcrlich auch wieder allerhand herzhaftes, leckeres und s\u00fc\u00dfes passend zu Bier, Kaffee und Limonade geboten!<br \/>\n[gmap]<\/p>\n<div class=\"ngg-related-gallery\">\n\t\t\t<a href=\"https:\/\/wp.1dfh.de\/wordpress\/wp-content\/gallery\/donzdorf\/1dfh-donzdorf07_0027.JPG?t=1773358650\"\n\t\t\ttitle=\" \"\n\t\t\t\t\t\t\t\t\t\t\t\t\t\t\t data-image-id=\"978\" data-src=\"https:\/\/wp.1dfh.de\/wordpress\/wp-content\/gallery\/donzdorf\/1dfh-donzdorf07_0027.JPG?t=1773358650\" data-thumbnail=\"https:\/\/wp.1dfh.de\/wordpress\/wp-content\/gallery\/donzdorf\/cache\/1dfh-donzdorf07_0027.JPG-nggid03978-ngg0dyn-100x100x100-00f0w010c011r110f110r010t010.JPG?t=1773358650\" data-title=\"1dfh-donzdorf07_0027\" data-description=\" \">\n\t\t\t<img title=\"1dfh-donzdorf07_0027\"\n\t\t\t\talt=\"1dfh-donzdorf07_0027\"\n\t\t\t\tdata-image-id=\"978\"\n\t\t\t\tsrc=\"\"\/>\n\t\t<\/a>\n\t\t\t<a href=\"https:\/\/wp.1dfh.de\/wordpress\/wp-content\/gallery\/donzdorf\/1dfh-donzdorf07_0028.JPG?t=1773358650\"\n\t\t\ttitle=\" \"\n\t\t\t\t\t\t\t\t\t\t\t\t\t\t\t data-image-id=\"979\" data-src=\"https:\/\/wp.1dfh.de\/wordpress\/wp-content\/gallery\/donzdorf\/1dfh-donzdorf07_0028.JPG?t=1773358650\" data-thumbnail=\"https:\/\/wp.1dfh.de\/wordpress\/wp-content\/gallery\/donzdorf\/cache\/1dfh-donzdorf07_0028.JPG-nggid03979-ngg0dyn-100x100x100-00f0w010c011r110f110r010t010.JPG?t=1773358650\" data-title=\"1dfh-donzdorf07_0028\" data-description=\" \">\n\t\t\t<img title=\"1dfh-donzdorf07_0028\"\n\t\t\t\talt=\"1dfh-donzdorf07_0028\"\n\t\t\t\tdata-image-id=\"979\"\n\t\t\t\tsrc=\"\"\/>\n\t\t<\/a>\n\t\t\t<a href=\"https:\/\/wp.1dfh.de\/wordpress\/wp-content\/gallery\/donzdorf\/1dfh-donzdorf07_0029.JPG?t=1773358650\"\n\t\t\ttitle=\" \"\n\t\t\t\t\t\t\t\t\t\t\t\t\t\t\t data-image-id=\"980\" data-src=\"https:\/\/wp.1dfh.de\/wordpress\/wp-content\/gallery\/donzdorf\/1dfh-donzdorf07_0029.JPG?t=1773358650\" data-thumbnail=\"https:\/\/wp.1dfh.de\/wordpress\/wp-content\/gallery\/donzdorf\/cache\/1dfh-donzdorf07_0029.JPG-nggid03980-ngg0dyn-100x100x100-00f0w010c011r110f110r010t010.JPG?t=1773358650\" data-title=\"1dfh-donzdorf07_0029\" data-description=\" \">\n\t\t\t<img title=\"1dfh-donzdorf07_0029\"\n\t\t\t\talt=\"1dfh-donzdorf07_0029\"\n\t\t\t\tdata-image-id=\"980\"\n\t\t\t\tsrc=\"\"\/>\n\t\t<\/a>\n\t\t\t<a href=\"https:\/\/wp.1dfh.de\/wordpress\/wp-content\/gallery\/donzdorf\/1dfh-donzdorf07_0030.JPG?t=1773358650\"\n\t\t\ttitle=\" \"\n\t\t\t\t\t\t\t\t\t\t\t\t\t\t\t data-image-id=\"981\" data-src=\"https:\/\/wp.1dfh.de\/wordpress\/wp-content\/gallery\/donzdorf\/1dfh-donzdorf07_0030.JPG?t=1773358650\" data-thumbnail=\"https:\/\/wp.1dfh.de\/wordpress\/wp-content\/gallery\/donzdorf\/cache\/1dfh-donzdorf07_0030.JPG-nggid03981-ngg0dyn-100x100x100-00f0w010c011r110f110r010t010.JPG?t=1773358650\" data-title=\"1dfh-donzdorf07_0030\" data-description=\" \">\n\t\t\t<img title=\"1dfh-donzdorf07_0030\"\n\t\t\t\talt=\"1dfh-donzdorf07_0030\"\n\t\t\t\tdata-image-id=\"981\"\n\t\t\t\tsrc=\"\"\/>\n\t\t<\/a>\n\t\t\t<a href=\"https:\/\/wp.1dfh.de\/wordpress\/wp-content\/gallery\/donzdorf\/1dfh-donzdorf07_0031.JPG?t=1773358650\"\n\t\t\ttitle=\" \"\n\t\t\t\t\t\t\t\t\t\t\t\t\t\t\t data-image-id=\"982\" data-src=\"https:\/\/wp.1dfh.de\/wordpress\/wp-content\/gallery\/donzdorf\/1dfh-donzdorf07_0031.JPG?t=1773358650\" data-thumbnail=\"https:\/\/wp.1dfh.de\/wordpress\/wp-content\/gallery\/donzdorf\/cache\/1dfh-donzdorf07_0031.JPG-nggid03982-ngg0dyn-100x100x100-00f0w010c011r110f110r010t010.JPG?t=1773358650\" data-title=\"1dfh-donzdorf07_0031\" data-description=\" \">\n\t\t\t<img title=\"1dfh-donzdorf07_0031\"\n\t\t\t\talt=\"1dfh-donzdorf07_0031\"\n\t\t\t\tdata-image-id=\"982\"\n\t\t\t\tsrc=\"\"\/>\n\t\t<\/a>\n\t\t\t<a href=\"https:\/\/wp.1dfh.de\/wordpress\/wp-content\/gallery\/donzdorf\/1dfh-donzdorf07_0032.JPG?t=1773358659\"\n\t\t\ttitle=\" \"\n\t\t\t\t\t\t\t\t\t\t\t\t\t\t\t data-image-id=\"983\" data-src=\"https:\/\/wp.1dfh.de\/wordpress\/wp-content\/gallery\/donzdorf\/1dfh-donzdorf07_0032.JPG?t=1773358659\" data-thumbnail=\"https:\/\/wp.1dfh.de\/wordpress\/wp-content\/gallery\/donzdorf\/cache\/1dfh-donzdorf07_0032.JPG-nggid03983-ngg0dyn-100x100x100-00f0w010c011r110f110r010t010.JPG?t=1773358659\" data-title=\"1dfh-donzdorf07_0032\" data-description=\" \">\n\t\t\t<img title=\"1dfh-donzdorf07_0032\"\n\t\t\t\talt=\"1dfh-donzdorf07_0032\"\n\t\t\t\tdata-image-id=\"983\"\n\t\t\t\tsrc=\"\"\/>\n\t\t<\/a>\n\t\t\t<a href=\"https:\/\/wp.1dfh.de\/wordpress\/wp-content\/gallery\/donzdorf\/1dfh-donzdorf07_0033.JPG?t=1773378760\"\n\t\t\ttitle=\" \"\n\t\t\t\t\t\t\t\t\t\t\t\t\t\t\t data-image-id=\"984\" data-src=\"https:\/\/wp.1dfh.de\/wordpress\/wp-content\/gallery\/donzdorf\/1dfh-donzdorf07_0033.JPG?t=1773378760\" data-thumbnail=\"https:\/\/wp.1dfh.de\/wordpress\/wp-content\/gallery\/donzdorf\/cache\/1dfh-donzdorf07_0033.JPG-nggid03984-ngg0dyn-100x100x100-00f0w010c011r110f110r010t010.JPG?t=1773378760\" data-title=\"1dfh-donzdorf07_0033\" data-description=\" \">\n\t\t\t<img title=\"1dfh-donzdorf07_0033\"\n\t\t\t\talt=\"1dfh-donzdorf07_0033\"\n\t\t\t\tdata-image-id=\"984\"\n\t\t\t\tsrc=\"\"\/>\n\t\t<\/a>\n\t<\/div>\n","protected":false},"excerpt":{"rendered":"<p>Flugplatzfest\u00a0 So, 1. September 2013 10:00-18:00 Uhr Traditionelles Flugplatzfest der Fliegergruppe Blaubeuren &nbsp; Flugzeugtaufe des nagelneuen Arcus T, Motorkunstflug der neusten Generation und riesige Modellflugzeuge. Das traditionelle Flugplatzfest der Fliegergruppe Blaubeuren pr\u00e4sentiert auch dieses Jahr wieder das komplette Spektrum der Fliegerei: Motorkunstflug mit Extra 300, Pitts S2c und Sbach 342. Segelkunstflug mit Lo 100 und &hellip; <a href=\"https:\/\/wp.1dfh.de\/wordpress\/flugplatzfest-blaubeuren-01-09-02-09-2013\/\" class=\"more-link\"><span class=\"screen-reader-text\">Flugplatzfest Blaubeuren 01.09.2013<\/span> weiterlesen <span class=\"meta-nav\">&rarr;<\/span><\/a><\/p>\n","protected":false},"author":2,"featured_media":24119,"comment_status":"open","ping_status":"open","sticky":false,"template":"","format":"standard","meta":{"ngg_post_thumbnail":0,"footnotes":""},"categories":[18,9],"tags":[9271,1586,11137,11707,11147,12412,11181,11202,11218,11330,404,9270,1861,11433,9272],"class_list":["post-24043","post","type-post","status-publish","format-standard","has-post-thumbnail","hentry","category-flugveranstaltungen","category-termine","tag-av-36-fallschirmspringer","tag-drachen","tag-extra-300","tag-fliegergruppe-blaubeuren-e-v","tag-flugplatzfest","tag-gleitschirmflieger","tag-hubschraubermodell","tag-lo-100","tag-modellflug","tag-motorkunstflug","tag-oldtimer","tag-pitts-s2c","tag-sbach-342","tag-segelkunstflug","tag-ul-flugzeuge"],"_links":{"self":[{"href":"https:\/\/wp.1dfh.de\/wordpress\/wp-json\/wp\/v2\/posts\/24043","targetHints":{"allow":["GET"]}}],"collection":[{"href":"https:\/\/wp.1dfh.de\/wordpress\/wp-json\/wp\/v2\/posts"}],"about":[{"href":"https:\/\/wp.1dfh.de\/wordpress\/wp-json\/wp\/v2\/types\/post"}],"author":[{"embeddable":true,"href":"https:\/\/wp.1dfh.de\/wordpress\/wp-json\/wp\/v2\/users\/2"}],"replies":[{"embeddable":true,"href":"https:\/\/wp.1dfh.de\/wordpress\/wp-json\/wp\/v2\/comments?post=24043"}],"version-history":[{"count":0,"href":"https:\/\/wp.1dfh.de\/wordpress\/wp-json\/wp\/v2\/posts\/24043\/revisions"}],"wp:featuredmedia":[{"embeddable":true,"href":"https:\/\/wp.1dfh.de\/wordpress\/wp-json\/wp\/v2\/media\/24119"}],"wp:attachment":[{"href":"https:\/\/wp.1dfh.de\/wordpress\/wp-json\/wp\/v2\/media?parent=24043"}],"wp:term":[{"taxonomy":"category","embeddable":true,"href":"https:\/\/wp.1dfh.de\/wordpress\/wp-json\/wp\/v2\/categories?post=24043"},{"taxonomy":"post_tag","embeddable":true,"href":"https:\/\/wp.1dfh.de\/wordpress\/wp-json\/wp\/v2\/tags?post=24043"}],"curies":[{"name":"wp","href":"https:\/\/api.w.org\/{rel}","templated":true}]}}