{"id":24261,"date":"2013-09-23T08:00:34","date_gmt":"2013-09-23T06:00:34","guid":{"rendered":"http:\/\/wp.1dfh.de\/wordpress\/?p=24261"},"modified":"2013-09-30T08:45:58","modified_gmt":"2013-09-30T06:45:58","slug":"flugplatzfest-hohenems-22-09-2013","status":"publish","type":"post","link":"https:\/\/wp.1dfh.de\/wordpress\/flugplatzfest-hohenems-22-09-2013\/","title":{"rendered":"Flugplatzfest Hohenems 22.09.2013"},"content":{"rendered":"<figure id=\"attachment_24262\" aria-describedby=\"caption-attachment-24262\" style=\"width: 272px\" class=\"wp-caption alignright\"><a href=\"http:\/\/www.rundflugteam.at\/Flugplatzfest-2013.40.0.html\" target=\"_blank\"><img loading=\"lazy\" decoding=\"async\" class=\" wp-image-24262  \" title=\"Flugplatzfest Hohenems 2013\" alt=\"Flugplatzfest Hohenems 2013\" src=\"http:\/\/wp.1dfh.de\/wordpress\/wp-content\/uploads\/Flugplatzfest-Hohenems-2013.jpg\" width=\"272\" height=\"384\" srcset=\"https:\/\/wp.1dfh.de\/wordpress\/wp-content\/uploads\/Flugplatzfest-Hohenems-2013.jpg 453w, https:\/\/wp.1dfh.de\/wordpress\/wp-content\/uploads\/Flugplatzfest-Hohenems-2013-212x300.jpg 212w, https:\/\/wp.1dfh.de\/wordpress\/wp-content\/uploads\/Flugplatzfest-Hohenems-2013-106x150.jpg 106w, https:\/\/wp.1dfh.de\/wordpress\/wp-content\/uploads\/Flugplatzfest-Hohenems-2013-400x565.jpg 400w\" sizes=\"auto, (max-width: 272px) 100vw, 272px\" \/><\/a><figcaption id=\"caption-attachment-24262\" class=\"wp-caption-text\">Flugplatzfest Hohenems 2013<\/figcaption><\/figure>\n<p><strong>Am Sonntag, den 22. September 2013 pr\u00e4sentiert sich der Flugplatz Hohenems von 09 bis ca. 17 Uhr mit einem Flugspektakel der Extra-Klasse und einem speziellen Familienshowprogramm im &#8222;Hangar7&#8220;!<\/strong><\/p>\n<p>GRATIS-Eintritt f\u00fcr Kinder bis 14 Jahre!<\/p>\n<p>Nach 2009 ist es wieder soweit. Die Flugsportvereine am Flugplatz sind in emsiger Vorbereitung zu einem ganz besonderen Auftritt der heimischen und internationaler Fliegerszene. Die Fliegerclubs selbst pr\u00e4sentieren sich an diesem Tag mit Ihren Vereinsangeboten an Informationsst\u00e4nden, stellen ihre Flugzeuge zum bestaunen und probesitzen aus.<\/p>\n<h2>Die besten Piloten der Welt<\/h2>\n<p>Mit Stargast und einem aus der Weltelite des Motorkunstfluges, Hannes Arch, ist wiederum eine mit Spannung erwartete Sky-Performance zu erwarten. Was Arch seine Fl\u00fcgel sind, das bedeuten f\u00fcr Sigi Schwarz die Rotorbl\u00e4tter seines Hubschraubers &#8222;BO105&#8220;. &#8222;Blacky&#8220; Schwarz ist einer von den drei weltweit einzigen Piloten, die mit Hubschrauber &#8222;Kunstflug&#8220; performen&#8230;. jetzt erstmals in Vorarlberg!<\/p>\n<h2>Elegance, Power &amp; Sound<\/h2>\n<p>Spitfire &amp; Co &#8211; Neben der M\u00f6glichkeit, via Hubschrauber und Flugzeug auch selbst zu einem Rundflug zu starten, werden beim Flugprogramm zahlreiche Klassiker und moderne Flugzeuge zu sehen und vor allem zu h\u00f6ren sein. Es wird sogar eine ganz seltene Spitfire aus England und einige &#8222;scharfe Teile&#8220; aus der Schweiz erwartet.<\/p>\n<h2>Synchronflug mit Original &amp; Modell<\/h2>\n<p>Eine besondere Flugperformance werden Vater &amp; Sohn Niebergall pr\u00e4sentieren. Das mit einer Original &#8222;Marchetti&#8220; geflogene Kunstflugprogramm wird von einem Marchettimodell, sprich von seinem Sohn via Fernsteuerung synchron mitgeflogen. Ein einzigartiges Teamwork, welches viel Feingef\u00fchl verlangt und tolle Elegance am Himmel performen wird.<\/p>\n<h2>Gewinnspiel mal anders<\/h2>\n<p>W\u00e4hrend sich die Fallschirmspringer wie 2009 wieder zusammen mit Hannes Arch und dem Rundflugteam-Flugplatz Hohenems mit einen gro\u00dfen Infostand und einer Mega-Tombola zu Gunsten der fliegerischen Sozialaktion &#8222;Fliegen f\u00fcr Kinder&#8220; pr\u00e4sentieren, bei der jeder Loskauf ein Gewinn ist, wird es heuer die M\u00f6glichkeit geben, bei einigen Flugzeugen, die sich pr\u00e4sentieren mitzufliegen.<\/p>\n<p>Die Gl\u00fccklichen werden durch den Eintrittskartenabschnitt &#8222;gezogen&#8220;. Sei es als &#8222;Opfer&#8220; bei einer Berge\u00fcbung der Flugpolizei oder bei einem Mitflug der wundersch\u00f6enen alten BOING Stearman in einer hoch modernen Pilatus PC12 uvm.<\/p>\n<h2>Modellflug mit Turbinensound<\/h2>\n<p>S\u00e4mtliche Vorarlberger Modellbauclubs werden von 12:00 bis 14:00 Uhr mit einem noch nie dagewesenen Aufgebot ihrer besten und spektakul\u00e4rsten Modelle aufwarten. Spannweiten von bis zu 7 Metern an original nachgebauten Modellen werden sich neben turbinenbetrieben Hubschrauber und Jet\u00b4s hautnah und in einer faszinierenden Show pr\u00e4sentieren.<\/p>\n<h2>Flyemotion und Show im Hangar7<\/h2>\n<p>Neu ist beim Flugplatzfest ein spezieller Familienbereich beim Hangar7 der Sportfliegergruppe Bregenz. Mit Flugsimulator, Kinderschminken, B\u00fchnenshow, Zauberei, Dudelsack, Clown und Drehorgel wird auch der Flugkran &#8222;Airemotion&#8220; f\u00fcr einiges Aufsehen sorgen.<\/p>\n<p>Mit Airemotion wird es m\u00f6glich sein, 30 Meter \u00fcber dem Flugplatz zu schweben. Auch sich mit seinen Kindern in einem Segelflugzeug fotografieren zu lassen, wird eine bleibende Erinnerung an dieses Flugplatzfest sein.<\/p>\n<h2>Fliegerclubs informieren<\/h2>\n<p>Interessante Neuigkeiten haben Ihnen auch die zahlreichen Fliegerclubs zu pr\u00e4sentieren. Setzten Sie sich in moderne Sportflugzeuge und lassen Sie sich von den Piloten und Fluglehrern erkl\u00e4ren, was Sie schon immer \u00fcber das Fliegen wissen wollten. Gerne erhalten Sie auch Auskunft \u00fcber die professionellen Ausbildungsm\u00f6glichkeiten zum Piloten, in unseren Motor-, Segel- und Fallschirmspringerschulen.<\/p>\n<h2>Spannender Familiensonntag &#8211; Kinder bis 14 Jahre GRATIS-Eintritt<\/h2>\n<p>F\u00fcr Speis &amp; Trank ist gesorgt, f\u00fcr ein interessantes, manchmal sogar spekatakul\u00e4res Programm ebenso und Sie k\u00f6nnen sich mit Ihrer Familie auf einen abwechslungsreichen und spannenden Fliegersonntag freuen.<\/p>\n<p>Die Piloten und Pilotinnen der Fliegerclubs vom Flugplatz Hohenems freuen sich sehr auf Ihr Kommen!<\/p>\n<p><iframe loading=\"lazy\" width=\"640\" height=\"360\" src=\"\/\/www.youtube.com\/embed\/dpVvQv090wY?feature=player_detailpage\" frameborder=\"0\" allowfullscreen><\/iframe><\/p>\nngg_shortcode_0_placeholder\nngg_shortcode_1_placeholder\n<p>[gmap]<\/p>\n<div class=\"ngg-related-gallery\">\n\t\t\t<a href=\"https:\/\/wp.1dfh.de\/wordpress\/wp-content\/gallery\/tann09\/1dfh-tann2009-1707-01.jpg?t=1773281320\"\n\t\t\ttitle=\"Ralf Niebergall, SIAI Marchetti SF-260\"\n\t\t\t\t\t\t\t\t\t\t\t\t\t\t\t data-image-id=\"1374\" data-src=\"https:\/\/wp.1dfh.de\/wordpress\/wp-content\/gallery\/tann09\/1dfh-tann2009-1707-01.jpg?t=1773281320\" data-thumbnail=\"https:\/\/wp.1dfh.de\/wordpress\/wp-content\/gallery\/tann09\/cache\/1dfh-tann2009-1707-01.jpg-nggid041374-ngg0dyn-100x100x100-00f0w010c011r110f110r010t010.jpg?t=1773281320\" data-title=\"1dfh-tann2009-1707-01\" data-description=\"Ralf Niebergall, SIAI Marchetti SF-260\">\n\t\t\t<img title=\"1dfh-tann2009-1707-01\"\n\t\t\t\talt=\"1dfh-tann2009-1707-01\"\n\t\t\t\tdata-image-id=\"1374\"\n\t\t\t\tsrc=\"\"\/>\n\t\t<\/a>\n\t\t\t<a href=\"https:\/\/wp.1dfh.de\/wordpress\/wp-content\/gallery\/tann09\/1dfh-tann2009-1707-02.jpg?t=1770668416\"\n\t\t\ttitle=\"Ralf Niebergall, SIAI Marchetti SF-260\"\n\t\t\t\t\t\t\t\t\t\t\t\t\t\t\t data-image-id=\"1375\" data-src=\"https:\/\/wp.1dfh.de\/wordpress\/wp-content\/gallery\/tann09\/1dfh-tann2009-1707-02.jpg?t=1770668416\" data-thumbnail=\"https:\/\/wp.1dfh.de\/wordpress\/wp-content\/gallery\/tann09\/cache\/1dfh-tann2009-1707-02.jpg-nggid041375-ngg0dyn-100x100x100-00f0w010c011r110f110r010t010.jpg?t=1770668416\" data-title=\"1dfh-tann2009-1707-02\" data-description=\"Ralf Niebergall, SIAI Marchetti SF-260\">\n\t\t\t<img title=\"1dfh-tann2009-1707-02\"\n\t\t\t\talt=\"1dfh-tann2009-1707-02\"\n\t\t\t\tdata-image-id=\"1375\"\n\t\t\t\tsrc=\"\"\/>\n\t\t<\/a>\n\t\t\t<a href=\"https:\/\/wp.1dfh.de\/wordpress\/wp-content\/gallery\/tann09\/1dfh-tann2009-1707-03.jpg?t=1770668418\"\n\t\t\ttitle=\"Ralf Niebergall, SIAI Marchetti SF-260\"\n\t\t\t\t\t\t\t\t\t\t\t\t\t\t\t data-image-id=\"1376\" data-src=\"https:\/\/wp.1dfh.de\/wordpress\/wp-content\/gallery\/tann09\/1dfh-tann2009-1707-03.jpg?t=1770668418\" data-thumbnail=\"https:\/\/wp.1dfh.de\/wordpress\/wp-content\/gallery\/tann09\/cache\/1dfh-tann2009-1707-03.jpg-nggid041376-ngg0dyn-100x100x100-00f0w010c011r110f110r010t010.jpg?t=1770668418\" data-title=\"1dfh-tann2009-1707-03\" data-description=\"Ralf Niebergall, SIAI Marchetti SF-260\">\n\t\t\t<img title=\"1dfh-tann2009-1707-03\"\n\t\t\t\talt=\"1dfh-tann2009-1707-03\"\n\t\t\t\tdata-image-id=\"1376\"\n\t\t\t\tsrc=\"\"\/>\n\t\t<\/a>\n\t\t\t<a href=\"https:\/\/wp.1dfh.de\/wordpress\/wp-content\/gallery\/tann09\/1dfh-tann2009-1707-06.jpg?t=1773417118\"\n\t\t\ttitle=\"Ralf Niebergall, SIAI Marchetti SF-260\"\n\t\t\t\t\t\t\t\t\t\t\t\t\t\t\t data-image-id=\"1379\" data-src=\"https:\/\/wp.1dfh.de\/wordpress\/wp-content\/gallery\/tann09\/1dfh-tann2009-1707-06.jpg?t=1773417118\" data-thumbnail=\"https:\/\/wp.1dfh.de\/wordpress\/wp-content\/gallery\/tann09\/cache\/1dfh-tann2009-1707-06.jpg-nggid041379-ngg0dyn-100x100x100-00f0w010c011r110f110r010t010.jpg?t=1773417118\" data-title=\"1dfh-tann2009-1707-06\" data-description=\"Ralf Niebergall, SIAI Marchetti SF-260\">\n\t\t\t<img title=\"1dfh-tann2009-1707-06\"\n\t\t\t\talt=\"1dfh-tann2009-1707-06\"\n\t\t\t\tdata-image-id=\"1379\"\n\t\t\t\tsrc=\"\"\/>\n\t\t<\/a>\n\t\t\t<a href=\"https:\/\/wp.1dfh.de\/wordpress\/wp-content\/gallery\/rossfeld2006\/IMG_4460.jpg?t=1773629239\"\n\t\t\ttitle=\"Walter Eichhorn\"\n\t\t\t\t\t\t\t\t\t\t\t\t\t\t\t data-image-id=\"1656\" data-src=\"https:\/\/wp.1dfh.de\/wordpress\/wp-content\/gallery\/rossfeld2006\/IMG_4460.jpg?t=1773629239\" data-thumbnail=\"https:\/\/wp.1dfh.de\/wordpress\/wp-content\/gallery\/rossfeld2006\/cache\/IMG_4460.jpg-nggid041656-ngg0dyn-100x100x100-00f0w010c011r110f110r010t010.jpg?t=1773629239\" data-title=\"IMG_4460\" data-description=\"Walter Eichhorn\">\n\t\t\t<img title=\"IMG_4460\"\n\t\t\t\talt=\"IMG_4460\"\n\t\t\t\tdata-image-id=\"1656\"\n\t\t\t\tsrc=\"\"\/>\n\t\t<\/a>\n\t\t\t<a href=\"https:\/\/wp.1dfh.de\/wordpress\/wp-content\/gallery\/flugplatzfest-degerfeld-2009\/1dfh-degerfeld-290809-024.jpg?t=1770668311\"\n\t\t\ttitle=\" \"\n\t\t\t\t\t\t\t\t\t\t\t\t\t\t\t data-image-id=\"2421\" data-src=\"https:\/\/wp.1dfh.de\/wordpress\/wp-content\/gallery\/flugplatzfest-degerfeld-2009\/1dfh-degerfeld-290809-024.jpg?t=1770668311\" data-thumbnail=\"https:\/\/wp.1dfh.de\/wordpress\/wp-content\/gallery\/flugplatzfest-degerfeld-2009\/cache\/1dfh-degerfeld-290809-024.jpg-nggid042421-ngg0dyn-100x100x100-00f0w010c011r110f110r010t010.jpg?t=1770668311\" data-title=\"1dfh-degerfeld-290809-024\" data-description=\" \">\n\t\t\t<img title=\"1dfh-degerfeld-290809-024\"\n\t\t\t\talt=\"1dfh-degerfeld-290809-024\"\n\t\t\t\tdata-image-id=\"2421\"\n\t\t\t\tsrc=\"\"\/>\n\t\t<\/a>\n\t\t\t<a href=\"https:\/\/wp.1dfh.de\/wordpress\/wp-content\/gallery\/rbar-rio-de-janeiro-2010\/si201005090122.jpg?t=1770668309\"\n\t\t\ttitle=\"Hannes Arch of Austria celebrates his victory in the Red Bull Air Race Day on May 9, 2010 in Rio de Janeiro, Brazil. Nigel Lamb of Great Britain came 2nd and Paul Bonhomme of Great Britain his 3rd podium. Foto \u00a9 Red Bull\"\n\t\t\t\t\t\t\t\t\t\t\t\t\t\t\t data-image-id=\"5299\" data-src=\"https:\/\/wp.1dfh.de\/wordpress\/wp-content\/gallery\/rbar-rio-de-janeiro-2010\/si201005090122.jpg?t=1770668309\" data-thumbnail=\"https:\/\/wp.1dfh.de\/wordpress\/wp-content\/gallery\/rbar-rio-de-janeiro-2010\/cache\/si201005090122.jpg-nggid045299-ngg0dyn-100x100x100-00f0w010c011r110f110r010t010.jpg?t=1770668309\" data-title=\"si201005090122\" data-description=\"Hannes Arch of Austria celebrates his victory in the Red Bull Air Race Day on May 9, 2010 in Rio de Janeiro, Brazil. Nigel Lamb of Great Britain came 2nd and Paul Bonhomme of Great Britain his 3rd podium. Foto \u00a9 Red Bull\">\n\t\t\t<img title=\"si201005090122\"\n\t\t\t\talt=\"si201005090122\"\n\t\t\t\tdata-image-id=\"5299\"\n\t\t\t\tsrc=\"\"\/>\n\t\t<\/a>\n\t<\/div>\n","protected":false},"excerpt":{"rendered":"<p>Am Sonntag, den 22. September 2013 pr\u00e4sentiert sich der Flugplatz Hohenems von 09 bis ca. 17 Uhr mit einem Flugspektakel der Extra-Klasse und einem speziellen Familienshowprogramm im &#8222;Hangar7&#8220;! GRATIS-Eintritt f\u00fcr Kinder bis 14 Jahre! Nach 2009 ist es wieder soweit. Die Flugsportvereine am Flugplatz sind in emsiger Vorbereitung zu einem ganz besonderen Auftritt der heimischen &hellip; <a href=\"https:\/\/wp.1dfh.de\/wordpress\/flugplatzfest-hohenems-22-09-2013\/\" class=\"more-link\"><span class=\"screen-reader-text\">Flugplatzfest Hohenems 22.09.2013<\/span> weiterlesen <span class=\"meta-nav\">&rarr;<\/span><\/a><\/p>\n","protected":false},"author":2,"featured_media":24262,"comment_status":"open","ping_status":"open","sticky":false,"template":"","format":"standard","meta":{"ngg_post_thumbnail":0,"footnotes":""},"categories":[18,6,9,11],"tags":[11116,12022,11472,12685,11147,5521,11507,9296,12531,11218,11228,8249,7015,11251,8248,11528,11775,11774,11713,11318,11776,8330,2132,11444],"class_list":["post-24261","post","type-post","status-publish","format-standard","has-post-thumbnail","hentry","category-flugveranstaltungen","category-fotos","category-termine","category-videos","tag-bo-105","tag-bo-105-cb","tag-d-edur","tag-flugplatz-hohenems-dornbirn","tag-flugplatzfest","tag-flying-bulls-2","tag-hannes-arch","tag-hohenems","tag-kinderschminken","tag-modellflug","tag-mr-marchetti","tag-nico-niebergall","tag-north-american-t6","tag-ralf-niebergall","tag-ralf-und-nico-niebergall","tag-red-bull-bo-105","tag-sf-260","tag-siai-marchetti","tag-siai-marchetti-260","tag-siai-marchetti-sf-260","tag-siai-marchetti-sf-260mb","tag-siegfried-schwarz","tag-st-26","tag-walter-eichhorn"],"_links":{"self":[{"href":"https:\/\/wp.1dfh.de\/wordpress\/wp-json\/wp\/v2\/posts\/24261","targetHints":{"allow":["GET"]}}],"collection":[{"href":"https:\/\/wp.1dfh.de\/wordpress\/wp-json\/wp\/v2\/posts"}],"about":[{"href":"https:\/\/wp.1dfh.de\/wordpress\/wp-json\/wp\/v2\/types\/post"}],"author":[{"embeddable":true,"href":"https:\/\/wp.1dfh.de\/wordpress\/wp-json\/wp\/v2\/users\/2"}],"replies":[{"embeddable":true,"href":"https:\/\/wp.1dfh.de\/wordpress\/wp-json\/wp\/v2\/comments?post=24261"}],"version-history":[{"count":0,"href":"https:\/\/wp.1dfh.de\/wordpress\/wp-json\/wp\/v2\/posts\/24261\/revisions"}],"wp:featuredmedia":[{"embeddable":true,"href":"https:\/\/wp.1dfh.de\/wordpress\/wp-json\/wp\/v2\/media\/24262"}],"wp:attachment":[{"href":"https:\/\/wp.1dfh.de\/wordpress\/wp-json\/wp\/v2\/media?parent=24261"}],"wp:term":[{"taxonomy":"category","embeddable":true,"href":"https:\/\/wp.1dfh.de\/wordpress\/wp-json\/wp\/v2\/categories?post=24261"},{"taxonomy":"post_tag","embeddable":true,"href":"https:\/\/wp.1dfh.de\/wordpress\/wp-json\/wp\/v2\/tags?post=24261"}],"curies":[{"name":"wp","href":"https:\/\/api.w.org\/{rel}","templated":true}]}}