{"id":24661,"date":"2014-03-09T08:00:39","date_gmt":"2014-03-09T07:00:39","guid":{"rendered":"http:\/\/wp.1dfh.de\/wordpress\/?p=24661"},"modified":"2015-12-24T16:15:41","modified_gmt":"2015-12-24T15:15:41","slug":"5-rotor-live-iffezheim-08-03-09-03-2014","status":"publish","type":"post","link":"https:\/\/wp.1dfh.de\/wordpress\/5-rotor-live-iffezheim-08-03-09-03-2014\/","title":{"rendered":"5. ROTOR live Iffezheim 08.03. \u2013 09.03.2014"},"content":{"rendered":"<figure id=\"attachment_24662\" aria-describedby=\"caption-attachment-24662\" style=\"width: 259px\" class=\"wp-caption alignright\"><a href=\"http:\/\/www.rotor-live.de\/wp\/\" target=\"_blank\"><img loading=\"lazy\" decoding=\"async\" class=\" wp-image-24662 \" src=\"http:\/\/wp.1dfh.de\/wordpress\/wp-content\/uploads\/ROTOR-live-2014.jpg\" alt=\"ROTOR-live 2014\" width=\"259\" height=\"319\" srcset=\"https:\/\/wp.1dfh.de\/wordpress\/wp-content\/uploads\/ROTOR-live-2014.jpg 2000w, https:\/\/wp.1dfh.de\/wordpress\/wp-content\/uploads\/ROTOR-live-2014-243x300.jpg 243w, https:\/\/wp.1dfh.de\/wordpress\/wp-content\/uploads\/ROTOR-live-2014-121x150.jpg 121w, https:\/\/wp.1dfh.de\/wordpress\/wp-content\/uploads\/ROTOR-live-2014-400x493.jpg 400w, https:\/\/wp.1dfh.de\/wordpress\/wp-content\/uploads\/ROTOR-live-2014-900x1109.jpg 900w\" sizes=\"auto, (max-width: 259px) 100vw, 259px\" \/><\/a><figcaption id=\"caption-attachment-24662\" class=\"wp-caption-text\">ROTOR-live 2014<\/figcaption><\/figure>\n<p>Am 8. und 9. M\u00e4rz 2014 \u00f6ffnet die Modellhubschrauber-Fachmesse ROTOR live zum bereits f\u00fcnften Mal ihre Pforten f\u00fcr Besucher aus der ganzen Welt. Die Zahl der Aussteller ist mit etwa 60 auf einem konstant hohen Niveau, was die Akzeptanz der Messe bei den Firmen und auch die Notwendigkeit f\u00fcr diese Art der zielgruppenorientierten Pr\u00e4sentation zeigt. Die Besucher (nach der ersten Messe im Jahr 2010 mit etwa 7.000 hat sich deren Anzahl inzwischen bei ca. 13.000 eingependelt) k\u00f6nnen sich alle f\u00fcr sie interessanten Produkte live ansehen, von den Fachleuten und Piloten der Firmen erkl\u00e4ren lassen und gr\u00f6\u00dftenteils auch im Flug betrachten. Auch dieses Mal stehen Unternehmen aus allen Bereichen des Modellhubschrauberfliegens, ob Scale, 3D, F3C, Elektronik oder auch Turbinenantriebe, auf der Ausstellerliste.<br \/>\nAuch 2014 wird es wieder den erstmals im Jahr 2012 durchgef\u00fchrten und sehr beliebten 3D-Wettbewerb geben, bei dem immer zwei Piloten gegeneinander antreten und im K.O.-System Runde um Runde bis zum Finale am Sonntagnachmittag bestreiten. Damit ist weitere Spannung garantiert. Auch die ebenfalls sehr beliebten Fachvortr\u00e4ge zu unterschiedlichsten Themen werden wieder angeboten.<\/p>\n<h2>Vortr\u00e4ge<\/h2>\n<p><img loading=\"lazy\" decoding=\"async\" class=\"alignnone\" src=\"http:\/\/www.rotor-live.de\/wp\/wp-content\/uploads\/2012\/02\/workshops2014.jpg\" alt=\"\" width=\"640\" height=\"343\" \/><\/p>\n<ul>\n<li><strong><a href=\"http:\/\/www.rotor-live.de\/wp\/wp-content\/uploads\/2012\/01\/flugshow_web.pdf\" target=\"_blank\">Download\u00a0\u00dcbersicht Flugshow 2014<\/a><\/strong><\/li>\n<\/ul>\n<p><iframe loading=\"lazy\" title=\"ROTOR Live 2014\" width=\"474\" height=\"267\" src=\"https:\/\/www.youtube.com\/embed\/wti7DiW4Rok?feature=oembed\" frameborder=\"0\" allow=\"accelerometer; autoplay; clipboard-write; encrypted-media; gyroscope; picture-in-picture; web-share\" referrerpolicy=\"strict-origin-when-cross-origin\" allowfullscreen><\/iframe><\/p>\n<p>[gmap]<\/p>\n<div class=\"ngg-related-gallery\">\n\t\t\t<a href=\"https:\/\/wp.1dfh.de\/wordpress\/wp-content\/gallery\/rotor-live-07-03-2010\/img_1009-1.jpg?t=1773327117\"\n\t\t\ttitle=\"ROTOR live Iffezheim, 07.03.2010\"\n\t\t\t\t\t\t\t\t\t\t\t\t\t\t\t data-image-id=\"4014\" data-src=\"https:\/\/wp.1dfh.de\/wordpress\/wp-content\/gallery\/rotor-live-07-03-2010\/img_1009-1.jpg?t=1773327117\" data-thumbnail=\"https:\/\/wp.1dfh.de\/wordpress\/wp-content\/gallery\/rotor-live-07-03-2010\/cache\/img_1009-1.jpg-nggid044014-ngg0dyn-100x100x100-00f0w010c011r110f110r010t010.jpg?t=1773327117\" data-title=\"img_1009-1\" data-description=\"ROTOR live Iffezheim, 07.03.2010\">\n\t\t\t<img title=\"img_1009-1\"\n\t\t\t\talt=\"img_1009-1\"\n\t\t\t\tdata-image-id=\"4014\"\n\t\t\t\tsrc=\"\"\/>\n\t\t<\/a>\n\t\t\t<a href=\"https:\/\/wp.1dfh.de\/wordpress\/wp-content\/gallery\/2-rotor-live-iffezheim-12-03-2011\/2rotorlive.jpg?t=1773327117\"\n\t\t\ttitle=\"2. ROTOR live Iffezheim 12.03.2011\"\n\t\t\t\t\t\t\t\t\t\t\t\t\t\t\t data-image-id=\"10223\" data-src=\"https:\/\/wp.1dfh.de\/wordpress\/wp-content\/gallery\/2-rotor-live-iffezheim-12-03-2011\/2rotorlive.jpg?t=1773327117\" data-thumbnail=\"https:\/\/wp.1dfh.de\/wordpress\/wp-content\/gallery\/2-rotor-live-iffezheim-12-03-2011\/cache\/2rotorlive.jpg-nggid0510223-ngg0dyn-100x100x100-00f0w010c011r110f110r010t010.jpg?t=1773327117\" data-title=\"2. Rotor Live 12.03.2011\" data-description=\"2. ROTOR live Iffezheim 12.03.2011\">\n\t\t\t<img title=\"2. Rotor Live 12.03.2011\"\n\t\t\t\talt=\"2. Rotor Live 12.03.2011\"\n\t\t\t\tdata-image-id=\"10223\"\n\t\t\t\tsrc=\"\"\/>\n\t\t<\/a>\n\t\t\t<a href=\"https:\/\/wp.1dfh.de\/wordpress\/wp-content\/gallery\/3-rotor-live-iffezheim-10-03-2012\/gute.jpg?t=1773498772\"\n\t\t\ttitle=\"3. ROTOR live Iffezheim 10.03..2012\"\n\t\t\t\t\t\t\t\t\t\t\t\t\t\t\t data-image-id=\"15647\" data-src=\"https:\/\/wp.1dfh.de\/wordpress\/wp-content\/gallery\/3-rotor-live-iffezheim-10-03-2012\/gute.jpg?t=1773498772\" data-thumbnail=\"https:\/\/wp.1dfh.de\/wordpress\/wp-content\/gallery\/3-rotor-live-iffezheim-10-03-2012\/cache\/gute.jpg-nggid0515647-ngg0dyn-100x100x100-00f0w010c011r110f110r010t010.jpg?t=1773498772\" data-title=\"3. ROTOR live Iffezheim 10.03..2012\" data-description=\"3. ROTOR live Iffezheim 10.03..2012\">\n\t\t\t<img title=\"3. ROTOR live Iffezheim 10.03..2012\"\n\t\t\t\talt=\"3. ROTOR live Iffezheim 10.03..2012\"\n\t\t\t\tdata-image-id=\"15647\"\n\t\t\t\tsrc=\"\"\/>\n\t\t<\/a>\n\t\t\t<a href=\"https:\/\/wp.1dfh.de\/wordpress\/wp-content\/gallery\/3-airshow-10-06-2012-beim-modellsportverein-msv-blaustein-bermaringen-e-v\/1-bermarinen2012.jpg?t=1773280850\"\n\t\t\ttitle=\"Flugshow MSV-Blaustein\"\n\t\t\t\t\t\t\t\t\t\t\t\t\t\t\t data-image-id=\"17535\" data-src=\"https:\/\/wp.1dfh.de\/wordpress\/wp-content\/gallery\/3-airshow-10-06-2012-beim-modellsportverein-msv-blaustein-bermaringen-e-v\/1-bermarinen2012.jpg?t=1773280850\" data-thumbnail=\"https:\/\/wp.1dfh.de\/wordpress\/nextgen-image\/17535\/100x100x100\/crop\/231b8558db61b24a6fbbdfacca6e79a4?t=1773280850\" data-title=\"Flugshow MSV-Blaustein\" data-description=\"Flugshow MSV-Blaustein\">\n\t\t\t<img title=\"Flugshow MSV-Blaustein\"\n\t\t\t\talt=\"Flugshow MSV-Blaustein\"\n\t\t\t\tdata-image-id=\"17535\"\n\t\t\t\tsrc=\"\"\/>\n\t\t<\/a>\n\t\t\t<a href=\"https:\/\/wp.1dfh.de\/wordpress\/wp-content\/gallery\/6-rotor-live-iffezheim-14-03-2015\/rotorlive.jpg?t=1773459373\"\n\t\t\ttitle=\"6. ROTOR live Iffezheim 14.03.2015\"\n\t\t\t\t\t\t\t\t\t\t\t\t\t\t\t data-image-id=\"44244\" data-src=\"https:\/\/wp.1dfh.de\/wordpress\/wp-content\/gallery\/6-rotor-live-iffezheim-14-03-2015\/rotorlive.jpg?t=1773459373\" data-thumbnail=\"https:\/\/wp.1dfh.de\/wordpress\/wp-content\/gallery\/6-rotor-live-iffezheim-14-03-2015\/cache\/rotorlive.jpg-nggid0544244-ngg0dyn-100x100x100-00f0w010c011r110f110r010t010.jpg?t=1773459373\" data-title=\"6. ROTOR live Iffezheim 14.03.2015\" data-description=\"6. ROTOR live Iffezheim 14.03.2015\">\n\t\t\t<img title=\"6. ROTOR live Iffezheim 14.03.2015\"\n\t\t\t\talt=\"6. ROTOR live Iffezheim 14.03.2015\"\n\t\t\t\tdata-image-id=\"44244\"\n\t\t\t\tsrc=\"\"\/>\n\t\t<\/a>\n\t\t\t<a href=\"https:\/\/wp.1dfh.de\/wordpress\/wp-content\/gallery\/rotor-live-07-03-2010\/img_1017-1.jpg?t=1773327117\"\n\t\t\ttitle=\"ROTOR live Iffezheim, 07.03.2010\"\n\t\t\t\t\t\t\t\t\t\t\t\t\t\t\t data-image-id=\"4015\" data-src=\"https:\/\/wp.1dfh.de\/wordpress\/wp-content\/gallery\/rotor-live-07-03-2010\/img_1017-1.jpg?t=1773327117\" data-thumbnail=\"https:\/\/wp.1dfh.de\/wordpress\/wp-content\/gallery\/rotor-live-07-03-2010\/cache\/img_1017-1.jpg-nggid044015-ngg0dyn-100x100x100-00f0w010c011r110f110r010t010.jpg?t=1773327117\" data-title=\"img_1017-1\" data-description=\"ROTOR live Iffezheim, 07.03.2010\">\n\t\t\t<img title=\"img_1017-1\"\n\t\t\t\talt=\"img_1017-1\"\n\t\t\t\tdata-image-id=\"4015\"\n\t\t\t\tsrc=\"\"\/>\n\t\t<\/a>\n\t\t\t<a href=\"https:\/\/wp.1dfh.de\/wordpress\/wp-content\/gallery\/2-rotor-live-iffezheim-12-03-2011\/1dfh-2-rotorlive0000.jpg?t=1773655245\"\n\t\t\ttitle=\"2. ROTOR live Iffezheim 12.03.2011\"\n\t\t\t\t\t\t\t\t\t\t\t\t\t\t\t data-image-id=\"10164\" data-src=\"https:\/\/wp.1dfh.de\/wordpress\/wp-content\/gallery\/2-rotor-live-iffezheim-12-03-2011\/1dfh-2-rotorlive0000.jpg?t=1773655245\" data-thumbnail=\"https:\/\/wp.1dfh.de\/wordpress\/wp-content\/gallery\/2-rotor-live-iffezheim-12-03-2011\/cache\/1dfh-2-rotorlive0000.jpg-nggid0510164-ngg0dyn-100x100x100-00f0w010c011r110f110r010t010.jpg?t=1773655245\" data-title=\"2. ROTOR live Iffezheim 12.03.2011\" data-description=\"2. ROTOR live Iffezheim 12.03.2011\">\n\t\t\t<img title=\"2. ROTOR live Iffezheim 12.03.2011\"\n\t\t\t\talt=\"2. ROTOR live Iffezheim 12.03.2011\"\n\t\t\t\tdata-image-id=\"10164\"\n\t\t\t\tsrc=\"\"\/>\n\t\t<\/a>\n\t<\/div>\n","protected":false},"excerpt":{"rendered":"<p>Am 8. und 9. M\u00e4rz 2014 \u00f6ffnet die Modellhubschrauber-Fachmesse ROTOR live zum bereits f\u00fcnften Mal ihre Pforten f\u00fcr Besucher aus der ganzen Welt. Die Zahl der Aussteller ist mit etwa 60 auf einem konstant hohen Niveau, was die Akzeptanz der Messe bei den Firmen und auch die Notwendigkeit f\u00fcr diese Art der zielgruppenorientierten Pr\u00e4sentation zeigt. &hellip; <a href=\"https:\/\/wp.1dfh.de\/wordpress\/5-rotor-live-iffezheim-08-03-09-03-2014\/\" class=\"more-link\"><span class=\"screen-reader-text\">5. ROTOR live Iffezheim 08.03. \u2013 09.03.2014<\/span> weiterlesen <span class=\"meta-nav\">&rarr;<\/span><\/a><\/p>\n","protected":false},"author":2,"featured_media":24662,"comment_status":"open","ping_status":"open","sticky":false,"template":"","format":"standard","meta":{"ngg_post_thumbnail":0,"footnotes":""},"categories":[15,18,9,11],"tags":[9385,9518,2355,11150,9519,11735,11546,9520,11733,11875,9516,9517,7352,2574],"class_list":["post-24661","post","type-post","status-publish","format-standard","has-post-thumbnail","hentry","category-ausstellungen","category-flugveranstaltungen","category-termine","category-videos","tag-5-rotor-live","tag-bert-kammerer","tag-dieter-schluter","tag-flugshow","tag-guiseppe-caruso","tag-iffezheim","tag-modellhubschrauber","tag-rolf-wutschi","tag-rotor-live","tag-rotor-live-iffezheim","tag-team-henseleit","tag-uli-roehr","tag-ulrich-rohr","tag-vortrage"],"_links":{"self":[{"href":"https:\/\/wp.1dfh.de\/wordpress\/wp-json\/wp\/v2\/posts\/24661","targetHints":{"allow":["GET"]}}],"collection":[{"href":"https:\/\/wp.1dfh.de\/wordpress\/wp-json\/wp\/v2\/posts"}],"about":[{"href":"https:\/\/wp.1dfh.de\/wordpress\/wp-json\/wp\/v2\/types\/post"}],"author":[{"embeddable":true,"href":"https:\/\/wp.1dfh.de\/wordpress\/wp-json\/wp\/v2\/users\/2"}],"replies":[{"embeddable":true,"href":"https:\/\/wp.1dfh.de\/wordpress\/wp-json\/wp\/v2\/comments?post=24661"}],"version-history":[{"count":0,"href":"https:\/\/wp.1dfh.de\/wordpress\/wp-json\/wp\/v2\/posts\/24661\/revisions"}],"wp:featuredmedia":[{"embeddable":true,"href":"https:\/\/wp.1dfh.de\/wordpress\/wp-json\/wp\/v2\/media\/24662"}],"wp:attachment":[{"href":"https:\/\/wp.1dfh.de\/wordpress\/wp-json\/wp\/v2\/media?parent=24661"}],"wp:term":[{"taxonomy":"category","embeddable":true,"href":"https:\/\/wp.1dfh.de\/wordpress\/wp-json\/wp\/v2\/categories?post=24661"},{"taxonomy":"post_tag","embeddable":true,"href":"https:\/\/wp.1dfh.de\/wordpress\/wp-json\/wp\/v2\/tags?post=24661"}],"curies":[{"name":"wp","href":"https:\/\/api.w.org\/{rel}","templated":true}]}}