{"id":24692,"date":"2014-06-02T08:00:39","date_gmt":"2014-06-02T06:00:39","guid":{"rendered":"http:\/\/wp.1dfh.de\/wordpress\/?p=24692"},"modified":"2014-06-07T10:54:32","modified_gmt":"2014-06-07T08:54:32","slug":"2-oldtimer-und-luftfahrtfestival-in-eutingen-gaeu-31-05-01-06-2014","status":"publish","type":"post","link":"https:\/\/wp.1dfh.de\/wordpress\/2-oldtimer-und-luftfahrtfestival-in-eutingen-gaeu-31-05-01-06-2014\/","title":{"rendered":"2. Oldtimer- und Luftfahrtfestival  in Eutingen (G\u00e4u) 31.05. &#8211; 01.06.2014"},"content":{"rendered":"<figure id=\"attachment_24694\" aria-describedby=\"caption-attachment-24694\" style=\"width: 300px\" class=\"wp-caption alignright\"><a href=\"http:\/\/www.mobile-legenden.de\" target=\"_blank\"><img loading=\"lazy\" decoding=\"async\" class=\"size-medium wp-image-24694\" src=\"http:\/\/wp.1dfh.de\/wordpress\/wp-content\/uploads\/Mobile-Legenden-2014-300x75.jpg\" alt=\"Mobile Legenden 2014\" width=\"300\" height=\"75\" srcset=\"https:\/\/wp.1dfh.de\/wordpress\/wp-content\/uploads\/Mobile-Legenden-2014-300x75.jpg 300w, https:\/\/wp.1dfh.de\/wordpress\/wp-content\/uploads\/Mobile-Legenden-2014-150x37.jpg 150w, https:\/\/wp.1dfh.de\/wordpress\/wp-content\/uploads\/Mobile-Legenden-2014-400x100.jpg 400w, https:\/\/wp.1dfh.de\/wordpress\/wp-content\/uploads\/Mobile-Legenden-2014-900x225.jpg 900w\" sizes=\"auto, (max-width: 300px) 100vw, 300px\" \/><\/a><figcaption id=\"caption-attachment-24694\" class=\"wp-caption-text\">Mobile Legenden 2014<\/figcaption><\/figure>\n<h5>\u201eMobile Legenden\u201c starten auch 2014 durch<\/h5>\n<h4>2. Oldtimer- und Luftfahrtfestival am 31. Mai &amp; 1. Juni 2014 in Eutingen (G\u00e4u)<\/h4>\n<p>Mit dieser Resonanz hatte im vergangenen Juni niemand gerechnet: \u00dcber 2000 historische Fahrzeuge und rund 20.000 Besucher waren auf Anhieb zur Premiere des Oldtimer- und Luftfahrtfestivals \u201eMobile Legenden\u201c auf das Fluggel\u00e4nde in Eutingen im G\u00e4u (bei Stuttgart) gekommen. Nach dem Erfolg der Auftaktveranstaltung haben sich Veranstalter und Gemeinde nun zu einer Fortsetzung des Events in diesem Jahr entschlossen. Der Termin f\u00fcr das 2. Oldtimer- und Luftfahrtfestival ist der 31. Mai und 1. Juni 2014.<br \/>\nMit der Kombination aus Oldtimertreffen und Flugshow haben die \u201eMobilen Legenden\u201c prompt ins Schwarze getroffen. Die Programm-Mixtur hat Seltenheitswert \u2013 sowohl in der Oldtimerszene, als auch im Veranstaltungsangebot Baden-W\u00fcrttembergs. Und so soll das Programmkonzept bei der Neuauflage in diesem Jahr lediglich weiter optimiert werden. Das bedeutet f\u00fcr die Besucher konkret: Chromgl\u00e4nzende Sch\u00f6nheiten auf vier und zwei R\u00e4dern am Boden, Flugshows und wagemutige Piloten am Himmel \u00fcber dem Fluggel\u00e4nde.<\/p>\n<p>Wobei die Vielfalt der pr\u00e4sentierten Old- und Youngtimer in diesem Jahr noch einmal einen Tick facettenreicher sein d\u00fcrfte: Neben historischen Pkw, Lkw, Traktoren und Landmaschinen, Bussen, Motor- und Fahrr\u00e4dern stehen beispielsweise erstmals mehrere US-Oldtimertraktoren auf dem Programm, die von ihren Besitzern vor Ort in vollem Einsatz gezeigt werden. Die urigen Unimog demonstrieren ihre Offroad-Tauglichkeit wie schon im vergangenen Jahr in einem eigenen Parcours. Und wer seinen Oldtimer nicht nur zur Schau stellen, sondern auch fahren m\u00f6chte, hat die Wahl zwischen einer Matrix-Rallye und der Rundfahrt durchs Neckartal.<\/p>\n<p>Der Himmel \u00fcber dem Fluggel\u00e4nde steht bei den \u201eMobilen Legenden\u201c derweil wieder ganz im Zeichen der Luftfahrt. In rasanten Flugshows f\u00fchren Dutzende Piloten und Kunstflieger ihre mehr oder weniger knatternden Kisten vor &#8211; historische und zeitgen\u00f6ssische Maschinen, liebevoll restaurierte Schulflugzeuge, Doppeldecker, wendige Sport- und Kunstflugzeuge und elegante Segelflieger. Ebenfalls auf dem Programm: Hei\u00dfluftballons, die an beiden Tagen zu einem gemeinsamen Massenstart aufsteigen.<\/p>\n<div class=\"ohne\">\n<h2 id=\"tabellarisch\">Mobile Legenden 2014 &#8211; das Flugprogramm (tabellarisch)<\/h2>\n<p>&nbsp;<\/p>\n<\/div>\n<h3>Samstag, 31. Mai 2014, 15.00 &#8211; ca. 16.30 Uhr<\/h3>\n<ul class=\"pfeil\">\n<li>EXTRA 330SC<\/li>\n<li>Zlin 526<\/li>\n<li>Harvard T6 \/ Rata<\/li>\n<li>Do 27 \/ Fallschirmspringer<\/li>\n<li>Segelkunstflug Pilatus B4<\/li>\n<li>AV 36<\/li>\n<li>Diabolo<\/li>\n<li>SG 38 F &#8211; Schlepp<\/li>\n<li>Modellflug<\/li>\n<\/ul>\n<div class=\"links-50 ohne\">\n<h3>Sonntag, 1. Juni 2014, 11.00 &#8211; ca. 12.30 Uhr<\/h3>\n<ul class=\"pfeil\">\n<li>B\u00fccker \/ Klemm Anflug<\/li>\n<li>Zlin 526<\/li>\n<li>EXTRA 330SC<\/li>\n<li>B\u00fccker 131<\/li>\n<li>Diabolo<\/li>\n<li>AV 36<\/li>\n<li>Segelkunstflug Pilatus B4<\/li>\n<li>Wing Walkerin Peggy Walentin<\/li>\n<li>Modellflug<\/li>\n<\/ul>\n<\/div>\n<div class=\"links-50 ohne\">\n<h3>Sonntag, 1. Juni 2014, 14.30 &#8211; ca. 16.00 Uhr<\/h3>\n<ul class=\"pfeil\">\n<li>AV 36<\/li>\n<li>EXTRA 330SC<\/li>\n<li>Harvard T6 \/ Rata<\/li>\n<li>SG 38 F &#8211; Schlepp<\/li>\n<li>Do 27 \/ Fallschirmspringer<\/li>\n<li>Diabolo<\/li>\n<li>Wing Walkerin Peggy Walentin<\/li>\n<li>Segelkunstflug Pilatus B4<\/li>\n<li>B\u00fccker \/ Klemm Abflug<\/li>\n<\/ul>\n<\/div>\n<p>(Stand: Mai 2014, \u00c4nderungen vorbehalten<\/p>\n<p>Flankiert wird die stolze Fahrzeugparade bei den \u201eMobilen Legenden 2014\u201c wieder von einem vielseitigen Rahmenprogramm. An beiden Tagen spielt Livemusik auf dem Festivalgel\u00e4nde, dar\u00fcber hinaus erwartet die Oldtimer- und Flugzeugfreunde ein kreatives Familienprogramm und Gastronomie in sommerlich-wei\u00dfen Zelten. Geplant ist zudem erstmals ein Teilemarkt.<\/p>\n<p>Weitere Infos zum Oldtimer- und Luftfahrtfestival \u201eMobile Legenden\u201c gibt es unter <a href=\"http:\/\/www.mobile-legenden.de\" target=\"_blank\">www.mobile-legenden.de<\/a><\/p>\nngg_shortcode_0_placeholder\n<p><strong>ngg_shortcode_1_placeholder<\/strong><\/p>\n<p><video width=\"592\" height=\"296\" controls=\"controls\"><source src=\"http:\/\/mp4-download.swr.de\/swr-fernsehen\/landesschau-aktuell-bw\/20140531\/713137.m.mp4\" type=\"video\/mp4\" \/><\/video><\/p>\n<div class=\"ngg-related-gallery\">\n\t\t\t<a href=\"https:\/\/wp.1dfh.de\/wordpress\/wp-content\/gallery\/airgames07\/1dfh-airgames-07-ft_0004.JPG?t=1773605732\"\n\t\t\ttitle=\"SG 38\"\n\t\t\t\t\t\t\t\t\t\t\t\t\t\t\t data-image-id=\"183\" data-src=\"https:\/\/wp.1dfh.de\/wordpress\/wp-content\/gallery\/airgames07\/1dfh-airgames-07-ft_0004.JPG?t=1773605732\" data-thumbnail=\"https:\/\/wp.1dfh.de\/wordpress\/wp-content\/gallery\/airgames07\/cache\/1dfh-airgames-07-ft_0004.JPG-nggid03183-ngg0dyn-100x100x100-00f0w010c011r110f110r010t010.JPG?t=1773605732\" data-title=\"1dfh-airgames-07-ft_0004\" data-description=\"SG 38\">\n\t\t\t<img title=\"1dfh-airgames-07-ft_0004\"\n\t\t\t\talt=\"1dfh-airgames-07-ft_0004\"\n\t\t\t\tdata-image-id=\"183\"\n\t\t\t\tsrc=\"\"\/>\n\t\t<\/a>\n\t\t\t<a href=\"https:\/\/wp.1dfh.de\/wordpress\/wp-content\/gallery\/airgames07\/1dfh-airgames-07-ft_0005.JPG?t=1773605732\"\n\t\t\ttitle=\"SG 38\"\n\t\t\t\t\t\t\t\t\t\t\t\t\t\t\t data-image-id=\"184\" data-src=\"https:\/\/wp.1dfh.de\/wordpress\/wp-content\/gallery\/airgames07\/1dfh-airgames-07-ft_0005.JPG?t=1773605732\" data-thumbnail=\"https:\/\/wp.1dfh.de\/wordpress\/wp-content\/gallery\/airgames07\/cache\/1dfh-airgames-07-ft_0005.JPG-nggid03184-ngg0dyn-100x100x100-00f0w010c011r110f110r010t010.JPG?t=1773605732\" data-title=\"1dfh-airgames-07-ft_0005\" data-description=\"SG 38\">\n\t\t\t<img title=\"1dfh-airgames-07-ft_0005\"\n\t\t\t\talt=\"1dfh-airgames-07-ft_0005\"\n\t\t\t\tdata-image-id=\"184\"\n\t\t\t\tsrc=\"\"\/>\n\t\t<\/a>\n\t\t\t<a href=\"https:\/\/wp.1dfh.de\/wordpress\/wp-content\/gallery\/kehl09\/1dfh-kehl09_0025.JPG?t=1770667318\"\n\t\t\ttitle=\" \"\n\t\t\t\t\t\t\t\t\t\t\t\t\t\t\t data-image-id=\"731\" data-src=\"https:\/\/wp.1dfh.de\/wordpress\/wp-content\/gallery\/kehl09\/1dfh-kehl09_0025.JPG?t=1770667318\" data-thumbnail=\"https:\/\/wp.1dfh.de\/wordpress\/wp-content\/gallery\/kehl09\/cache\/1dfh-kehl09_0025.JPG-nggid03731-ngg0dyn-100x100x100-00f0w010c011r110f110r010t010.JPG?t=1770667318\" data-title=\"1dfh-kehl09_0025\" data-description=\" \">\n\t\t\t<img title=\"1dfh-kehl09_0025\"\n\t\t\t\talt=\"1dfh-kehl09_0025\"\n\t\t\t\tdata-image-id=\"731\"\n\t\t\t\tsrc=\"\"\/>\n\t\t<\/a>\n\t\t\t<a href=\"https:\/\/wp.1dfh.de\/wordpress\/wp-content\/gallery\/donzdorf\/1dfh-donzdorf07_0012.JPG?t=1770668385\"\n\t\t\ttitle=\" \"\n\t\t\t\t\t\t\t\t\t\t\t\t\t\t\t data-image-id=\"963\" data-src=\"https:\/\/wp.1dfh.de\/wordpress\/wp-content\/gallery\/donzdorf\/1dfh-donzdorf07_0012.JPG?t=1770668385\" data-thumbnail=\"https:\/\/wp.1dfh.de\/wordpress\/wp-content\/gallery\/donzdorf\/cache\/1dfh-donzdorf07_0012.JPG-nggid03963-ngg0dyn-100x100x100-00f0w010c011r110f110r010t010.JPG?t=1770668385\" data-title=\"1dfh-donzdorf07_0012\" data-description=\" \">\n\t\t\t<img title=\"1dfh-donzdorf07_0012\"\n\t\t\t\talt=\"1dfh-donzdorf07_0012\"\n\t\t\t\tdata-image-id=\"963\"\n\t\t\t\tsrc=\"\"\/>\n\t\t<\/a>\n\t\t\t<a href=\"https:\/\/wp.1dfh.de\/wordpress\/wp-content\/gallery\/donzdorf\/1dfh-donzdorf07_0013.JPG?t=1770668383\"\n\t\t\ttitle=\" \"\n\t\t\t\t\t\t\t\t\t\t\t\t\t\t\t data-image-id=\"964\" data-src=\"https:\/\/wp.1dfh.de\/wordpress\/wp-content\/gallery\/donzdorf\/1dfh-donzdorf07_0013.JPG?t=1770668383\" data-thumbnail=\"https:\/\/wp.1dfh.de\/wordpress\/wp-content\/gallery\/donzdorf\/cache\/1dfh-donzdorf07_0013.JPG-nggid03964-ngg0dyn-100x100x100-00f0w010c011r110f110r010t010.JPG?t=1770668383\" data-title=\"1dfh-donzdorf07_0013\" data-description=\" \">\n\t\t\t<img title=\"1dfh-donzdorf07_0013\"\n\t\t\t\talt=\"1dfh-donzdorf07_0013\"\n\t\t\t\tdata-image-id=\"964\"\n\t\t\t\tsrc=\"\"\/>\n\t\t<\/a>\n\t\t\t<a href=\"https:\/\/wp.1dfh.de\/wordpress\/wp-content\/gallery\/donzdorf\/1dfh-donzdorf07_0014.JPG?t=1770668419\"\n\t\t\ttitle=\" \"\n\t\t\t\t\t\t\t\t\t\t\t\t\t\t\t data-image-id=\"965\" data-src=\"https:\/\/wp.1dfh.de\/wordpress\/wp-content\/gallery\/donzdorf\/1dfh-donzdorf07_0014.JPG?t=1770668419\" data-thumbnail=\"https:\/\/wp.1dfh.de\/wordpress\/wp-content\/gallery\/donzdorf\/cache\/1dfh-donzdorf07_0014.JPG-nggid03965-ngg0dyn-100x100x100-00f0w010c011r110f110r010t010.JPG?t=1770668419\" data-title=\"1dfh-donzdorf07_0014\" data-description=\" \">\n\t\t\t<img title=\"1dfh-donzdorf07_0014\"\n\t\t\t\talt=\"1dfh-donzdorf07_0014\"\n\t\t\t\tdata-image-id=\"965\"\n\t\t\t\tsrc=\"\"\/>\n\t\t<\/a>\n\t\t\t<a href=\"https:\/\/wp.1dfh.de\/wordpress\/wp-content\/gallery\/donzdorf\/1dfh-donzdorf07_0015.JPG?t=1770668384\"\n\t\t\ttitle=\" \"\n\t\t\t\t\t\t\t\t\t\t\t\t\t\t\t data-image-id=\"966\" data-src=\"https:\/\/wp.1dfh.de\/wordpress\/wp-content\/gallery\/donzdorf\/1dfh-donzdorf07_0015.JPG?t=1770668384\" data-thumbnail=\"https:\/\/wp.1dfh.de\/wordpress\/wp-content\/gallery\/donzdorf\/cache\/1dfh-donzdorf07_0015.JPG-nggid03966-ngg0dyn-100x100x100-00f0w010c011r110f110r010t010.JPG?t=1770668384\" data-title=\"1dfh-donzdorf07_0015\" data-description=\" \">\n\t\t\t<img title=\"1dfh-donzdorf07_0015\"\n\t\t\t\talt=\"1dfh-donzdorf07_0015\"\n\t\t\t\tdata-image-id=\"966\"\n\t\t\t\tsrc=\"\"\/>\n\t\t<\/a>\n\t<\/div>\n","protected":false},"excerpt":{"rendered":"<p>\u201eMobile Legenden\u201c starten auch 2014 durch 2. Oldtimer- und Luftfahrtfestival am 31. Mai &amp; 1. Juni 2014 in Eutingen (G\u00e4u) Mit dieser Resonanz hatte im vergangenen Juni niemand gerechnet: \u00dcber 2000 historische Fahrzeuge und rund 20.000 Besucher waren auf Anhieb zur Premiere des Oldtimer- und Luftfahrtfestivals \u201eMobile Legenden\u201c auf das Fluggel\u00e4nde in Eutingen im G\u00e4u &hellip; <a href=\"https:\/\/wp.1dfh.de\/wordpress\/2-oldtimer-und-luftfahrtfestival-in-eutingen-gaeu-31-05-01-06-2014\/\" class=\"more-link\"><span class=\"screen-reader-text\">2. Oldtimer- und Luftfahrtfestival  in Eutingen (G\u00e4u) 31.05. &#8211; 01.06.2014<\/span> weiterlesen <span class=\"meta-nav\">&rarr;<\/span><\/a><\/p>\n","protected":false},"author":2,"featured_media":24694,"comment_status":"open","ping_status":"open","sticky":false,"template":"","format":"standard","meta":{"ngg_post_thumbnail":0,"footnotes":""},"categories":[15,18,6,9,11],"tags":[680,12675,1497,5632,9080,11125,11793,12634,11429,11328,12635,12636,968,12668,9157,9849,9891,12674,11218,11730,12603,9511,9894,9777,11242,12740,9880,5792,9778,8929,11433,11312,8928,9141,9881,12739,11341,11290,11294,9142],"class_list":["post-24692","post","type-post","status-publish","format-standard","has-post-thumbnail","hentry","category-ausstellungen","category-flugveranstaltungen","category-fotos","category-termine","category-videos","tag-av-36","tag-bernd-brodbeck","tag-bucker-131","tag-bucker-jungmann","tag-d-eegn","tag-diabolo","tag-do-27","tag-eutingen","tag-extra-330sc","tag-fallschirmspringer","tag-flugsportgruppe-hanns-klemm-boblingen-e-v","tag-flugsportverein-rottenburg-horb-e-v","tag-furstenberg-fallschirm-team","tag-gert-bender","tag-heisluftballon-2","tag-heissluftballons","tag-marco-strauss","tag-mobile-legenden","tag-modellflug","tag-nico-niewind","tag-oe-axx","tag-oldtimer-und-luftfahrtfestival","tag-oliver-graeff","tag-p4","tag-peggy-krainz","tag-peggy-walentin","tag-peter-lendle","tag-pilatus-b4","tag-pilatus-p4","tag-romeo-adaci","tag-segelkunstflug","tag-sg-38","tag-stefan-zistler","tag-the-blue-baron","tag-thomas-bader","tag-wing-walkerin","tag-wing-walkers","tag-wolfgang-dallach","tag-zlin-526","tag-zlin-526-afs"],"_links":{"self":[{"href":"https:\/\/wp.1dfh.de\/wordpress\/wp-json\/wp\/v2\/posts\/24692","targetHints":{"allow":["GET"]}}],"collection":[{"href":"https:\/\/wp.1dfh.de\/wordpress\/wp-json\/wp\/v2\/posts"}],"about":[{"href":"https:\/\/wp.1dfh.de\/wordpress\/wp-json\/wp\/v2\/types\/post"}],"author":[{"embeddable":true,"href":"https:\/\/wp.1dfh.de\/wordpress\/wp-json\/wp\/v2\/users\/2"}],"replies":[{"embeddable":true,"href":"https:\/\/wp.1dfh.de\/wordpress\/wp-json\/wp\/v2\/comments?post=24692"}],"version-history":[{"count":0,"href":"https:\/\/wp.1dfh.de\/wordpress\/wp-json\/wp\/v2\/posts\/24692\/revisions"}],"wp:featuredmedia":[{"embeddable":true,"href":"https:\/\/wp.1dfh.de\/wordpress\/wp-json\/wp\/v2\/media\/24694"}],"wp:attachment":[{"href":"https:\/\/wp.1dfh.de\/wordpress\/wp-json\/wp\/v2\/media?parent=24692"}],"wp:term":[{"taxonomy":"category","embeddable":true,"href":"https:\/\/wp.1dfh.de\/wordpress\/wp-json\/wp\/v2\/categories?post=24692"},{"taxonomy":"post_tag","embeddable":true,"href":"https:\/\/wp.1dfh.de\/wordpress\/wp-json\/wp\/v2\/tags?post=24692"}],"curies":[{"name":"wp","href":"https:\/\/api.w.org\/{rel}","templated":true}]}}