{"id":24901,"date":"2014-02-20T10:22:43","date_gmt":"2014-02-20T09:22:43","guid":{"rendered":"http:\/\/wp.1dfh.de\/wordpress\/?p=24901"},"modified":"2014-02-27T13:40:30","modified_gmt":"2014-02-27T12:40:30","slug":"red-bull-air-race-asse-erneut-in-abu-dhabi-am-start","status":"publish","type":"post","link":"https:\/\/wp.1dfh.de\/wordpress\/red-bull-air-race-asse-erneut-in-abu-dhabi-am-start\/","title":{"rendered":"Red Bull Air Race Asse erneut in Abu Dhabi am Start"},"content":{"rendered":"<p><em><strong>Nach monatelanger Planung und Vorbereitung hebt die Red Bull Air Race World Championship 2014 n\u00e4chste Woche zum siebten Mal in Abu Dhabi ab. Bei der hei\u00df erwarteten R\u00fcckkehr der schnellsten Motorsport-Serie der Welt werden 12 topfite Rennpiloten an den Start gehen.<\/strong><\/em><\/p>\n<p><a class=\"shutterset_\" title=\"THE RACE CALENDAR  1. Abu Dhabi, UAE               28 Feb. \/1 March 2. Putrajaya, MAS                 12.\/13. April  3. Rovinj. CRO 17\/18 May 4. Gdynia, POL                    26\/27 July 5. Ascot, GBR                     16\/17 August 6. Dallas\/Fort Worth, USA    6\/7 September 7. Las Vegas, USA               11\/12 October 8. CHINA                            1\/2 November\" href=\"http:\/\/wp.1dfh.de\/wordpress\/wp-content\/gallery\/rbar-2014\/p-20140130-00065_hires-jpeg-24bit-rgb-news.jpg\"><img loading=\"lazy\" decoding=\"async\" class=\"ngg-singlepic ngg-right alignright\" alt=\"p-20140130-00065_hires-jpeg-24bit-rgb-news\" src=\"http:\/\/wp.1dfh.de\/wordpress\/wp-content\/gallery\/rbar-2014\/thumbs\/thumbs_p-20140130-00065_hires-jpeg-24bit-rgb-news.jpg\" width=\"100\" height=\"100\" \/><\/a>ABU DHABI (Vereinigte Arabische Emirate) \u2013 Am 28. Februar und 1. M\u00e4rz kehrt die Red Bull Air Race World Championship zur\u00fcck, bereits zum siebten Mal steigt der Saisonauftakt \u00fcber dem glitzernden Wasser des Persischen Golfs in Abu Dhabi. Der amtierende Weltmeister, Paul Bonhomme aus Gro\u00dfbritannien, hat 2010 das letzte Rennen in Abu Dhabi gewonnen und will in der Hauptstadt der Vereinigten Arabischen Emirate erneut elf der weltbesten Rennpiloten davonfliegen. Zehntausende Zuschauer werden am Ufer erwartet, um von dort aus die High-Speed-Action knapp \u00fcber der Wasseroberfl\u00e4che zu verfolgen.<\/p>\n<p>Damit kehrt das Red Bull Air Race nach dreij\u00e4hriger Pause in nie dagewesener Dimension zur\u00fcck: 2014 finden acht Rennen in sieben L\u00e4ndern auf drei Kontinenten statt. Zu den Locations im Rennkalender z\u00e4hlen auch Kroatien, Malaysia, Gro\u00dfbritannien, Polen, die USA und China.<\/p>\n<p><a class=\"shutterset_\" title=\"Race director Jim di Matteo poses for a photograph during the Red Bull Air Race World Series in Abu Dhabi, United Arab Emirates on February 23, 2014. \/\/ Predrag Vuckovic\/Red Bull Content Pool \" href=\"http:\/\/wp.1dfh.de\/wordpress\/wp-content\/gallery\/red-bull-air-race-2014-abu-dhabi\/p-20140226-00332_news.jpg\"><img loading=\"lazy\" decoding=\"async\" class=\"ngg-singlepic ngg-right alignright\" alt=\"p-20140226-00332_news\" src=\"http:\/\/wp.1dfh.de\/wordpress\/wp-content\/gallery\/red-bull-air-race-2014-abu-dhabi\/thumbs\/thumbs_p-20140226-00332_news.jpg\" width=\"100\" height=\"100\" \/><\/a>\u201eWir freuen uns sehr \u00fcber die R\u00fcckkehr des Red Bull Air Race. Die Piloten, Techniker und das gesamte Organisationsteam haben monatelang intensiv gearbeitet, um ein sicheres, spannendes und hart umk\u00e4mpftes Rennen veranstalten zu k\u00f6nnen\u201c, so Race Director Jim DiMatteo. \u201eMit dem zu dieser Jahreszeit meist guten Wetter und der spektakul\u00e4ren Kulisse ist Abu Dhabi der perfekte Ort f\u00fcr den Saisonauftakt.\u201c<\/p>\n<p>Neben Bonhomme trainieren auch Hannes Arch aus \u00d6sterreich (Weltmeister 2008) und Kirby Chambliss aus den USA (Weltmeister 2006) sowie neun weitere Asse aus zehn L\u00e4ndern bereits seit einem Jahr und werden beim ersten von insgesamt acht Rennen der Red Bull Air Race World Championship 2014 in der br\u00fctenden Hitze der W\u00fcste um WM-Punkte k\u00e4mpfen.<\/p>\n<p>\u201eKlar will ich alles gewinnen. Derzeit kann allerdings niemand einsch\u00e4tzen, wie stark die verschiedenen Piloten sein werden\u201c, erkl\u00e4rt Bonhomme und spielt damit auf die neuen Regeln und Einheitsmotoren an, die 2014 zur Anwendung kommen werden. \u201eIch glaube, wir werden ganz gut abschneiden, aber wir werden werden sehen m\u00fcssen, wie es in Abu Dhabi l\u00e4uft\u201c, f\u00fcgt der Brite hinzu. \u00dcber eine m\u00f6gliche Titelverteidigung will Bonhomme nicht spekulieren: \u201eWir starten in eine neue Saison, die Karten werden neu gemischt.\u201c<\/p>\n<p>In der rasant wachsenden Metropole am Persischen Golf kennen sich die 12 erfahrenen Piloten des Red Bull Air Race bestens aus. Zwischen 2005 und 2010 fand der Saisonauftakt in Abu Dhabi statt. Bonhomme holte 2008 und 2010 den Sieg, 2005 und 2007 landete der Ungar Peter Besenyei auf Platz eins. Im Jahr 2006 gewann Chambliss das Rennen, 2009 war Hannes Arch der Schnellste.<\/p>\n<p>Beim Red Bull Air Race m\u00fcssen die Piloten ihre Maschinen m\u00f6glichst schnell durch einen aus aufblasbaren Pylonen (gennant \u201eAir Gates\u201c) bestehenden Slalomkurs lenken. Dabei erreichen sie Geschwindigkeiten von bis zu 370 km\/h und werden bei den engen Kurven knapp \u00fcber der Wasseroberfl\u00e4che Fliehkr\u00e4ften von bis zu 10 G ausgesetzt.<\/p>\n<p>Vor allem der unberechenbare Wind kann die 8 km lange Rennstrecke \u00fcber dem t\u00fcrkisblauen Wasser vor der Corniche Road im Herzen der Stadt zu einer besonderen Herausforderung machen. Die Windrichtung kann sich innerhalb k\u00fcrzester Zeit sogar um 180 Grad drehen. Ende Februar sind au\u00dferdem Temperaturen von weit \u00fcber 30 Grad Celsius keine Seltenheit.<\/p>\n<p>Die Einf\u00fchrung von standardisierten Motoren und Propellern verspricht einen h\u00e4rteren Wettkampf, denn damit z\u00e4hlt 2014 viel mehr das K\u00f6nnen der Piloten als die PS-Anzahl ihrer Motoren. Zu den weiteren Piloten z\u00e4hlen Nigel Lamb (GBR), Matt Hall (AUS), Nicolas Ivanoff (FRA), Michael Goulian (USA), Matthias Dolderer (GER), Yoshi Muroya (JPN), Pete McLeod (CAN) und Martin Sonka (CZE).<\/p>\n<p><iframe loading=\"lazy\" src=\"\/\/www.youtube.com\/embed\/P8KaTLo0628?feature=player_detailpage\" height=\"360\" width=\"640\" allowfullscreen=\"\" frameborder=\"0\"><\/iframe><\/p>\n<p>Rennkalender: 28. Februar\/1. M\u00e4rz Abu Dhabi (Vereinigte Arabische Emirate), 12.\/13. April Rovinj (Kroatien), 17.\/18. Mai Putrajaya (Malaysia), 26.\/27. Juli Gdynia (Polen), 16.\/17. August Ascot (Gro\u00dfbritannien), 6.\/7. September Fort Worth (USA), 11.\/12. Oktober Las Vegas (USA), 1.\/2. November China (Volksrepublik China)<\/p>\n<ul>\n<li><a href=\" www.redbullairrace.com\" target=\"_blank\">www.redbullairrace.com<\/a><\/li>\n<\/ul>\n<div class=\"ngg-related-gallery\">\n\t\t\t<a href=\"https:\/\/wp.1dfh.de\/wordpress\/wp-content\/gallery\/rba-abu-dhabi-2010\/si201003270013.jpg?t=1773404469\"\n\t\t\ttitle=\"ABU DHABI, UNITED ARAB EMIRATES - MARCH 27: (L-R) Second placed Nigel Lamb of Great Britain, winner Paul Bonhomme of Great Britain and third placed Peter Besenyei of Hungary with their medals after the Red Bull Air Race day on March 27, 2010 in Abu Dhabi, United Arab Emirates. (Photo by Hamish Blair\/Getty Images for Red Bull Air Race) *** Local Caption *** Nigel Lamb; Paul Bonhomme; Peter Besenyei\"\n\t\t\t\t\t\t\t\t\t\t\t\t\t\t\t data-image-id=\"4693\" data-src=\"https:\/\/wp.1dfh.de\/wordpress\/wp-content\/gallery\/rba-abu-dhabi-2010\/si201003270013.jpg?t=1773404469\" data-thumbnail=\"https:\/\/wp.1dfh.de\/wordpress\/wp-content\/gallery\/rba-abu-dhabi-2010\/cache\/si201003270013.jpg-nggid044693-ngg0dyn-100x100x100-00f0w010c011r110f110r010t010.jpg?t=1773404469\" data-title=\"97755980DM010_Red_Bull_Air_\" data-description=\"ABU DHABI, UNITED ARAB EMIRATES - MARCH 27: (L-R) Second placed Nigel Lamb of Great Britain, winner Paul Bonhomme of Great Britain and third placed Peter Besenyei of Hungary with their medals after the Red Bull Air Race day on March 27, 2010 in Abu Dhabi, United Arab Emirates. (Photo by Hamish Blair\/Getty Images for Red Bull Air Race) *** Local Caption *** Nigel Lamb; Paul Bonhomme; Peter Besenyei\">\n\t\t\t<img title=\"97755980DM010_Red_Bull_Air_\"\n\t\t\t\talt=\"97755980DM010_Red_Bull_Air_\"\n\t\t\t\tdata-image-id=\"4693\"\n\t\t\t\tsrc=\"\"\/>\n\t\t<\/a>\n\t\t\t<a href=\"https:\/\/wp.1dfh.de\/wordpress\/wp-content\/gallery\/rba-abu-dhabi-2010\/si201003270016.jpg?t=1773404478\"\n\t\t\ttitle=\"Nigel Lamb of Great Britain celebrates his 2nd, Paul Bonhomme of Great Britain his 1st and Peter Besenyei of Hungary his 3rd place on the podium after the Red Bull Air Race day on March 27, 2010 in Abu Dhabi, United Arab Emirates.\"\n\t\t\t\t\t\t\t\t\t\t\t\t\t\t\t data-image-id=\"4694\" data-src=\"https:\/\/wp.1dfh.de\/wordpress\/wp-content\/gallery\/rba-abu-dhabi-2010\/si201003270016.jpg?t=1773404478\" data-thumbnail=\"https:\/\/wp.1dfh.de\/wordpress\/wp-content\/gallery\/rba-abu-dhabi-2010\/cache\/si201003270016.jpg-nggid044694-ngg0dyn-100x100x100-00f0w010c011r110f110r010t010.jpg?t=1773404478\" data-title=\"Nigel Lamb; Paul Bonhomme; Peter Besenyei - Race Day, Abu Dhabi\" data-description=\"Nigel Lamb of Great Britain celebrates his 2nd, Paul Bonhomme of Great Britain his 1st and Peter Besenyei of Hungary his 3rd place on the podium after the Red Bull Air Race day on March 27, 2010 in Abu Dhabi, United Arab Emirates.\">\n\t\t\t<img title=\"Nigel Lamb; Paul Bonhomme; Peter Besenyei - Race Day, Abu Dhabi\"\n\t\t\t\talt=\"Nigel Lamb; Paul Bonhomme; Peter Besenyei - Race Day, Abu Dhabi\"\n\t\t\t\tdata-image-id=\"4694\"\n\t\t\t\tsrc=\"\"\/>\n\t\t<\/a>\n\t\t\t<a href=\"https:\/\/wp.1dfh.de\/wordpress\/wp-content\/gallery\/rbar-interlaken-2007\/1dfh-rba-il07-000.jpg?t=1773407446\"\n\t\t\ttitle=\"Red Bull Air Race Interlaken 2007\"\n\t\t\t\t\t\t\t\t\t\t\t\t\t\t\t data-image-id=\"5301\" data-src=\"https:\/\/wp.1dfh.de\/wordpress\/wp-content\/gallery\/rbar-interlaken-2007\/1dfh-rba-il07-000.jpg?t=1773407446\" data-thumbnail=\"https:\/\/wp.1dfh.de\/wordpress\/wp-content\/gallery\/rbar-interlaken-2007\/cache\/1dfh-rba-il07-000.jpg-nggid045301-ngg0dyn-100x100x100-00f0w010c011r110f110r010t010.jpg?t=1773407446\" data-title=\"Red Bull Air Race Interlaken 2007\" data-description=\"Red Bull Air Race Interlaken 2007\">\n\t\t\t<img title=\"Red Bull Air Race Interlaken 2007\"\n\t\t\t\talt=\"Red Bull Air Race Interlaken 2007\"\n\t\t\t\tdata-image-id=\"5301\"\n\t\t\t\tsrc=\"\"\/>\n\t\t<\/a>\n\t\t\t<a href=\"https:\/\/wp.1dfh.de\/wordpress\/wp-content\/gallery\/rbar-interlaken-2007\/1dfh-rba-il07-001.jpg?t=1773407445\"\n\t\t\ttitle=\"Red Bull Air Race Interlaken 2007\"\n\t\t\t\t\t\t\t\t\t\t\t\t\t\t\t data-image-id=\"5302\" data-src=\"https:\/\/wp.1dfh.de\/wordpress\/wp-content\/gallery\/rbar-interlaken-2007\/1dfh-rba-il07-001.jpg?t=1773407445\" data-thumbnail=\"https:\/\/wp.1dfh.de\/wordpress\/wp-content\/gallery\/rbar-interlaken-2007\/cache\/1dfh-rba-il07-001.jpg-nggid045302-ngg0dyn-100x100x100-00f0w010c011r110f110r010t010.jpg?t=1773407445\" data-title=\"Red Bull Air Race Interlaken 2007\" data-description=\"Red Bull Air Race Interlaken 2007\">\n\t\t\t<img title=\"Red Bull Air Race Interlaken 2007\"\n\t\t\t\talt=\"Red Bull Air Race Interlaken 2007\"\n\t\t\t\tdata-image-id=\"5302\"\n\t\t\t\tsrc=\"\"\/>\n\t\t<\/a>\n\t\t\t<a href=\"https:\/\/wp.1dfh.de\/wordpress\/wp-content\/gallery\/rbar-interlaken-2007\/1dfh-rba-il07-002.jpg?t=1773417120\"\n\t\t\ttitle=\"Red Bull Air Race Interlaken 2007\"\n\t\t\t\t\t\t\t\t\t\t\t\t\t\t\t data-image-id=\"5303\" data-src=\"https:\/\/wp.1dfh.de\/wordpress\/wp-content\/gallery\/rbar-interlaken-2007\/1dfh-rba-il07-002.jpg?t=1773417120\" data-thumbnail=\"https:\/\/wp.1dfh.de\/wordpress\/wp-content\/gallery\/rbar-interlaken-2007\/cache\/1dfh-rba-il07-002.jpg-nggid045303-ngg0dyn-100x100x100-00f0w010c011r110f110r010t010.jpg?t=1773417120\" data-title=\"Red Bull Air Race Interlaken 2007\" data-description=\"Red Bull Air Race Interlaken 2007\">\n\t\t\t<img title=\"Red Bull Air Race Interlaken 2007\"\n\t\t\t\talt=\"Red Bull Air Race Interlaken 2007\"\n\t\t\t\tdata-image-id=\"5303\"\n\t\t\t\tsrc=\"\"\/>\n\t\t<\/a>\n\t\t\t<a href=\"https:\/\/wp.1dfh.de\/wordpress\/wp-content\/gallery\/rbar-interlaken-2007\/1dfh-rba-il07-003.jpg?t=1773417119\"\n\t\t\ttitle=\"Red Bull Air Race Interlaken 2007\"\n\t\t\t\t\t\t\t\t\t\t\t\t\t\t\t data-image-id=\"5304\" data-src=\"https:\/\/wp.1dfh.de\/wordpress\/wp-content\/gallery\/rbar-interlaken-2007\/1dfh-rba-il07-003.jpg?t=1773417119\" data-thumbnail=\"https:\/\/wp.1dfh.de\/wordpress\/wp-content\/gallery\/rbar-interlaken-2007\/cache\/1dfh-rba-il07-003.jpg-nggid045304-ngg0dyn-100x100x100-00f0w010c011r110f110r010t010.jpg?t=1773417119\" data-title=\"Red Bull Air Race Interlaken 2007\" data-description=\"Red Bull Air Race Interlaken 2007\">\n\t\t\t<img title=\"Red Bull Air Race Interlaken 2007\"\n\t\t\t\talt=\"Red Bull Air Race Interlaken 2007\"\n\t\t\t\tdata-image-id=\"5304\"\n\t\t\t\tsrc=\"\"\/>\n\t\t<\/a>\n\t\t\t<a href=\"https:\/\/wp.1dfh.de\/wordpress\/wp-content\/gallery\/rbar-interlaken-2007\/1dfh-rba-il07-004.jpg?t=1773417119\"\n\t\t\ttitle=\"Red Bull Air Race Interlaken 2007\"\n\t\t\t\t\t\t\t\t\t\t\t\t\t\t\t data-image-id=\"5305\" data-src=\"https:\/\/wp.1dfh.de\/wordpress\/wp-content\/gallery\/rbar-interlaken-2007\/1dfh-rba-il07-004.jpg?t=1773417119\" data-thumbnail=\"https:\/\/wp.1dfh.de\/wordpress\/wp-content\/gallery\/rbar-interlaken-2007\/cache\/1dfh-rba-il07-004.jpg-nggid045305-ngg0dyn-100x100x100-00f0w010c011r110f110r010t010.jpg?t=1773417119\" data-title=\"Red Bull Air Race Interlaken 2007\" data-description=\"Red Bull Air Race Interlaken 2007\">\n\t\t\t<img title=\"Red Bull Air Race Interlaken 2007\"\n\t\t\t\talt=\"Red Bull Air Race Interlaken 2007\"\n\t\t\t\tdata-image-id=\"5305\"\n\t\t\t\tsrc=\"\"\/>\n\t\t<\/a>\n\t<\/div>\n","protected":false},"excerpt":{"rendered":"<p>Nach monatelanger Planung und Vorbereitung hebt die Red Bull Air Race World Championship 2014 n\u00e4chste Woche zum siebten Mal in Abu Dhabi ab. Bei der hei\u00df erwarteten R\u00fcckkehr der schnellsten Motorsport-Serie der Welt werden 12 topfite Rennpiloten an den Start gehen. ABU DHABI (Vereinigte Arabische Emirate) \u2013 Am 28. Februar und 1. M\u00e4rz kehrt die &hellip; <a href=\"https:\/\/wp.1dfh.de\/wordpress\/red-bull-air-race-asse-erneut-in-abu-dhabi-am-start\/\" class=\"more-link\"><span class=\"screen-reader-text\">Red Bull Air Race Asse erneut in Abu Dhabi am Start<\/span> weiterlesen <span class=\"meta-nav\">&rarr;<\/span><\/a><\/p>\n","protected":false},"author":2,"featured_media":24766,"comment_status":"open","ping_status":"open","sticky":false,"template":"","format":"standard","meta":{"ngg_post_thumbnail":0,"footnotes":""},"categories":[3,11,13],"tags":[11859,12690,11252,11874,12689],"class_list":["post-24901","post","type-post","status-publish","format-standard","has-post-thumbnail","hentry","category-aktuelles","category-videos","category-wettbewerbe","tag-abu-dhabi","tag-rbar-2014","tag-red-bull-air-race","tag-red-bull-air-race-abu-dhabi","tag-red-bull-air-race-world-championship-2014"],"_links":{"self":[{"href":"https:\/\/wp.1dfh.de\/wordpress\/wp-json\/wp\/v2\/posts\/24901","targetHints":{"allow":["GET"]}}],"collection":[{"href":"https:\/\/wp.1dfh.de\/wordpress\/wp-json\/wp\/v2\/posts"}],"about":[{"href":"https:\/\/wp.1dfh.de\/wordpress\/wp-json\/wp\/v2\/types\/post"}],"author":[{"embeddable":true,"href":"https:\/\/wp.1dfh.de\/wordpress\/wp-json\/wp\/v2\/users\/2"}],"replies":[{"embeddable":true,"href":"https:\/\/wp.1dfh.de\/wordpress\/wp-json\/wp\/v2\/comments?post=24901"}],"version-history":[{"count":0,"href":"https:\/\/wp.1dfh.de\/wordpress\/wp-json\/wp\/v2\/posts\/24901\/revisions"}],"wp:featuredmedia":[{"embeddable":true,"href":"https:\/\/wp.1dfh.de\/wordpress\/wp-json\/wp\/v2\/media\/24766"}],"wp:attachment":[{"href":"https:\/\/wp.1dfh.de\/wordpress\/wp-json\/wp\/v2\/media?parent=24901"}],"wp:term":[{"taxonomy":"category","embeddable":true,"href":"https:\/\/wp.1dfh.de\/wordpress\/wp-json\/wp\/v2\/categories?post=24901"},{"taxonomy":"post_tag","embeddable":true,"href":"https:\/\/wp.1dfh.de\/wordpress\/wp-json\/wp\/v2\/tags?post=24901"}],"curies":[{"name":"wp","href":"https:\/\/api.w.org\/{rel}","templated":true}]}}