{"id":25149,"date":"2014-03-12T15:41:49","date_gmt":"2014-03-12T14:41:49","guid":{"rendered":"http:\/\/wp.1dfh.de\/wordpress\/?p=25149"},"modified":"2017-01-26T14:59:11","modified_gmt":"2017-01-26T13:59:11","slug":"daserste-frag-doch-mal-die-maus-29-03-2014","status":"publish","type":"post","link":"https:\/\/wp.1dfh.de\/wordpress\/daserste-frag-doch-mal-die-maus-29-03-2014\/","title":{"rendered":"DasErste: Frag doch mal die Maus 29.03.2014"},"content":{"rendered":"<figure id=\"attachment_25151\" aria-describedby=\"caption-attachment-25151\" style=\"width: 280px\" class=\"wp-caption alignright\"><a href=\"http:\/\/www.daserste.de\/\" target=\"_blank\"><img loading=\"lazy\" decoding=\"async\" class=\"size-full wp-image-25151 \" alt=\"DasErste\" src=\"http:\/\/wp.1dfh.de\/wordpress\/wp-content\/uploads\/daserste_logo_L_und_XL1.png\" width=\"280\" height=\"70\" srcset=\"https:\/\/wp.1dfh.de\/wordpress\/wp-content\/uploads\/daserste_logo_L_und_XL1.png 280w, https:\/\/wp.1dfh.de\/wordpress\/wp-content\/uploads\/daserste_logo_L_und_XL1-150x37.png 150w\" sizes=\"auto, (max-width: 280px) 100vw, 280px\" \/><\/a><figcaption id=\"caption-attachment-25151\" class=\"wp-caption-text\">DasErste<\/figcaption><\/figure>\n<ul>\n<li>Sa, 29.03.14 | 20:15 Uhr<\/li>\n<li>L\u00e4nge: 150 Minuten<\/li>\n<li>High Definition Stereo Videotext<\/li>\n<li>Die gro\u00dfe Familienshow<\/li>\n<li>Moderation: Eckart von Hirschhausen<\/li>\n<li>G\u00e4ste: Judith Rakers, Palina Rojinski, Tim M\u00e4lzer, Motsi Mabuse, Oliver Mommsen, Matze Knop<\/li>\n<\/ul>\n<p>Zum 20. Mal stellen sich in der gro\u00dfen Samstagabendshow f\u00fcr die ganze Familie prominente Erwachsene den witzigen und \u00fcberraschenden Fragen von Kindern. Moderator Eckart von Hirschhausen pr\u00e4sentiert \u201eFrag doch mal die Maus&#8220; mit sechs Kandidaten in zwei Rate-Teams: \u201eTagesschau&#8220;-Sprecherin Judith Rakers tritt gemeinsam mit Fernsehstar Palina Rojinski und TV-Koch Tim M\u00e4lzer an. Sie spielen gegen T\u00e4nzerin und Entertainerin Motsi Mabuse, \u201eTatort&#8220;-Kommissar Oliver Mommsen und Comedian Matze Knop.<\/p>\n<p>Ob die Kandidaten mit ihren Antworten richtig liegen, wissen die Maus-Experten Armin Maiwald, Christoph Biemann und Ralph Caspers. Sie planen ein XXXL-Experiment bei dem einfache Holzkl\u00f6tzchen die Hauptrolle spielen. Um herauszufinden, welcher selbstgemachte Kleber am besten h\u00e4lt, karren die Maus-Experten tonnenweise kleine Steine an. Im Studio bringt das Maus-Team sechs \u00dcbersetzer ins Schwitzen: Der Vorspann zur \u201eSendung mit der Maus&#8220; ist immer zweisprachig. Doch was kommt dabei heraus, wenn derselbe Satz nacheinander in sechs verschiedene Sprachen \u00fcbersetzt wird &#8211; und am Ende wieder zur\u00fcck ins Deutsche?<\/p>\n<p>Wenige Stunden vor Beginn der Sommerzeit drehen die Maus-Experten schon an der Uhr, au\u00dferdem misst sich eine Maus mit einem Elefanten und das Maus-Team testet, wie gut sich die Prominenten mit aktuellen Online-Trends auskennen. Ihren ersten gro\u00dfen Auftritt auf der Show-B\u00fchne haben die K\u00f6nnerKinder: Djamal (9) und Kerim (14) vertreiben sich die Zeit gerne mit Hockern. F\u00fcr die beiden Berliner sind die Sitzm\u00f6bel Sportger\u00e4te. Besonders schnell im Buchstaben-Blitz-Sortieren ist Saskia (11) aus L\u00fcbeck. Ein echter Modellflug-K\u00fcnstler ist Martin aus Rosendahl (Westfalen) &#8211; obwohl er erst sieben Jahre alt ist. K\u00f6nnen die prominenten Erwachsenen da mithalten? Frisches Seemannsgarn l\u00e4sst K\u00e4pt&#8217;n Blaub\u00e4r vom Stapel: Die Kandidaten sollen herausfinden, ob seine unglaubliche Geschichte \u00fcber Meerjungfrauen wahr ist oder doch vielleicht gelogen. \u201eFrag doch mal die Maus&#8220; &#8211; Die gro\u00dfen Fragen der Kinder waren am 8. April 2006 zum ersten Mal Thema in einer deutschen Samstagabendshow. Ein Jahr zuvor suchte die Maus die meist gestellte Kinderfrage, und innerhalb weniger Wochen kamen mehr als 75.000 Fragen zusammen &#8211; und auf Platz 1 landete \u201eWarum ist der Himmel blau?&#8220;. Die meist gestellten Fragen beantwortet \u201eDie Sendung mit der Maus&#8220; am Sonntagmorgen um 11.30 Uhr im Ersten und bei KiKA. Und prominente Erwachsene suchen in der unterhaltsamen Familienshow \u201eFrag doch mal die Maus&#8220; am Samstagabend im Ersten die richtigen Antworten auf Kinderfragen.<\/p>\n<p>\u201eFrag doch mal die Maus&#8220; ist eine Produktion des WDR in Zusammenarbeit mit \u201eAnsager &amp; Schnipselmann&#8220;.<\/p>\n<div class=\"ngg-related-gallery\">\n\t\t\t<a href=\"https:\/\/wp.1dfh.de\/wordpress\/wp-content\/uploads\/1dfh-huelben-31102010-0094.jpg?t=1773529933\"\n\t\t\ttitle=\"Freundschaftsfliegen Modellflug Huelben\"\n\t\t\t\t\t\t\t\t\t\t\t\t\t\t\t data-image-id=\"22918\" data-src=\"https:\/\/wp.1dfh.de\/wordpress\/wp-content\/uploads\/1dfh-huelben-31102010-0094.jpg?t=1773529933\" data-thumbnail=\"https:\/\/wp.1dfh.de\/wordpress\/wp-content\/uploads\/cache\/1dfh-huelben-31102010-0094.jpg-nggid0522918-ngg0dyn-100x100x100-00f0w010c011r110f110r010t010.jpg?t=1773529933\" data-title=\"Freundschaftsfliegen Modellflug Huelben\" data-description=\"Freundschaftsfliegen Modellflug Huelben\">\n\t\t\t<img title=\"Freundschaftsfliegen Modellflug Huelben\"\n\t\t\t\talt=\"Freundschaftsfliegen Modellflug Huelben\"\n\t\t\t\tdata-image-id=\"22918\"\n\t\t\t\tsrc=\"\"\/>\n\t\t<\/a>\n\t\t\t<a href=\"https:\/\/wp.1dfh.de\/wordpress\/wp-content\/gallery\/freundschaftsfliegen-modellflug-huelben-31-10-2010\/huelben.jpg?t=1773666300\"\n\t\t\ttitle=\"Collage\"\n\t\t\t\t\t\t\t\t\t\t\t\t\t\t\t data-image-id=\"9995\" data-src=\"https:\/\/wp.1dfh.de\/wordpress\/wp-content\/gallery\/freundschaftsfliegen-modellflug-huelben-31-10-2010\/huelben.jpg?t=1773666300\" data-thumbnail=\"https:\/\/wp.1dfh.de\/wordpress\/wp-content\/gallery\/freundschaftsfliegen-modellflug-huelben-31-10-2010\/cache\/huelben.jpg-nggid049995-ngg0dyn-100x100x100-00f0w010c011r110f110r010t010.jpg?t=1773666300\" data-title=\"Freundschaftsfliegen Modellflug Huelben\" data-description=\"Collage\">\n\t\t\t<img title=\"Freundschaftsfliegen Modellflug Huelben\"\n\t\t\t\talt=\"Freundschaftsfliegen Modellflug Huelben\"\n\t\t\t\tdata-image-id=\"9995\"\n\t\t\t\tsrc=\"\"\/>\n\t\t<\/a>\n\t\t\t<a href=\"https:\/\/wp.1dfh.de\/wordpress\/wp-content\/gallery\/flugplatzfest-mit-oldtimer-treffen-fliegergruppe-hulben-e-v-28-07-2013\/huelben.jpg?t=1773668038\"\n\t\t\ttitle=\"Flugplatzfest H\u00fclben\"\n\t\t\t\t\t\t\t\t\t\t\t\t\t\t\t data-image-id=\"29426\" data-src=\"https:\/\/wp.1dfh.de\/wordpress\/wp-content\/gallery\/flugplatzfest-mit-oldtimer-treffen-fliegergruppe-hulben-e-v-28-07-2013\/huelben.jpg?t=1773668038\" data-thumbnail=\"https:\/\/wp.1dfh.de\/wordpress\/wp-content\/gallery\/flugplatzfest-mit-oldtimer-treffen-fliegergruppe-hulben-e-v-28-07-2013\/cache\/huelben.jpg-nggid0529426-ngg0dyn-100x100x100-00f0w010c011r110f110r010t010.jpg?t=1773668038\" data-title=\"Flugplatzfest H\u00fclben\" data-description=\"Flugplatzfest H\u00fclben\">\n\t\t\t<img title=\"Flugplatzfest H\u00fclben\"\n\t\t\t\talt=\"Flugplatzfest H\u00fclben\"\n\t\t\t\tdata-image-id=\"29426\"\n\t\t\t\tsrc=\"\"\/>\n\t\t<\/a>\n\t\t\t<a href=\"https:\/\/wp.1dfh.de\/wordpress\/wp-content\/gallery\/freundschaftsfliegen-modellflug-huelben-31-10-2010\/1dfh-huelben-31102010-0000.jpg?t=1773668038\"\n\t\t\ttitle=\"Freundschaftsfliegen Modellflug Huelben\"\n\t\t\t\t\t\t\t\t\t\t\t\t\t\t\t data-image-id=\"9996\" data-src=\"https:\/\/wp.1dfh.de\/wordpress\/wp-content\/gallery\/freundschaftsfliegen-modellflug-huelben-31-10-2010\/1dfh-huelben-31102010-0000.jpg?t=1773668038\" data-thumbnail=\"https:\/\/wp.1dfh.de\/wordpress\/wp-content\/gallery\/freundschaftsfliegen-modellflug-huelben-31-10-2010\/cache\/1dfh-huelben-31102010-0000.jpg-nggid049996-ngg0dyn-100x100x100-00f0w010c011r110f110r010t010.jpg?t=1773668038\" data-title=\"Freundschaftsfliegen Modellflug Huelben\" data-description=\"Freundschaftsfliegen Modellflug Huelben\">\n\t\t\t<img title=\"Freundschaftsfliegen Modellflug Huelben\"\n\t\t\t\talt=\"Freundschaftsfliegen Modellflug Huelben\"\n\t\t\t\tdata-image-id=\"9996\"\n\t\t\t\tsrc=\"\"\/>\n\t\t<\/a>\n\t\t\t<a href=\"https:\/\/wp.1dfh.de\/wordpress\/wp-content\/gallery\/flugplatzfest-mit-oldtimer-treffen-fliegergruppe-hulben-e-v-28-07-2013\/flugplatzfest-huelben_0001.jpg?t=1773668038\"\n\t\t\ttitle=\"Flugplatzfest H\u00fclben\"\n\t\t\t\t\t\t\t\t\t\t\t\t\t\t\t data-image-id=\"29197\" data-src=\"https:\/\/wp.1dfh.de\/wordpress\/wp-content\/gallery\/flugplatzfest-mit-oldtimer-treffen-fliegergruppe-hulben-e-v-28-07-2013\/flugplatzfest-huelben_0001.jpg?t=1773668038\" data-thumbnail=\"https:\/\/wp.1dfh.de\/wordpress\/wp-content\/gallery\/flugplatzfest-mit-oldtimer-treffen-fliegergruppe-hulben-e-v-28-07-2013\/cache\/flugplatzfest-huelben_0001.jpg-nggid0529197-ngg0dyn-100x100x100-00f0w010c011r110f110r010t010.jpg?t=1773668038\" data-title=\"Flugplatzfest H\u00fclben\" data-description=\"Flugplatzfest H\u00fclben\">\n\t\t\t<img title=\"Flugplatzfest H\u00fclben\"\n\t\t\t\talt=\"Flugplatzfest H\u00fclben\"\n\t\t\t\tdata-image-id=\"29197\"\n\t\t\t\tsrc=\"\"\/>\n\t\t<\/a>\n\t\t\t<a href=\"https:\/\/wp.1dfh.de\/wordpress\/wp-content\/gallery\/freundschaftsfliegen-modellflug-huelben-31-10-2010\/1dfh-huelben-31102010-0001.jpg?t=1773668038\"\n\t\t\ttitle=\"Freundschaftsfliegen Modellflug Huelben\"\n\t\t\t\t\t\t\t\t\t\t\t\t\t\t\t data-image-id=\"9997\" data-src=\"https:\/\/wp.1dfh.de\/wordpress\/wp-content\/gallery\/freundschaftsfliegen-modellflug-huelben-31-10-2010\/1dfh-huelben-31102010-0001.jpg?t=1773668038\" data-thumbnail=\"https:\/\/wp.1dfh.de\/wordpress\/wp-content\/gallery\/freundschaftsfliegen-modellflug-huelben-31-10-2010\/cache\/1dfh-huelben-31102010-0001.jpg-nggid049997-ngg0dyn-100x100x100-00f0w010c011r110f110r010t010.jpg?t=1773668038\" data-title=\"Freundschaftsfliegen Modellflug Huelben\" data-description=\"Freundschaftsfliegen Modellflug Huelben\">\n\t\t\t<img title=\"Freundschaftsfliegen Modellflug Huelben\"\n\t\t\t\talt=\"Freundschaftsfliegen Modellflug Huelben\"\n\t\t\t\tdata-image-id=\"9997\"\n\t\t\t\tsrc=\"\"\/>\n\t\t<\/a>\n\t\t\t<a href=\"https:\/\/wp.1dfh.de\/wordpress\/wp-content\/gallery\/flugplatzfest-mit-oldtimer-treffen-fliegergruppe-hulben-e-v-28-07-2013\/flugplatzfest-huelben_0002.jpg?t=1773668038\"\n\t\t\ttitle=\"Flugplatzfest H\u00fclben\"\n\t\t\t\t\t\t\t\t\t\t\t\t\t\t\t data-image-id=\"29198\" data-src=\"https:\/\/wp.1dfh.de\/wordpress\/wp-content\/gallery\/flugplatzfest-mit-oldtimer-treffen-fliegergruppe-hulben-e-v-28-07-2013\/flugplatzfest-huelben_0002.jpg?t=1773668038\" data-thumbnail=\"https:\/\/wp.1dfh.de\/wordpress\/wp-content\/gallery\/flugplatzfest-mit-oldtimer-treffen-fliegergruppe-hulben-e-v-28-07-2013\/cache\/flugplatzfest-huelben_0002.jpg-nggid0529198-ngg0dyn-100x100x100-00f0w010c011r110f110r010t010.jpg?t=1773668038\" data-title=\"Flugplatzfest H\u00fclben\" data-description=\"Flugplatzfest H\u00fclben\">\n\t\t\t<img title=\"Flugplatzfest H\u00fclben\"\n\t\t\t\talt=\"Flugplatzfest H\u00fclben\"\n\t\t\t\tdata-image-id=\"29198\"\n\t\t\t\tsrc=\"\"\/>\n\t\t<\/a>\n\t<\/div>\n","protected":false},"excerpt":{"rendered":"<p>Sa, 29.03.14 | 20:15 Uhr L\u00e4nge: 150 Minuten High Definition Stereo Videotext Die gro\u00dfe Familienshow Moderation: Eckart von Hirschhausen G\u00e4ste: Judith Rakers, Palina Rojinski, Tim M\u00e4lzer, Motsi Mabuse, Oliver Mommsen, Matze Knop Zum 20. Mal stellen sich in der gro\u00dfen Samstagabendshow f\u00fcr die ganze Familie prominente Erwachsene den witzigen und \u00fcberraschenden Fragen von Kindern. Moderator &hellip; <a href=\"https:\/\/wp.1dfh.de\/wordpress\/daserste-frag-doch-mal-die-maus-29-03-2014\/\" class=\"more-link\"><span class=\"screen-reader-text\">DasErste: Frag doch mal die Maus 29.03.2014<\/span> weiterlesen <span class=\"meta-nav\">&rarr;<\/span><\/a><\/p>\n","protected":false},"author":2,"featured_media":25151,"comment_status":"open","ping_status":"open","sticky":false,"template":"","format":"standard","meta":{"ngg_post_thumbnail":0,"footnotes":""},"categories":[9,10],"tags":[10386,9537,9538,11218,9536],"class_list":["post-25149","post","type-post","status-publish","format-standard","has-post-thumbnail","hentry","category-termine","category-tv-sendungen","tag-daserste","tag-martin-aus-rosendahl","tag-martin-muenster","tag-modellflug","tag-modellflug-kuenstler"],"_links":{"self":[{"href":"https:\/\/wp.1dfh.de\/wordpress\/wp-json\/wp\/v2\/posts\/25149","targetHints":{"allow":["GET"]}}],"collection":[{"href":"https:\/\/wp.1dfh.de\/wordpress\/wp-json\/wp\/v2\/posts"}],"about":[{"href":"https:\/\/wp.1dfh.de\/wordpress\/wp-json\/wp\/v2\/types\/post"}],"author":[{"embeddable":true,"href":"https:\/\/wp.1dfh.de\/wordpress\/wp-json\/wp\/v2\/users\/2"}],"replies":[{"embeddable":true,"href":"https:\/\/wp.1dfh.de\/wordpress\/wp-json\/wp\/v2\/comments?post=25149"}],"version-history":[{"count":1,"href":"https:\/\/wp.1dfh.de\/wordpress\/wp-json\/wp\/v2\/posts\/25149\/revisions"}],"predecessor-version":[{"id":30821,"href":"https:\/\/wp.1dfh.de\/wordpress\/wp-json\/wp\/v2\/posts\/25149\/revisions\/30821"}],"wp:featuredmedia":[{"embeddable":true,"href":"https:\/\/wp.1dfh.de\/wordpress\/wp-json\/wp\/v2\/media\/25151"}],"wp:attachment":[{"href":"https:\/\/wp.1dfh.de\/wordpress\/wp-json\/wp\/v2\/media?parent=25149"}],"wp:term":[{"taxonomy":"category","embeddable":true,"href":"https:\/\/wp.1dfh.de\/wordpress\/wp-json\/wp\/v2\/categories?post=25149"},{"taxonomy":"post_tag","embeddable":true,"href":"https:\/\/wp.1dfh.de\/wordpress\/wp-json\/wp\/v2\/tags?post=25149"}],"curies":[{"name":"wp","href":"https:\/\/api.w.org\/{rel}","templated":true}]}}