{"id":25220,"date":"2014-03-28T09:58:39","date_gmt":"2014-03-28T08:58:39","guid":{"rendered":"http:\/\/wp.1dfh.de\/wordpress\/?p=25220"},"modified":"2014-04-02T13:19:11","modified_gmt":"2014-04-02T11:19:11","slug":"fliegerlegende-besenyei-durchquert-kanal-von-korinth","status":"publish","type":"post","link":"https:\/\/wp.1dfh.de\/wordpress\/fliegerlegende-besenyei-durchquert-kanal-von-korinth\/","title":{"rendered":"Fliegerlegende Besenyei durchquert Kanal von Korinth"},"content":{"rendered":"<p><em><strong>Peter Besenyei absolvierte heute einen faszinierenden Flug durch den ber\u00fchmten Kanal von Korinth in Griechenland. Der ungarische Pilot durchquerte die 6,4 Kilometer lange und 21,4 Meter breite Wasserstra\u00dfe und zeigte dabei eindrucksvolle Luftman\u00f6ver und atemberaubende Tricks.<\/strong><\/em><\/p>\n<p>KORINTH (Griechenland) \u2013 Peter Besenyei, Legende der L\u00fcfte und einer der begnadetsten Piloten der Welt, durchquerte heute mit seinem Flugzeug den Kanal von Korinth. Die Maschine, eine Extra 300S D-EFBY mit einem Gewicht von etwa 608 kg und \u00fcber 300 PS, hat eine Fl\u00fcgelspannweite von 8 Metern \u2013 somit fehlt nicht viel auf die 21,4 Meter, die der Kanal von Korinth an seiner schmalsten Stelle misst. Die ber\u00fchmte Wasserstra\u00dfe wurde 1893 er\u00f6ffnet und verbindet seither den Golf von Korinth mit dem Saronischen Golf in der \u00c4g\u00e4is. Nach der ersten geradlinigen Durchquerung setzte Besenyei noch eins drauf und zeigte bei seinem zweiten Flug eine Reihe wagemutiger Tricks. Danach folgte ein Man\u00f6ver, das den Ungarn erst unter der alten Br\u00fccke von Korinth hindurch f\u00fchrte und nach einem senkrechten Anstieg im steilen Sinkflug in den Kanal einfliegen lie\u00df. Den Abschluss des Flugspektakels bildeten zwei Loopings um die Br\u00fccke.<br \/>\n\u201eEin Traum ist wahrgeworden. Der Kanal von Korinth ist ein Ort von historischer Bedeutung und ich hatte ihn schon immer als Herausforderung vor Augen. Ich freue mich sehr, in Griechenland zu sein. Das war ein wirklich einzigartiges Erlebnis\u201c, so Besenyei, Gewinner der ersten Ausgabe des Red Bull Air Race und seither einer der Top-Piloten des Events.<br \/>\nDer 57-J\u00e4hrige begann seine Karriere als Testpilot f\u00fcr die Ungarische Luftfahrtbeh\u00f6rde und Kunstflug- Ausbilder. Heute z\u00e4hlt er dank seiner beispiellosen Flugerfolge zu den bekanntesten Sportlern in seinem Heimatland Ungarn. Vor einigen Jahren stand Besenyei im internationalen Rampenlicht, als er einen spektakul\u00e4ren R\u00fcckenflug unter der Budapester Kettenbr\u00fccke, die die Donau \u00fcberspannt, hindurch absolvierte.<br \/>\n<iframe loading=\"lazy\" src=\"\/\/www.youtube.com\/embed\/OG8UdfiEErY?feature=player_detailpage\" height=\"360\" width=\"640\" allowfullscreen=\"\" frameborder=\"0\"><\/iframe><\/p>\n<div class=\"ngg-related-gallery\">\n\t\t\t<a href=\"https:\/\/wp.1dfh.de\/wordpress\/wp-content\/gallery\/rba-piloten-2010\/si201003030004.jpg?t=1773823639\"\n\t\t\ttitle=\"Peter Besenyei (C) Red Bull\"\n\t\t\t\t\t\t\t\t\t\t\t\t\t\t\t data-image-id=\"4595\" data-src=\"https:\/\/wp.1dfh.de\/wordpress\/wp-content\/gallery\/rba-piloten-2010\/si201003030004.jpg?t=1773823639\" data-thumbnail=\"https:\/\/wp.1dfh.de\/wordpress\/wp-content\/gallery\/rba-piloten-2010\/cache\/si201003030004.jpg-nggid044595-ngg0dyn-100x100x100-00f0w010c011r110f110r010t010.jpg?t=1773823639\" data-title=\"si201003030004\" data-description=\"Peter Besenyei (C) Red Bull\">\n\t\t\t<img title=\"si201003030004\"\n\t\t\t\talt=\"si201003030004\"\n\t\t\t\tdata-image-id=\"4595\"\n\t\t\t\tsrc=\"\"\/>\n\t\t<\/a>\n\t\t\t<a href=\"https:\/\/wp.1dfh.de\/wordpress\/wp-content\/gallery\/rba-abu-dhabi-2010\/si201003270013.jpg?t=1773404469\"\n\t\t\ttitle=\"ABU DHABI, UNITED ARAB EMIRATES - MARCH 27: (L-R) Second placed Nigel Lamb of Great Britain, winner Paul Bonhomme of Great Britain and third placed Peter Besenyei of Hungary with their medals after the Red Bull Air Race day on March 27, 2010 in Abu Dhabi, United Arab Emirates. (Photo by Hamish Blair\/Getty Images for Red Bull Air Race) *** Local Caption *** Nigel Lamb; Paul Bonhomme; Peter Besenyei\"\n\t\t\t\t\t\t\t\t\t\t\t\t\t\t\t data-image-id=\"4693\" data-src=\"https:\/\/wp.1dfh.de\/wordpress\/wp-content\/gallery\/rba-abu-dhabi-2010\/si201003270013.jpg?t=1773404469\" data-thumbnail=\"https:\/\/wp.1dfh.de\/wordpress\/wp-content\/gallery\/rba-abu-dhabi-2010\/cache\/si201003270013.jpg-nggid044693-ngg0dyn-100x100x100-00f0w010c011r110f110r010t010.jpg?t=1773404469\" data-title=\"97755980DM010_Red_Bull_Air_\" data-description=\"ABU DHABI, UNITED ARAB EMIRATES - MARCH 27: (L-R) Second placed Nigel Lamb of Great Britain, winner Paul Bonhomme of Great Britain and third placed Peter Besenyei of Hungary with their medals after the Red Bull Air Race day on March 27, 2010 in Abu Dhabi, United Arab Emirates. (Photo by Hamish Blair\/Getty Images for Red Bull Air Race) *** Local Caption *** Nigel Lamb; Paul Bonhomme; Peter Besenyei\">\n\t\t\t<img title=\"97755980DM010_Red_Bull_Air_\"\n\t\t\t\talt=\"97755980DM010_Red_Bull_Air_\"\n\t\t\t\tdata-image-id=\"4693\"\n\t\t\t\tsrc=\"\"\/>\n\t\t<\/a>\n\t\t\t<a href=\"https:\/\/wp.1dfh.de\/wordpress\/wp-content\/gallery\/rba-abu-dhabi-2010\/si201003270016.jpg?t=1773404478\"\n\t\t\ttitle=\"Nigel Lamb of Great Britain celebrates his 2nd, Paul Bonhomme of Great Britain his 1st and Peter Besenyei of Hungary his 3rd place on the podium after the Red Bull Air Race day on March 27, 2010 in Abu Dhabi, United Arab Emirates.\"\n\t\t\t\t\t\t\t\t\t\t\t\t\t\t\t data-image-id=\"4694\" data-src=\"https:\/\/wp.1dfh.de\/wordpress\/wp-content\/gallery\/rba-abu-dhabi-2010\/si201003270016.jpg?t=1773404478\" data-thumbnail=\"https:\/\/wp.1dfh.de\/wordpress\/wp-content\/gallery\/rba-abu-dhabi-2010\/cache\/si201003270016.jpg-nggid044694-ngg0dyn-100x100x100-00f0w010c011r110f110r010t010.jpg?t=1773404478\" data-title=\"Nigel Lamb; Paul Bonhomme; Peter Besenyei - Race Day, Abu Dhabi\" data-description=\"Nigel Lamb of Great Britain celebrates his 2nd, Paul Bonhomme of Great Britain his 1st and Peter Besenyei of Hungary his 3rd place on the podium after the Red Bull Air Race day on March 27, 2010 in Abu Dhabi, United Arab Emirates.\">\n\t\t\t<img title=\"Nigel Lamb; Paul Bonhomme; Peter Besenyei - Race Day, Abu Dhabi\"\n\t\t\t\talt=\"Nigel Lamb; Paul Bonhomme; Peter Besenyei - Race Day, Abu Dhabi\"\n\t\t\t\tdata-image-id=\"4694\"\n\t\t\t\tsrc=\"\"\/>\n\t\t<\/a>\n\t\t\t<a href=\"https:\/\/wp.1dfh.de\/wordpress\/wp-content\/gallery\/rbar-interlaken-2007\/1dfh-rba-il07-014.jpg?t=1501671736\"\n\t\t\ttitle=\"Red Bull Air Race Interlaken 2007\"\n\t\t\t\t\t\t\t\t\t\t\t\t\t\t\t data-image-id=\"5315\" data-src=\"https:\/\/wp.1dfh.de\/wordpress\/wp-content\/gallery\/rbar-interlaken-2007\/1dfh-rba-il07-014.jpg?t=1501671736\" data-thumbnail=\"https:\/\/wp.1dfh.de\/wordpress\/nextgen-image\/5315\/100x100x100\/crop\/ef8767ee65b15ed5e7c2fd99ee79839b?t=1501671736\" data-title=\"Red Bull Air Race Interlaken 2007\" data-description=\"Red Bull Air Race Interlaken 2007\">\n\t\t\t<img title=\"Red Bull Air Race Interlaken 2007\"\n\t\t\t\talt=\"Red Bull Air Race Interlaken 2007\"\n\t\t\t\tdata-image-id=\"5315\"\n\t\t\t\tsrc=\"\"\/>\n\t\t<\/a>\n\t\t\t<a href=\"https:\/\/wp.1dfh.de\/wordpress\/wp-content\/gallery\/rbar-interlaken-2007\/1dfh-rba-il07-015.jpg?t=1501671736\"\n\t\t\ttitle=\"Red Bull Air Race Interlaken 2007\"\n\t\t\t\t\t\t\t\t\t\t\t\t\t\t\t data-image-id=\"5316\" data-src=\"https:\/\/wp.1dfh.de\/wordpress\/wp-content\/gallery\/rbar-interlaken-2007\/1dfh-rba-il07-015.jpg?t=1501671736\" data-thumbnail=\"https:\/\/wp.1dfh.de\/wordpress\/nextgen-image\/5316\/100x100x100\/crop\/795df610666e3ba265e45ad2f9620cec?t=1501671736\" data-title=\"Red Bull Air Race Interlaken 2007\" data-description=\"Red Bull Air Race Interlaken 2007\">\n\t\t\t<img title=\"Red Bull Air Race Interlaken 2007\"\n\t\t\t\talt=\"Red Bull Air Race Interlaken 2007\"\n\t\t\t\tdata-image-id=\"5316\"\n\t\t\t\tsrc=\"\"\/>\n\t\t<\/a>\n\t\t\t<a href=\"https:\/\/wp.1dfh.de\/wordpress\/wp-content\/gallery\/rbar-interlaken-2007\/1dfh-rba-il07-016.jpg?t=1501671738\"\n\t\t\ttitle=\"Red Bull Air Race Interlaken 2007\"\n\t\t\t\t\t\t\t\t\t\t\t\t\t\t\t data-image-id=\"5317\" data-src=\"https:\/\/wp.1dfh.de\/wordpress\/wp-content\/gallery\/rbar-interlaken-2007\/1dfh-rba-il07-016.jpg?t=1501671738\" data-thumbnail=\"https:\/\/wp.1dfh.de\/wordpress\/nextgen-image\/5317\/100x100x100\/crop\/d8e9aaf24ee2b8d27843ea50307d5d0e?t=1501671738\" data-title=\"Red Bull Air Race Interlaken 2007\" data-description=\"Red Bull Air Race Interlaken 2007\">\n\t\t\t<img title=\"Red Bull Air Race Interlaken 2007\"\n\t\t\t\talt=\"Red Bull Air Race Interlaken 2007\"\n\t\t\t\tdata-image-id=\"5317\"\n\t\t\t\tsrc=\"\"\/>\n\t\t<\/a>\n\t\t\t<a href=\"https:\/\/wp.1dfh.de\/wordpress\/wp-content\/gallery\/rbar-interlaken-2007\/1dfh-rba-il07-084.jpg?t=1501911068\"\n\t\t\ttitle=\"Red Bull Air Race Interlaken 2007\"\n\t\t\t\t\t\t\t\t\t\t\t\t\t\t\t data-image-id=\"5385\" data-src=\"https:\/\/wp.1dfh.de\/wordpress\/wp-content\/gallery\/rbar-interlaken-2007\/1dfh-rba-il07-084.jpg?t=1501911068\" data-thumbnail=\"https:\/\/wp.1dfh.de\/wordpress\/nextgen-image\/5385\/100x100x100\/crop\/ec39ea4802ba33bc207ee7344438e1f7?t=1501911068\" data-title=\"Red Bull Air Race Interlaken 2007\" data-description=\"Red Bull Air Race Interlaken 2007\">\n\t\t\t<img title=\"Red Bull Air Race Interlaken 2007\"\n\t\t\t\talt=\"Red Bull Air Race Interlaken 2007\"\n\t\t\t\tdata-image-id=\"5385\"\n\t\t\t\tsrc=\"\"\/>\n\t\t<\/a>\n\t<\/div>\n","protected":false},"excerpt":{"rendered":"<p>Peter Besenyei absolvierte heute einen faszinierenden Flug durch den ber\u00fchmten Kanal von Korinth in Griechenland. Der ungarische Pilot durchquerte die 6,4 Kilometer lange und 21,4 Meter breite Wasserstra\u00dfe und zeigte dabei eindrucksvolle Luftman\u00f6ver und atemberaubende Tricks. KORINTH (Griechenland) \u2013 Peter Besenyei, Legende der L\u00fcfte und einer der begnadetsten Piloten der Welt, durchquerte heute mit seinem &hellip; <a href=\"https:\/\/wp.1dfh.de\/wordpress\/fliegerlegende-besenyei-durchquert-kanal-von-korinth\/\" class=\"more-link\"><span class=\"screen-reader-text\">Fliegerlegende Besenyei durchquert Kanal von Korinth<\/span> weiterlesen <span class=\"meta-nav\">&rarr;<\/span><\/a><\/p>\n","protected":false},"author":2,"featured_media":0,"comment_status":"open","ping_status":"open","sticky":false,"template":"","format":"standard","meta":{"ngg_post_thumbnail":0,"footnotes":""},"categories":[11],"tags":[9566,8578,11636,1243],"class_list":["post-25220","post","type-post","status-publish","format-standard","hentry","category-videos","tag-d-efby","tag-extra-300s","tag-peter-besenyei","tag-peter-besenyei-hun"],"_links":{"self":[{"href":"https:\/\/wp.1dfh.de\/wordpress\/wp-json\/wp\/v2\/posts\/25220","targetHints":{"allow":["GET"]}}],"collection":[{"href":"https:\/\/wp.1dfh.de\/wordpress\/wp-json\/wp\/v2\/posts"}],"about":[{"href":"https:\/\/wp.1dfh.de\/wordpress\/wp-json\/wp\/v2\/types\/post"}],"author":[{"embeddable":true,"href":"https:\/\/wp.1dfh.de\/wordpress\/wp-json\/wp\/v2\/users\/2"}],"replies":[{"embeddable":true,"href":"https:\/\/wp.1dfh.de\/wordpress\/wp-json\/wp\/v2\/comments?post=25220"}],"version-history":[{"count":0,"href":"https:\/\/wp.1dfh.de\/wordpress\/wp-json\/wp\/v2\/posts\/25220\/revisions"}],"wp:attachment":[{"href":"https:\/\/wp.1dfh.de\/wordpress\/wp-json\/wp\/v2\/media?parent=25220"}],"wp:term":[{"taxonomy":"category","embeddable":true,"href":"https:\/\/wp.1dfh.de\/wordpress\/wp-json\/wp\/v2\/categories?post=25220"},{"taxonomy":"post_tag","embeddable":true,"href":"https:\/\/wp.1dfh.de\/wordpress\/wp-json\/wp\/v2\/tags?post=25220"}],"curies":[{"name":"wp","href":"https:\/\/api.w.org\/{rel}","templated":true}]}}