{"id":25358,"date":"2014-04-14T12:48:10","date_gmt":"2014-04-14T10:48:10","guid":{"rendered":"http:\/\/wp.1dfh.de\/wordpress\/?p=25358"},"modified":"2014-04-16T11:50:17","modified_gmt":"2014-04-16T09:50:17","slug":"swr-der-suedwesten-von-oben-17-04-2014","status":"publish","type":"post","link":"https:\/\/wp.1dfh.de\/wordpress\/swr-der-suedwesten-von-oben-17-04-2014\/","title":{"rendered":"SWR: Der S\u00fcdwesten von oben 17.04.2014"},"content":{"rendered":"<figure id=\"attachment_17393\" aria-describedby=\"caption-attachment-17393\" style=\"width: 90px\" class=\"wp-caption alignright\"><a href=\"http:\/\/www.swrfernsehen.de\/\" target=\"_blank\"><img loading=\"lazy\" decoding=\"async\" class=\"size-full wp-image-17393 \" alt=\"SWR\" src=\"http:\/\/wp.1dfh.de\/wordpress\/wp-content\/uploads\/index1.gif\" width=\"90\" height=\"27\" \/><\/a><figcaption id=\"caption-attachment-17393\" class=\"wp-caption-text\">SWR<\/figcaption><\/figure>\n<ul>\n<li>Der S\u00fcdwesten von oben<\/li>\n<li>Unsere Berge \/ Unsere Schl\u00f6sser \/ Unsere St\u00e4dte<\/li>\n<li>VPS:20:15:00<\/li>\n<li>Sendedauer: 130 min<\/li>\n<li>Autoren: Sebastian Lindemann, Reinhild Dettmer-Finke<\/li>\n<\/ul>\n<p><iframe loading=\"lazy\" width=\"560\" height=\"315\" src=\"\/\/www.youtube-nocookie.com\/embed\/videoseries?list=PLqcJ1tIeqh4g8syE9whMcgQWZxEnyGmUu\" frameborder=\"0\" allowfullscreen><\/iframe><\/p>\n<p>Die Menschen im S\u00fcdwesten pflegen einen weltoffenen und zugleich der Tradition zugewandten Lebensstil. Von der Saar \u00fcber den Rhein und Bodensee bis zum Schwarzwald bewohnen sie eine der landschaftlich, klimatisch und kulturell attraktivsten Regionen Deutschlands: Natursch\u00e4tze wie die Vulkanseen der Eifel, fruchtbares Land wie der sonnige Kaiserstuhl oder der ausgedehnte Pf\u00e4lzer Wald, vielf\u00e4ltige Einfl\u00fcsse von R\u00f6mern bis zur modernen Industrie f\u00fchrten zu Wohlstand und einer bunten Vielfalt an Handwerk und Kultur. Baden-W\u00fcrttemberg, Rheinland-Pfalz und das Saarland beherbergen ganz eigene Charaktere und die unterschiedlichsten Mentalit\u00e4ten. Was sie jedoch alle verbindet, ist der Sinn f\u00fcr das Gewachsene, eine ausgepr\u00e4gte Genusskultur und eine kritische Aufgeschlossenheit f\u00fcr Fragen der Zukunft.<\/p>\n<p lang=\"de-DE\" align=\"JUSTIFY\"><span style=\"font-size: small;\">Diesem Lebensgef\u00fchl sp\u00fcren die Filmemacher Reinhild Dettmer-Finke und Sebastian Lindemann in &#8222;Der S\u00fcdwesten von oben&#8220; nach. Daf\u00fcr sind sie einen Sommer lang \u00fcber Bergk\u00e4mme, malerische Altst\u00e4dte, Schloss- und Burgzinnen geflogen &#8211; um mit der Helikopter-Kamera die Gro\u00dfregion in faszinierenden Luftbildern neu zu entdecken. Vom Leben der Menschen im S\u00fcdwesten erz\u00e4hlen die Regisseure in 24 Portr\u00e4ts: Ein Feuerwerker bringt die Nacht \u00fcber Schloss Ludwigsburg zum Leuchten, eine junge Biologin erforscht die Super-Moose im Pf\u00e4lzerwald und das St\u00e4dtchen Andernach verwandelt seine Stadtbeete in \u00f6ffentliche Gem\u00fcseg\u00e4rten. In Sigmaringen kreiert eine Konditorin eine Torte f\u00fcr die Hohenzollern-F\u00fcrsten. Und aus den Tiefen des Schwarzwaldes kommt ein Exportschlager: die Kuckucksuhr, die in modernem oder im klassischen Design in die ganze Welt geliefert wird.<\/span><\/p>\n<p>Weitere Infos: <a href=\"http:\/\/www.swr.de\/dersuedwestenvonoben\/\" target=\"_blank\">http:\/\/www.swr.de\/dersuedwestenvonoben\/<\/a><\/p>\n<div class=\"ngg-related-gallery\">\n\t\t\t<a href=\"https:\/\/wp.1dfh.de\/wordpress\/wp-content\/gallery\/bluehendes-barock-ludwigsburg-13-10-2013\/bluehendes-barock1.jpg?t=1773587914\"\n\t\t\ttitle=\"Bl\u00fchendes Barock Ludwigsburg\"\n\t\t\t\t\t\t\t\t\t\t\t\t\t\t\t data-image-id=\"33454\" data-src=\"https:\/\/wp.1dfh.de\/wordpress\/wp-content\/gallery\/bluehendes-barock-ludwigsburg-13-10-2013\/bluehendes-barock1.jpg?t=1773587914\" data-thumbnail=\"https:\/\/wp.1dfh.de\/wordpress\/wp-content\/gallery\/bluehendes-barock-ludwigsburg-13-10-2013\/cache\/bluehendes-barock1.jpg-nggid0533454-ngg0dyn-100x100x100-00f0w010c011r110f110r010t010.jpg?t=1773587914\" data-title=\"Bl\u00fchendes Barock Ludwigsburg\" data-description=\"Bl\u00fchendes Barock Ludwigsburg\">\n\t\t\t<img title=\"Bl\u00fchendes Barock Ludwigsburg\"\n\t\t\t\talt=\"Bl\u00fchendes Barock Ludwigsburg\"\n\t\t\t\tdata-image-id=\"33454\"\n\t\t\t\tsrc=\"\"\/>\n\t\t<\/a>\n\t\t\t<a href=\"https:\/\/wp.1dfh.de\/wordpress\/wp-content\/gallery\/bluehendes-barock-ludwigsburg-13-10-2013\/1dfh-bluehendes-barock-lb-000.jpg?t=1773587923\"\n\t\t\ttitle=\"Bl\u00fchendes Barock Ludwigsburg\"\n\t\t\t\t\t\t\t\t\t\t\t\t\t\t\t data-image-id=\"33184\" data-src=\"https:\/\/wp.1dfh.de\/wordpress\/wp-content\/gallery\/bluehendes-barock-ludwigsburg-13-10-2013\/1dfh-bluehendes-barock-lb-000.jpg?t=1773587923\" data-thumbnail=\"https:\/\/wp.1dfh.de\/wordpress\/wp-content\/gallery\/bluehendes-barock-ludwigsburg-13-10-2013\/cache\/1dfh-bluehendes-barock-lb-000.jpg-nggid0533184-ngg0dyn-100x100x100-00f0w010c011r110f110r010t010.jpg?t=1773587923\" data-title=\"Bl\u00fchendes Barock Ludwigsburg\" data-description=\"Bl\u00fchendes Barock Ludwigsburg\">\n\t\t\t<img title=\"Bl\u00fchendes Barock Ludwigsburg\"\n\t\t\t\talt=\"Bl\u00fchendes Barock Ludwigsburg\"\n\t\t\t\tdata-image-id=\"33184\"\n\t\t\t\tsrc=\"\"\/>\n\t\t<\/a>\n\t\t\t<a href=\"https:\/\/wp.1dfh.de\/wordpress\/wp-content\/gallery\/bluehendes-barock-ludwigsburg-13-10-2013\/1dfh-bluehendes-barock-lb-001.jpg?t=1773587914\"\n\t\t\ttitle=\"Bl\u00fchendes Barock Ludwigsburg\"\n\t\t\t\t\t\t\t\t\t\t\t\t\t\t\t data-image-id=\"33185\" data-src=\"https:\/\/wp.1dfh.de\/wordpress\/wp-content\/gallery\/bluehendes-barock-ludwigsburg-13-10-2013\/1dfh-bluehendes-barock-lb-001.jpg?t=1773587914\" data-thumbnail=\"https:\/\/wp.1dfh.de\/wordpress\/wp-content\/gallery\/bluehendes-barock-ludwigsburg-13-10-2013\/cache\/1dfh-bluehendes-barock-lb-001.jpg-nggid0533185-ngg0dyn-100x100x100-00f0w010c011r110f110r010t010.jpg?t=1773587914\" data-title=\"Bl\u00fchendes Barock Ludwigsburg\" data-description=\"Bl\u00fchendes Barock Ludwigsburg\">\n\t\t\t<img title=\"Bl\u00fchendes Barock Ludwigsburg\"\n\t\t\t\talt=\"Bl\u00fchendes Barock Ludwigsburg\"\n\t\t\t\tdata-image-id=\"33185\"\n\t\t\t\tsrc=\"\"\/>\n\t\t<\/a>\n\t\t\t<a href=\"https:\/\/wp.1dfh.de\/wordpress\/wp-content\/gallery\/bluehendes-barock-ludwigsburg-13-10-2013\/1dfh-bluehendes-barock-lb-002.jpg?t=1773587914\"\n\t\t\ttitle=\"Bl\u00fchendes Barock Ludwigsburg\"\n\t\t\t\t\t\t\t\t\t\t\t\t\t\t\t data-image-id=\"33186\" data-src=\"https:\/\/wp.1dfh.de\/wordpress\/wp-content\/gallery\/bluehendes-barock-ludwigsburg-13-10-2013\/1dfh-bluehendes-barock-lb-002.jpg?t=1773587914\" data-thumbnail=\"https:\/\/wp.1dfh.de\/wordpress\/wp-content\/gallery\/bluehendes-barock-ludwigsburg-13-10-2013\/cache\/1dfh-bluehendes-barock-lb-002.jpg-nggid0533186-ngg0dyn-100x100x100-00f0w010c011r110f110r010t010.jpg?t=1773587914\" data-title=\"Bl\u00fchendes Barock Ludwigsburg\" data-description=\"Bl\u00fchendes Barock Ludwigsburg\">\n\t\t\t<img title=\"Bl\u00fchendes Barock Ludwigsburg\"\n\t\t\t\talt=\"Bl\u00fchendes Barock Ludwigsburg\"\n\t\t\t\tdata-image-id=\"33186\"\n\t\t\t\tsrc=\"\"\/>\n\t\t<\/a>\n\t\t\t<a href=\"https:\/\/wp.1dfh.de\/wordpress\/wp-content\/gallery\/bluehendes-barock-ludwigsburg-13-10-2013\/1dfh-bluehendes-barock-lb-003.jpg?t=1773587914\"\n\t\t\ttitle=\"Bl\u00fchendes Barock Ludwigsburg\"\n\t\t\t\t\t\t\t\t\t\t\t\t\t\t\t data-image-id=\"33187\" data-src=\"https:\/\/wp.1dfh.de\/wordpress\/wp-content\/gallery\/bluehendes-barock-ludwigsburg-13-10-2013\/1dfh-bluehendes-barock-lb-003.jpg?t=1773587914\" data-thumbnail=\"https:\/\/wp.1dfh.de\/wordpress\/wp-content\/gallery\/bluehendes-barock-ludwigsburg-13-10-2013\/cache\/1dfh-bluehendes-barock-lb-003.jpg-nggid0533187-ngg0dyn-100x100x100-00f0w010c011r110f110r010t010.jpg?t=1773587914\" data-title=\"Bl\u00fchendes Barock Ludwigsburg\" data-description=\"Bl\u00fchendes Barock Ludwigsburg\">\n\t\t\t<img title=\"Bl\u00fchendes Barock Ludwigsburg\"\n\t\t\t\talt=\"Bl\u00fchendes Barock Ludwigsburg\"\n\t\t\t\tdata-image-id=\"33187\"\n\t\t\t\tsrc=\"\"\/>\n\t\t<\/a>\n\t\t\t<a href=\"https:\/\/wp.1dfh.de\/wordpress\/wp-content\/gallery\/bluehendes-barock-ludwigsburg-13-10-2013\/1dfh-bluehendes-barock-lb-004.jpg?t=1773587914\"\n\t\t\ttitle=\"Bl\u00fchendes Barock Ludwigsburg\"\n\t\t\t\t\t\t\t\t\t\t\t\t\t\t\t data-image-id=\"33188\" data-src=\"https:\/\/wp.1dfh.de\/wordpress\/wp-content\/gallery\/bluehendes-barock-ludwigsburg-13-10-2013\/1dfh-bluehendes-barock-lb-004.jpg?t=1773587914\" data-thumbnail=\"https:\/\/wp.1dfh.de\/wordpress\/wp-content\/gallery\/bluehendes-barock-ludwigsburg-13-10-2013\/cache\/1dfh-bluehendes-barock-lb-004.jpg-nggid0533188-ngg0dyn-100x100x100-00f0w010c011r110f110r010t010.jpg?t=1773587914\" data-title=\"Bl\u00fchendes Barock Ludwigsburg\" data-description=\"Bl\u00fchendes Barock Ludwigsburg\">\n\t\t\t<img title=\"Bl\u00fchendes Barock Ludwigsburg\"\n\t\t\t\talt=\"Bl\u00fchendes Barock Ludwigsburg\"\n\t\t\t\tdata-image-id=\"33188\"\n\t\t\t\tsrc=\"\"\/>\n\t\t<\/a>\n\t\t\t<a href=\"https:\/\/wp.1dfh.de\/wordpress\/wp-content\/gallery\/bluehendes-barock-ludwigsburg-13-10-2013\/1dfh-bluehendes-barock-lb-005.jpg?t=1773587914\"\n\t\t\ttitle=\"Bl\u00fchendes Barock Ludwigsburg\"\n\t\t\t\t\t\t\t\t\t\t\t\t\t\t\t data-image-id=\"33189\" data-src=\"https:\/\/wp.1dfh.de\/wordpress\/wp-content\/gallery\/bluehendes-barock-ludwigsburg-13-10-2013\/1dfh-bluehendes-barock-lb-005.jpg?t=1773587914\" data-thumbnail=\"https:\/\/wp.1dfh.de\/wordpress\/wp-content\/gallery\/bluehendes-barock-ludwigsburg-13-10-2013\/cache\/1dfh-bluehendes-barock-lb-005.jpg-nggid0533189-ngg0dyn-100x100x100-00f0w010c011r110f110r010t010.jpg?t=1773587914\" data-title=\"Bl\u00fchendes Barock Ludwigsburg\" data-description=\"Bl\u00fchendes Barock Ludwigsburg\">\n\t\t\t<img title=\"Bl\u00fchendes Barock Ludwigsburg\"\n\t\t\t\talt=\"Bl\u00fchendes Barock Ludwigsburg\"\n\t\t\t\tdata-image-id=\"33189\"\n\t\t\t\tsrc=\"\"\/>\n\t\t<\/a>\n\t<\/div>\n","protected":false},"excerpt":{"rendered":"<p>Der S\u00fcdwesten von oben Unsere Berge \/ Unsere Schl\u00f6sser \/ Unsere St\u00e4dte VPS:20:15:00 Sendedauer: 130 min Autoren: Sebastian Lindemann, Reinhild Dettmer-Finke Die Menschen im S\u00fcdwesten pflegen einen weltoffenen und zugleich der Tradition zugewandten Lebensstil. Von der Saar \u00fcber den Rhein und Bodensee bis zum Schwarzwald bewohnen sie eine der landschaftlich, klimatisch und kulturell attraktivsten Regionen &hellip; <a href=\"https:\/\/wp.1dfh.de\/wordpress\/swr-der-suedwesten-von-oben-17-04-2014\/\" class=\"more-link\"><span class=\"screen-reader-text\">SWR: Der S\u00fcdwesten von oben 17.04.2014<\/span> weiterlesen <span class=\"meta-nav\">&rarr;<\/span><\/a><\/p>\n","protected":false},"author":2,"featured_media":17393,"comment_status":"open","ping_status":"open","sticky":false,"template":"","format":"standard","meta":{"ngg_post_thumbnail":0,"footnotes":""},"categories":[9,10,11],"tags":[9761,9755,12697,9762,2866],"class_list":["post-25358","post","type-post","status-publish","format-standard","has-post-thumbnail","hentry","category-termine","category-tv-sendungen","category-videos","tag-der-suedwesten-von-oben","tag-helikopter-kamera","tag-ludwigsburg","tag-sigmaringen","tag-swr"],"_links":{"self":[{"href":"https:\/\/wp.1dfh.de\/wordpress\/wp-json\/wp\/v2\/posts\/25358","targetHints":{"allow":["GET"]}}],"collection":[{"href":"https:\/\/wp.1dfh.de\/wordpress\/wp-json\/wp\/v2\/posts"}],"about":[{"href":"https:\/\/wp.1dfh.de\/wordpress\/wp-json\/wp\/v2\/types\/post"}],"author":[{"embeddable":true,"href":"https:\/\/wp.1dfh.de\/wordpress\/wp-json\/wp\/v2\/users\/2"}],"replies":[{"embeddable":true,"href":"https:\/\/wp.1dfh.de\/wordpress\/wp-json\/wp\/v2\/comments?post=25358"}],"version-history":[{"count":0,"href":"https:\/\/wp.1dfh.de\/wordpress\/wp-json\/wp\/v2\/posts\/25358\/revisions"}],"wp:featuredmedia":[{"embeddable":true,"href":"https:\/\/wp.1dfh.de\/wordpress\/wp-json\/wp\/v2\/media\/17393"}],"wp:attachment":[{"href":"https:\/\/wp.1dfh.de\/wordpress\/wp-json\/wp\/v2\/media?parent=25358"}],"wp:term":[{"taxonomy":"category","embeddable":true,"href":"https:\/\/wp.1dfh.de\/wordpress\/wp-json\/wp\/v2\/categories?post=25358"},{"taxonomy":"post_tag","embeddable":true,"href":"https:\/\/wp.1dfh.de\/wordpress\/wp-json\/wp\/v2\/tags?post=25358"}],"curies":[{"name":"wp","href":"https:\/\/api.w.org\/{rel}","templated":true}]}}