{"id":25370,"date":"2014-04-14T20:21:38","date_gmt":"2014-04-14T18:21:38","guid":{"rendered":"http:\/\/wp.1dfh.de\/wordpress\/?p=25370"},"modified":"2014-04-16T15:01:33","modified_gmt":"2014-04-16T13:01:33","slug":"fruehes-aus-fuer-matthias-dolderer-nach-pylon-hit","status":"publish","type":"post","link":"https:\/\/wp.1dfh.de\/wordpress\/fruehes-aus-fuer-matthias-dolderer-nach-pylon-hit\/","title":{"rendered":"Fr\u00fches Aus f\u00fcr Matthias Dolderer nach Pylon-Hit"},"content":{"rendered":"<p><em><strong>Nach Top Resultaten im Training und der Qualifikation fiel Matthias Dolderer den schwierigen Windbedingungen zum Opfer und schied nach einem Pylon-Hit bereits in der ersten Runde aus.<\/strong><\/em><\/p>\n<p>14. April 2014<\/p>\n<p>ngg_shortcode_0_placeholderROVINJ (Kroatien) Beim zweiten Stopp der Red Bull Air Race World Championship 2014 im kroatischen Rovinj musste sich der Deutsche Matthias Dolderer nach einem Pylon-Hit entt\u00e4uscht mit Platz neun zufriedengeben.<\/p>\n<p>\u201eHeute kam der Wind erstmals aus dem Westen. Das war f\u00fcr alle Piloten im Feld ein Problem\u201c, so Dolderer, der aus Tannheim im Allg\u00e4u stammt. \u201eSchade. Ich wusste, ich muss sauber und ohne Pylon-Hit durch den Kurs kommen, um mich f\u00fcr die Super-8-Runde zu qualifizieren. Das habe ich auch versucht, doch es hat einfach nicht geklappt. Jetzt muss ich mich halt auf das n\u00e4chste Rennen konzentrieren.\u201c<\/p>\n<p>Vor dem Rennen hatte Dolderer, der von vielen angereisten Fans aus seiner s\u00fcddeutschen Heimat angefeuert wurde, auf einen Podestplatz gehofft. Die Rennwoche hatte f\u00fcr den Tannheimer auch vielversprechend begonnen: In den Trainingssessions konnte Matthias stets mit guten Zeiten aufwarten. Das Training am Freitag beendete er sogar mit \u00fcber sechs Zehntel Vorsprung souver\u00e4n als Trainingsschnellster. Platz vier im Qualifying n\u00e4hrten diese Hoffnungen auf eine Top-Drei-Platzierung, doch gleich in seinem ersten Lauf schlitzte Dolderer mit dem Fl\u00fcgel seiner Maschine eines der mit Luft gef\u00fcllten Air-Gates auf. Der unberechenbare Wind, der zun\u00e4chst aus dem S\u00fcden und sp\u00e4ter aus dem Westen kam, machte den kniffligen Kurs in der Bucht vor Rovinj noch schwieriger. \u201eDu musst Vollgas geben, und dann war pl\u00f6tzlich der Wind da\u201c, so Dolderer. \u201eIch muss das Rennen jetzt abhaken und es beim n\u00e4chsten Mal besser machen.\u201c<\/p>\n<p><iframe loading=\"lazy\" width=\"640\" height=\"360\" src=\"\/\/www.youtube.com\/embed\/GrQmmE90c_s?feature=player_detailpage\" frameborder=\"0\" allowfullscreen><\/iframe><\/p>\nngg_shortcode_1_placeholder\nngg_shortcode_2_placeholder\n<p>Ergebnisse: 1. Hannes Arch (AUT), 2. Paul Bonhomme (GBR), 3. Yoshihide Muroya (JPN), 4. Pete McLeod (CAN), 5. Nicolas Ivanoff (FRA), 6. Martin Sonka (CZE), 7. Matt Hall (AUS), 8. Nigel Lamb (GBR), 9. Matthias Dolderer (GER), 10. Chambliss (USA), 11. Besenyei (HUN), 12. Goulian (USA) 0;<\/p>\n<p>Stand WM-Gesamtwertung: 1. Arch (AUT) 21 Punkte, 2. Bonhomme (GBR) 21, 3. McLeod (CAN) 12, 4. Muroya (JPN) 7, 5. Hall (AUS) 7, 6. Ivanoff (FRA) 5, 7. Sonka (CZE) 5, 8. Lamb (GBR) 5, 9. Matthias Dolderer (GER) 5, 10. Besenyei (HUN) 0, 11. Chambliss (USA) 0, 12. Goulian (USA) 0;<\/p>\n<div class=\"ngg-related-gallery\">\n\t\t\t<a href=\"https:\/\/wp.1dfh.de\/wordpress\/wp-content\/gallery\/rba-piloten-2010\/SI201003030014.jpg?t=1773390884\"\n\t\t\ttitle=\"Matthias Dolderer (C) Red Bull\"\n\t\t\t\t\t\t\t\t\t\t\t\t\t\t\t data-image-id=\"4582\" data-src=\"https:\/\/wp.1dfh.de\/wordpress\/wp-content\/gallery\/rba-piloten-2010\/SI201003030014.jpg?t=1773390884\" data-thumbnail=\"https:\/\/wp.1dfh.de\/wordpress\/wp-content\/gallery\/rba-piloten-2010\/cache\/SI201003030014.jpg-nggid044582-ngg0dyn-100x100x100-00f0w010c011r110f110r010t010.jpg?t=1773390884\" data-title=\"SI201003030014\" data-description=\"Matthias Dolderer (C) Red Bull\">\n\t\t\t<img title=\"SI201003030014\"\n\t\t\t\talt=\"SI201003030014\"\n\t\t\t\tdata-image-id=\"4582\"\n\t\t\t\tsrc=\"\"\/>\n\t\t<\/a>\n\t\t\t<a href=\"https:\/\/wp.1dfh.de\/wordpress\/wp-content\/gallery\/rba-abu-dhabi-2010\/si201003270013.jpg?t=1773404469\"\n\t\t\ttitle=\"ABU DHABI, UNITED ARAB EMIRATES - MARCH 27: (L-R) Second placed Nigel Lamb of Great Britain, winner Paul Bonhomme of Great Britain and third placed Peter Besenyei of Hungary with their medals after the Red Bull Air Race day on March 27, 2010 in Abu Dhabi, United Arab Emirates. (Photo by Hamish Blair\/Getty Images for Red Bull Air Race) *** Local Caption *** Nigel Lamb; Paul Bonhomme; Peter Besenyei\"\n\t\t\t\t\t\t\t\t\t\t\t\t\t\t\t data-image-id=\"4693\" data-src=\"https:\/\/wp.1dfh.de\/wordpress\/wp-content\/gallery\/rba-abu-dhabi-2010\/si201003270013.jpg?t=1773404469\" data-thumbnail=\"https:\/\/wp.1dfh.de\/wordpress\/wp-content\/gallery\/rba-abu-dhabi-2010\/cache\/si201003270013.jpg-nggid044693-ngg0dyn-100x100x100-00f0w010c011r110f110r010t010.jpg?t=1773404469\" data-title=\"97755980DM010_Red_Bull_Air_\" data-description=\"ABU DHABI, UNITED ARAB EMIRATES - MARCH 27: (L-R) Second placed Nigel Lamb of Great Britain, winner Paul Bonhomme of Great Britain and third placed Peter Besenyei of Hungary with their medals after the Red Bull Air Race day on March 27, 2010 in Abu Dhabi, United Arab Emirates. (Photo by Hamish Blair\/Getty Images for Red Bull Air Race) *** Local Caption *** Nigel Lamb; Paul Bonhomme; Peter Besenyei\">\n\t\t\t<img title=\"97755980DM010_Red_Bull_Air_\"\n\t\t\t\talt=\"97755980DM010_Red_Bull_Air_\"\n\t\t\t\tdata-image-id=\"4693\"\n\t\t\t\tsrc=\"\"\/>\n\t\t<\/a>\n\t\t\t<a href=\"https:\/\/wp.1dfh.de\/wordpress\/wp-content\/gallery\/rba-abu-dhabi-2010\/si201003270016.jpg?t=1773404478\"\n\t\t\ttitle=\"Nigel Lamb of Great Britain celebrates his 2nd, Paul Bonhomme of Great Britain his 1st and Peter Besenyei of Hungary his 3rd place on the podium after the Red Bull Air Race day on March 27, 2010 in Abu Dhabi, United Arab Emirates.\"\n\t\t\t\t\t\t\t\t\t\t\t\t\t\t\t data-image-id=\"4694\" data-src=\"https:\/\/wp.1dfh.de\/wordpress\/wp-content\/gallery\/rba-abu-dhabi-2010\/si201003270016.jpg?t=1773404478\" data-thumbnail=\"https:\/\/wp.1dfh.de\/wordpress\/wp-content\/gallery\/rba-abu-dhabi-2010\/cache\/si201003270016.jpg-nggid044694-ngg0dyn-100x100x100-00f0w010c011r110f110r010t010.jpg?t=1773404478\" data-title=\"Nigel Lamb; Paul Bonhomme; Peter Besenyei - Race Day, Abu Dhabi\" data-description=\"Nigel Lamb of Great Britain celebrates his 2nd, Paul Bonhomme of Great Britain his 1st and Peter Besenyei of Hungary his 3rd place on the podium after the Red Bull Air Race day on March 27, 2010 in Abu Dhabi, United Arab Emirates.\">\n\t\t\t<img title=\"Nigel Lamb; Paul Bonhomme; Peter Besenyei - Race Day, Abu Dhabi\"\n\t\t\t\talt=\"Nigel Lamb; Paul Bonhomme; Peter Besenyei - Race Day, Abu Dhabi\"\n\t\t\t\tdata-image-id=\"4694\"\n\t\t\t\tsrc=\"\"\/>\n\t\t<\/a>\n\t\t\t<a href=\"https:\/\/wp.1dfh.de\/wordpress\/wp-content\/gallery\/rbar-interlaken-2007\/1dfh-rba-il07-000.jpg?t=1773407446\"\n\t\t\ttitle=\"Red Bull Air Race Interlaken 2007\"\n\t\t\t\t\t\t\t\t\t\t\t\t\t\t\t data-image-id=\"5301\" data-src=\"https:\/\/wp.1dfh.de\/wordpress\/wp-content\/gallery\/rbar-interlaken-2007\/1dfh-rba-il07-000.jpg?t=1773407446\" data-thumbnail=\"https:\/\/wp.1dfh.de\/wordpress\/wp-content\/gallery\/rbar-interlaken-2007\/cache\/1dfh-rba-il07-000.jpg-nggid045301-ngg0dyn-100x100x100-00f0w010c011r110f110r010t010.jpg?t=1773407446\" data-title=\"Red Bull Air Race Interlaken 2007\" data-description=\"Red Bull Air Race Interlaken 2007\">\n\t\t\t<img title=\"Red Bull Air Race Interlaken 2007\"\n\t\t\t\talt=\"Red Bull Air Race Interlaken 2007\"\n\t\t\t\tdata-image-id=\"5301\"\n\t\t\t\tsrc=\"\"\/>\n\t\t<\/a>\n\t\t\t<a href=\"https:\/\/wp.1dfh.de\/wordpress\/wp-content\/gallery\/rbar-interlaken-2007\/1dfh-rba-il07-001.jpg?t=1773407445\"\n\t\t\ttitle=\"Red Bull Air Race Interlaken 2007\"\n\t\t\t\t\t\t\t\t\t\t\t\t\t\t\t data-image-id=\"5302\" data-src=\"https:\/\/wp.1dfh.de\/wordpress\/wp-content\/gallery\/rbar-interlaken-2007\/1dfh-rba-il07-001.jpg?t=1773407445\" data-thumbnail=\"https:\/\/wp.1dfh.de\/wordpress\/wp-content\/gallery\/rbar-interlaken-2007\/cache\/1dfh-rba-il07-001.jpg-nggid045302-ngg0dyn-100x100x100-00f0w010c011r110f110r010t010.jpg?t=1773407445\" data-title=\"Red Bull Air Race Interlaken 2007\" data-description=\"Red Bull Air Race Interlaken 2007\">\n\t\t\t<img title=\"Red Bull Air Race Interlaken 2007\"\n\t\t\t\talt=\"Red Bull Air Race Interlaken 2007\"\n\t\t\t\tdata-image-id=\"5302\"\n\t\t\t\tsrc=\"\"\/>\n\t\t<\/a>\n\t\t\t<a href=\"https:\/\/wp.1dfh.de\/wordpress\/wp-content\/gallery\/rbar-interlaken-2007\/1dfh-rba-il07-002.jpg?t=1773417120\"\n\t\t\ttitle=\"Red Bull Air Race Interlaken 2007\"\n\t\t\t\t\t\t\t\t\t\t\t\t\t\t\t data-image-id=\"5303\" data-src=\"https:\/\/wp.1dfh.de\/wordpress\/wp-content\/gallery\/rbar-interlaken-2007\/1dfh-rba-il07-002.jpg?t=1773417120\" data-thumbnail=\"https:\/\/wp.1dfh.de\/wordpress\/wp-content\/gallery\/rbar-interlaken-2007\/cache\/1dfh-rba-il07-002.jpg-nggid045303-ngg0dyn-100x100x100-00f0w010c011r110f110r010t010.jpg?t=1773417120\" data-title=\"Red Bull Air Race Interlaken 2007\" data-description=\"Red Bull Air Race Interlaken 2007\">\n\t\t\t<img title=\"Red Bull Air Race Interlaken 2007\"\n\t\t\t\talt=\"Red Bull Air Race Interlaken 2007\"\n\t\t\t\tdata-image-id=\"5303\"\n\t\t\t\tsrc=\"\"\/>\n\t\t<\/a>\n\t\t\t<a href=\"https:\/\/wp.1dfh.de\/wordpress\/wp-content\/gallery\/rbar-interlaken-2007\/1dfh-rba-il07-003.jpg?t=1773417119\"\n\t\t\ttitle=\"Red Bull Air Race Interlaken 2007\"\n\t\t\t\t\t\t\t\t\t\t\t\t\t\t\t data-image-id=\"5304\" data-src=\"https:\/\/wp.1dfh.de\/wordpress\/wp-content\/gallery\/rbar-interlaken-2007\/1dfh-rba-il07-003.jpg?t=1773417119\" data-thumbnail=\"https:\/\/wp.1dfh.de\/wordpress\/wp-content\/gallery\/rbar-interlaken-2007\/cache\/1dfh-rba-il07-003.jpg-nggid045304-ngg0dyn-100x100x100-00f0w010c011r110f110r010t010.jpg?t=1773417119\" data-title=\"Red Bull Air Race Interlaken 2007\" data-description=\"Red Bull Air Race Interlaken 2007\">\n\t\t\t<img title=\"Red Bull Air Race Interlaken 2007\"\n\t\t\t\talt=\"Red Bull Air Race Interlaken 2007\"\n\t\t\t\tdata-image-id=\"5304\"\n\t\t\t\tsrc=\"\"\/>\n\t\t<\/a>\n\t<\/div>\n","protected":false},"excerpt":{"rendered":"<p>Nach Top Resultaten im Training und der Qualifikation fiel Matthias Dolderer den schwierigen Windbedingungen zum Opfer und schied nach einem Pylon-Hit bereits in der ersten Runde aus. 14. April 2014 ROVINJ (Kroatien) Beim zweiten Stopp der Red Bull Air Race World Championship 2014 im kroatischen Rovinj musste sich der Deutsche Matthias Dolderer nach einem Pylon-Hit &hellip; <a href=\"https:\/\/wp.1dfh.de\/wordpress\/fruehes-aus-fuer-matthias-dolderer-nach-pylon-hit\/\" class=\"more-link\"><span class=\"screen-reader-text\">Fr\u00fches Aus f\u00fcr Matthias Dolderer nach Pylon-Hit<\/span> weiterlesen <span class=\"meta-nav\">&rarr;<\/span><\/a><\/p>\n","protected":false},"author":2,"featured_media":0,"comment_status":"open","ping_status":"open","sticky":false,"template":"","format":"standard","meta":{"ngg_post_thumbnail":0,"footnotes":""},"categories":[18,2030,11,13],"tags":[11206,12690,11252,12700,9546,11858,12689,12714],"class_list":["post-25370","post","type-post","status-publish","format-standard","hentry","category-flugveranstaltungen","category-teilnehmer","category-videos","category-wettbewerbe","tag-matthias-dolderer","tag-rbar-2014","tag-red-bull-air-race","tag-red-bull-air-race-2014","tag-red-bull-air-race-2014-kroatien","tag-red-bull-air-race-world-championship","tag-red-bull-air-race-world-championship-2014","tag-rovinj"],"_links":{"self":[{"href":"https:\/\/wp.1dfh.de\/wordpress\/wp-json\/wp\/v2\/posts\/25370","targetHints":{"allow":["GET"]}}],"collection":[{"href":"https:\/\/wp.1dfh.de\/wordpress\/wp-json\/wp\/v2\/posts"}],"about":[{"href":"https:\/\/wp.1dfh.de\/wordpress\/wp-json\/wp\/v2\/types\/post"}],"author":[{"embeddable":true,"href":"https:\/\/wp.1dfh.de\/wordpress\/wp-json\/wp\/v2\/users\/2"}],"replies":[{"embeddable":true,"href":"https:\/\/wp.1dfh.de\/wordpress\/wp-json\/wp\/v2\/comments?post=25370"}],"version-history":[{"count":0,"href":"https:\/\/wp.1dfh.de\/wordpress\/wp-json\/wp\/v2\/posts\/25370\/revisions"}],"wp:attachment":[{"href":"https:\/\/wp.1dfh.de\/wordpress\/wp-json\/wp\/v2\/media?parent=25370"}],"wp:term":[{"taxonomy":"category","embeddable":true,"href":"https:\/\/wp.1dfh.de\/wordpress\/wp-json\/wp\/v2\/categories?post=25370"},{"taxonomy":"post_tag","embeddable":true,"href":"https:\/\/wp.1dfh.de\/wordpress\/wp-json\/wp\/v2\/tags?post=25370"}],"curies":[{"name":"wp","href":"https:\/\/api.w.org\/{rel}","templated":true}]}}