{"id":25959,"date":"2014-08-30T20:00:43","date_gmt":"2014-08-30T18:00:43","guid":{"rendered":"http:\/\/wp.1dfh.de\/wordpress\/?p=25959"},"modified":"2015-04-28T13:45:40","modified_gmt":"2015-04-28T11:45:40","slug":"flugplatzfest-luftsportverein-degerfeld-30-08-31-08-2014","status":"publish","type":"post","link":"https:\/\/wp.1dfh.de\/wordpress\/flugplatzfest-luftsportverein-degerfeld-30-08-31-08-2014\/","title":{"rendered":"Flugplatzfest Luftsportverein Degerfeld 30.08. &#8211; 31.08.2014"},"content":{"rendered":"<p>Programmbeginn: Samstag ab 13 Uhr \/ Sonntag: ab 10 Uhr Fr\u00fchschoppen<\/p>\n<figure id=\"attachment_26148\" aria-describedby=\"caption-attachment-26148\" style=\"width: 679px\" class=\"wp-caption alignnone\"><a href=\"http:\/\/www.lsv-degerfeld.de\" target=\"_blank\"><img loading=\"lazy\" decoding=\"async\" class=\"wp-image-26148 size-full\" src=\"http:\/\/wp.1dfh.de\/wordpress\/wp-content\/uploads\/10501964_933400900010791_2595913635000167182_n1.jpg\" alt=\"Flugplatzfest Degerfeld 2014\" width=\"679\" height=\"960\" srcset=\"https:\/\/wp.1dfh.de\/wordpress\/wp-content\/uploads\/10501964_933400900010791_2595913635000167182_n1.jpg 679w, https:\/\/wp.1dfh.de\/wordpress\/wp-content\/uploads\/10501964_933400900010791_2595913635000167182_n1-212x300.jpg 212w\" sizes=\"auto, (max-width: 679px) 100vw, 679px\" \/><\/a><figcaption id=\"caption-attachment-26148\" class=\"wp-caption-text\">Flugplatzfest Degerfeld 2014<\/figcaption><\/figure>\n<p class=\"size-full wp-image-9302\" title=\"Luftsportverein Degerfeld e.V. \"><span style=\"color: #000000; font-size: small;\"><strong><span style=\"font-family: Arial,Helvetica,Geneva,Sans-serif;\"><br \/>\n<\/span><\/strong><\/span><\/p>\n<div id=\"id_53d35ed7d2c032a18218859\" class=\"text_exposed_root text_exposed\">\n<ul>\n<li>Lo 100 <a href=\"http:\/\/wp.1dfh.de\/wordpress\/kunstflugteam-franken\/\">Kunstflugteam-Franken<\/a><\/li>\n<li>Jakowlew Jak-3 Gerhard Bum\u00fcller<\/li>\n<li>Extra 330 SC Gerhard Bum\u00fcller<\/li>\n<li><span class=\"text_exposed_show\"> Mustang P-51 D &#8222;Louisiana Kid&#8220; Wilhelm Heinz<\/span><\/li>\n<li><span class=\"text_exposed_show\"> Curtiss P-40 Warhawk <a href=\"http:\/\/wp.1dfh.de\/wordpress\/marc-mathis\/\">Marc Mathis<\/a><\/span><\/li>\n<li><span class=\"text_exposed_show\"> T6 SuperSix <a href=\"http:\/\/wp.1dfh.de\/wordpress\/dietmar-eger\/\">Dietmar Eger<\/a><\/span><\/li>\n<li><span class=\"text_exposed_show\"> T6 SuperSix Guido Voss<\/span><\/li>\n<li><span class=\"text_exposed_show\"> Polikarpov I-16 &#8222;Rata&#8220; Dietmar Eger<\/span><\/li>\n<li><span class=\"text_exposed_show\"> Grob G120TP <a href=\"http:\/\/wp.1dfh.de\/wordpress\/uli-schell\/\">Uli Schell<\/a><\/span><\/li>\n<li><span class=\"text_exposed_show\"> AV 36<\/span><\/li>\n<li><span class=\"text_exposed_show\"> Extra 300 Wilhelm Heinz<\/span><\/li>\n<li><span class=\"text_exposed_show\"> Klemm 25 Edgar M\u00fcller<\/span><\/li>\n<li><span class=\"text_exposed_show\"> Twin Beach Carlo Ferrari<\/span><\/li>\n<li><span class=\"text_exposed_show\"> Bech Bonanza 1947 Olaf Ronsdorf<\/span><\/li>\n<li><span class=\"text_exposed_show\"> B\u00fccker 131 J\u00fcrgen H\u00fcfner<\/span><\/li>\n<li><span class=\"text_exposed_show\"> B\u00fccker 131 Martin Kr\u00e4mer<\/span><\/li>\n<li><span class=\"text_exposed_show\"> B\u00fccker 133 J\u00fcrgen H\u00fcfner<\/span><\/li>\n<li><span class=\"text_exposed_show\"> ASK 21 LSV Degerfeld<\/span><\/li>\n<li><span class=\"text_exposed_show\"> Fallschirmspringer <a href=\"http:\/\/wp.1dfh.de\/wordpress\/furstenberg-fallschirm-team\/\">F\u00fcrstenberg Fallschirm-Team<\/a><\/span><\/li>\n<li><span class=\"text_exposed_show\"> B\u00fccker Formation<\/span><\/li>\n<li><span class=\"text_exposed_show\"> Segelflugzeug DG 800<\/span><\/li>\n<li><span class=\"text_exposed_show\"> Piper PA-34 Seneca<\/span><\/li>\n<li><span class=\"text_exposed_show\"> Motorgleitschirm Tschai Ralf Bauer<\/span><\/li>\n<li><span class=\"text_exposed_show\"> PC 12<\/span><\/li>\n<\/ul>\n<p><span class=\"text_exposed_show\"> Rundfl\u00fcge:<br \/>\n<\/span><\/p>\n<ul>\n<li><span class=\"text_exposed_show\"> Antonov AN2, gr\u00f6\u00dfter Doppeldecker der Welt<\/span><\/li>\n<li><span class=\"text_exposed_show\"> Motorflugzeugen<\/span><\/li>\n<li><span class=\"text_exposed_show\"> Hubschrauber<\/span><\/li>\n<\/ul>\n<p><a title=\"Flugplatzfest Luftsportverein Degerfeld 30.08. \u2013 31.08.2014\" href=\"http:\/\/wp.1dfh.de\/wordpress\/fotoalben\/2014-2\/flugplatzfest-luftsportverein-degerfeld-30-08-31-08-2014\/\"><img decoding=\"async\" class=\"ngg-singlepic ngg-right\" src=\"http:\/\/wp.1dfh.de\/wordpress\/wp-content\/gallery\/flugplatzfest-luftsportverein-degerfeld-30-08-31-08-2014\/1-degerfeld1.jpg\" alt=\"Flugplatzfest Luftsportverein Degerfeld 2014\" \/><\/a><\/p>\nngg_shortcode_0_placeholder\n<\/div>\n<div class=\"text_exposed_root text_exposed\"><\/div>\n<p>[gmap]<\/p>\n<div class=\"ngg-related-gallery\">\n\t\t\t<a href=\"https:\/\/wp.1dfh.de\/wordpress\/wp-content\/gallery\/flugplatzfest-degerfeld-2009\/1dfh-degerfeld-290809-057.jpg\"\n\t\t\ttitle=\" \"\n\t\t\t\t\t\t\t\t\t\t\t\t\t\t\t data-image-id=\"2454\" data-src=\"https:\/\/wp.1dfh.de\/wordpress\/wp-content\/gallery\/flugplatzfest-degerfeld-2009\/1dfh-degerfeld-290809-057.jpg\" data-thumbnail=\"https:\/\/wp.1dfh.de\/wordpress\/nextgen-image\/2454\/100x100x100\/crop\/e2c711c61838f502c89c085a7d64c0d9\" data-title=\"1dfh-degerfeld-290809-057\" data-description=\" \">\n\t\t\t<img title=\"1dfh-degerfeld-290809-057\"\n\t\t\t\talt=\"1dfh-degerfeld-290809-057\"\n\t\t\t\tdata-image-id=\"2454\"\n\t\t\t\tsrc=\"\"\/>\n\t\t<\/a>\n\t\t\t<a href=\"https:\/\/wp.1dfh.de\/wordpress\/wp-content\/gallery\/flugplatzfest-degerfeld-2009\/1dfh-degerfeld-290809-058.jpg\"\n\t\t\ttitle=\" \"\n\t\t\t\t\t\t\t\t\t\t\t\t\t\t\t data-image-id=\"2455\" data-src=\"https:\/\/wp.1dfh.de\/wordpress\/wp-content\/gallery\/flugplatzfest-degerfeld-2009\/1dfh-degerfeld-290809-058.jpg\" data-thumbnail=\"https:\/\/wp.1dfh.de\/wordpress\/nextgen-image\/2455\/100x100x100\/crop\/dfcdc7734cbdff138de5a384bf77d7f5\" data-title=\"1dfh-degerfeld-290809-058\" data-description=\" \">\n\t\t\t<img title=\"1dfh-degerfeld-290809-058\"\n\t\t\t\talt=\"1dfh-degerfeld-290809-058\"\n\t\t\t\tdata-image-id=\"2455\"\n\t\t\t\tsrc=\"\"\/>\n\t\t<\/a>\n\t\t\t<a href=\"https:\/\/wp.1dfh.de\/wordpress\/wp-content\/gallery\/flugplatzfest-degerfeld-2009\/1dfh-degerfeld-290809-059.jpg\"\n\t\t\ttitle=\" \"\n\t\t\t\t\t\t\t\t\t\t\t\t\t\t\t data-image-id=\"2456\" data-src=\"https:\/\/wp.1dfh.de\/wordpress\/wp-content\/gallery\/flugplatzfest-degerfeld-2009\/1dfh-degerfeld-290809-059.jpg\" data-thumbnail=\"https:\/\/wp.1dfh.de\/wordpress\/nextgen-image\/2456\/100x100x100\/crop\/e1b48b064c4edcb35640fc949fe18374\" data-title=\"1dfh-degerfeld-290809-059\" data-description=\" \">\n\t\t\t<img title=\"1dfh-degerfeld-290809-059\"\n\t\t\t\talt=\"1dfh-degerfeld-290809-059\"\n\t\t\t\tdata-image-id=\"2456\"\n\t\t\t\tsrc=\"\"\/>\n\t\t<\/a>\n\t\t\t<a href=\"https:\/\/wp.1dfh.de\/wordpress\/wp-content\/gallery\/kehl09\/1dfh-kehl09_0025.JPG?t=1770667318\"\n\t\t\ttitle=\" \"\n\t\t\t\t\t\t\t\t\t\t\t\t\t\t\t data-image-id=\"731\" data-src=\"https:\/\/wp.1dfh.de\/wordpress\/wp-content\/gallery\/kehl09\/1dfh-kehl09_0025.JPG?t=1770667318\" data-thumbnail=\"https:\/\/wp.1dfh.de\/wordpress\/wp-content\/gallery\/kehl09\/cache\/1dfh-kehl09_0025.JPG-nggid03731-ngg0dyn-100x100x100-00f0w010c011r110f110r010t010.JPG?t=1770667318\" data-title=\"1dfh-kehl09_0025\" data-description=\" \">\n\t\t\t<img title=\"1dfh-kehl09_0025\"\n\t\t\t\talt=\"1dfh-kehl09_0025\"\n\t\t\t\tdata-image-id=\"731\"\n\t\t\t\tsrc=\"\"\/>\n\t\t<\/a>\n\t\t\t<a href=\"https:\/\/wp.1dfh.de\/wordpress\/wp-content\/gallery\/donzdorf\/1dfh-donzdorf07_0027.JPG?t=1773358650\"\n\t\t\ttitle=\" \"\n\t\t\t\t\t\t\t\t\t\t\t\t\t\t\t data-image-id=\"978\" data-src=\"https:\/\/wp.1dfh.de\/wordpress\/wp-content\/gallery\/donzdorf\/1dfh-donzdorf07_0027.JPG?t=1773358650\" data-thumbnail=\"https:\/\/wp.1dfh.de\/wordpress\/wp-content\/gallery\/donzdorf\/cache\/1dfh-donzdorf07_0027.JPG-nggid03978-ngg0dyn-100x100x100-00f0w010c011r110f110r010t010.JPG?t=1773358650\" data-title=\"1dfh-donzdorf07_0027\" data-description=\" \">\n\t\t\t<img title=\"1dfh-donzdorf07_0027\"\n\t\t\t\talt=\"1dfh-donzdorf07_0027\"\n\t\t\t\tdata-image-id=\"978\"\n\t\t\t\tsrc=\"\"\/>\n\t\t<\/a>\n\t\t\t<a href=\"https:\/\/wp.1dfh.de\/wordpress\/wp-content\/gallery\/donzdorf\/1dfh-donzdorf07_0028.JPG?t=1773358650\"\n\t\t\ttitle=\" \"\n\t\t\t\t\t\t\t\t\t\t\t\t\t\t\t data-image-id=\"979\" data-src=\"https:\/\/wp.1dfh.de\/wordpress\/wp-content\/gallery\/donzdorf\/1dfh-donzdorf07_0028.JPG?t=1773358650\" data-thumbnail=\"https:\/\/wp.1dfh.de\/wordpress\/wp-content\/gallery\/donzdorf\/cache\/1dfh-donzdorf07_0028.JPG-nggid03979-ngg0dyn-100x100x100-00f0w010c011r110f110r010t010.JPG?t=1773358650\" data-title=\"1dfh-donzdorf07_0028\" data-description=\" \">\n\t\t\t<img title=\"1dfh-donzdorf07_0028\"\n\t\t\t\talt=\"1dfh-donzdorf07_0028\"\n\t\t\t\tdata-image-id=\"979\"\n\t\t\t\tsrc=\"\"\/>\n\t\t<\/a>\n\t\t\t<a href=\"https:\/\/wp.1dfh.de\/wordpress\/wp-content\/gallery\/donzdorf\/1dfh-donzdorf07_0029.JPG?t=1773358650\"\n\t\t\ttitle=\" \"\n\t\t\t\t\t\t\t\t\t\t\t\t\t\t\t data-image-id=\"980\" data-src=\"https:\/\/wp.1dfh.de\/wordpress\/wp-content\/gallery\/donzdorf\/1dfh-donzdorf07_0029.JPG?t=1773358650\" data-thumbnail=\"https:\/\/wp.1dfh.de\/wordpress\/wp-content\/gallery\/donzdorf\/cache\/1dfh-donzdorf07_0029.JPG-nggid03980-ngg0dyn-100x100x100-00f0w010c011r110f110r010t010.JPG?t=1773358650\" data-title=\"1dfh-donzdorf07_0029\" data-description=\" \">\n\t\t\t<img title=\"1dfh-donzdorf07_0029\"\n\t\t\t\talt=\"1dfh-donzdorf07_0029\"\n\t\t\t\tdata-image-id=\"980\"\n\t\t\t\tsrc=\"\"\/>\n\t\t<\/a>\n\t<\/div>\n","protected":false},"excerpt":{"rendered":"<p>Programmbeginn: Samstag ab 13 Uhr \/ Sonntag: ab 10 Uhr Fr\u00fchschoppen Lo 100 Kunstflugteam-Franken Jakowlew Jak-3 Gerhard Bum\u00fcller Extra 330 SC Gerhard Bum\u00fcller Mustang P-51 D &#8222;Louisiana Kid&#8220; Wilhelm Heinz Curtiss P-40 Warhawk Marc Mathis T6 SuperSix Dietmar Eger T6 SuperSix Guido Voss Polikarpov I-16 &#8222;Rata&#8220; Dietmar Eger Grob G120TP Uli Schell AV 36 Extra &hellip; <a href=\"https:\/\/wp.1dfh.de\/wordpress\/flugplatzfest-luftsportverein-degerfeld-30-08-31-08-2014\/\" class=\"more-link\"><span class=\"screen-reader-text\">Flugplatzfest Luftsportverein Degerfeld 30.08. &#8211; 31.08.2014<\/span> weiterlesen <span class=\"meta-nav\">&rarr;<\/span><\/a><\/p>\n","protected":false},"author":2,"featured_media":26148,"comment_status":"open","ping_status":"open","sticky":false,"template":"","format":"standard","meta":{"ngg_post_thumbnail":0,"footnotes":""},"categories":[18,6,9,11],"tags":[9986,11398,720,680,9985,1497,9989,9995,112,12763,9992,12125,9983,872,11137,11328,11147,968,12312,9934,12206,11496,9978,11321,9988,287,11197,11202,12640,12762,11205,11466,3876,8237,12641,12583,11337,3849,7015,9987,9933,7720,9993,12124,11583,12600,12141,9776,12353,11855,9994,9998,9981,12142,9984,11371,12761,12604,11365,9942],"class_list":["post-25959","post","type-post","status-publish","format-standard","has-post-thumbnail","hentry","category-flugveranstaltungen","category-fotos","category-termine","category-videos","tag-9986","tag-antonov-an2","tag-ask-21","tag-av-36","tag-bech-bonanza","tag-bucker-131","tag-buecker-133","tag-buecker-formation","tag-carlo-ferrari","tag-curtiss-p-40","tag-dg-800","tag-dietmar-eger","tag-edgar-mueller","tag-extra-330-sc","tag-extra-300","tag-fallschirmspringer","tag-flugplatzfest","tag-furstenberg-fallschirm-team","tag-g-120tp","tag-gerhard-bumueller","tag-grob-aircraft","tag-guido-voss","tag-jak-3","tag-jakowlew","tag-juergen-huefner","tag-klemm-25","tag-kunstflugteam-franken","tag-lo-100","tag-louisiana-kid","tag-lsv-degerfeld","tag-luftsportverein-degerfeld-e-v","tag-marc-mathis","tag-martin-kramer","tag-motorgleitschirm","tag-mustang-p-51-d","tag-mustang-p51","tag-north-american","tag-north-american-p-51d-mustang-2","tag-north-american-t6","tag-olaf-ronsdorf","tag-p-40-warhawk","tag-pc-12","tag-piper-pa-34","tag-piper-seneca","tag-polikarpov-i-16","tag-polikarpow-i-16","tag-ralf-bauer","tag-rata","tag-rata-i-16","tag-segelflugzeug","tag-seneca","tag-super-six","tag-t6-supersix","tag-tschai","tag-twin-beach","tag-uli-schell","tag-warhawk","tag-wilhelm-heinz","tag-yak-3","tag-yakovlev"],"_links":{"self":[{"href":"https:\/\/wp.1dfh.de\/wordpress\/wp-json\/wp\/v2\/posts\/25959","targetHints":{"allow":["GET"]}}],"collection":[{"href":"https:\/\/wp.1dfh.de\/wordpress\/wp-json\/wp\/v2\/posts"}],"about":[{"href":"https:\/\/wp.1dfh.de\/wordpress\/wp-json\/wp\/v2\/types\/post"}],"author":[{"embeddable":true,"href":"https:\/\/wp.1dfh.de\/wordpress\/wp-json\/wp\/v2\/users\/2"}],"replies":[{"embeddable":true,"href":"https:\/\/wp.1dfh.de\/wordpress\/wp-json\/wp\/v2\/comments?post=25959"}],"version-history":[{"count":0,"href":"https:\/\/wp.1dfh.de\/wordpress\/wp-json\/wp\/v2\/posts\/25959\/revisions"}],"wp:featuredmedia":[{"embeddable":true,"href":"https:\/\/wp.1dfh.de\/wordpress\/wp-json\/wp\/v2\/media\/26148"}],"wp:attachment":[{"href":"https:\/\/wp.1dfh.de\/wordpress\/wp-json\/wp\/v2\/media?parent=25959"}],"wp:term":[{"taxonomy":"category","embeddable":true,"href":"https:\/\/wp.1dfh.de\/wordpress\/wp-json\/wp\/v2\/categories?post=25959"},{"taxonomy":"post_tag","embeddable":true,"href":"https:\/\/wp.1dfh.de\/wordpress\/wp-json\/wp\/v2\/tags?post=25959"}],"curies":[{"name":"wp","href":"https:\/\/api.w.org\/{rel}","templated":true}]}}